{"id":90286,"date":"2025-10-21T00:31:31","date_gmt":"2025-10-20T22:31:31","guid":{"rendered":"https:\/\/www.infokuryr.cz\/n\/?p=90286"},"modified":"2025-10-20T18:42:12","modified_gmt":"2025-10-20T16:42:12","slug":"americka-hrozba-klimatickemu-diktatu-saudska-arabie-rusi-globalni-dan-z-co2-v-prepravnich-sluzbach","status":"publish","type":"post","link":"https:\/\/www.infokuryr.cz\/n\/2025\/10\/21\/americka-hrozba-klimatickemu-diktatu-saudska-arabie-rusi-globalni-dan-z-co2-v-prepravnich-sluzbach\/","title":{"rendered":"Americk\u00e1 hrozba klimatick\u00e9mu dikt\u00e1tu: Sa\u00fadsk\u00e1 Ar\u00e1bie ru\u0161\u00ed glob\u00e1ln\u00ed da\u0148 z CO2 v p\u0159epravn\u00edch slu\u017eb\u00e1ch"},"content":{"rendered":"<div id=\"fb-root\"><\/div>\n<p><strong><span dir=\"auto\">Alespo\u0148 prozat\u00edm byl odlo\u017een pl\u00e1n na zaveden\u00ed glob\u00e1ln\u00ed dan\u011b z CO2 pro mezin\u00e1rodn\u00ed lodn\u00ed dopravu. Sta\u010dila k tomu hrozba Washingtonu a n\u00e1vrh Sa\u00fadsk\u00e9 Ar\u00e1bie. Klimatick\u00e9 \u0161\u00edlenstv\u00ed dosahuje sv\u00fdch limit\u016f. A co EU? Ta se op\u011bt ztr\u00e1c\u00ed na spr\u00e1vn\u00e9 cest\u011b a sna\u017e\u00ed se sama sabotovat.<\/span><\/strong><\/p>\n<p><span dir=\"auto\">Mezin\u00e1rodn\u00ed n\u00e1mo\u0159n\u00ed organizace (IMO), agentura p\u0159idru\u017een\u00e1 k OSN se s\u00eddlem v Lond\u00fdn\u011b, 17. \u0159\u00edjna ti\u0161e pl\u00e1novala zav\u00e9st glob\u00e1ln\u00ed da\u0148 z CO2 v lodn\u00ed doprav\u011b \u2013 dal\u0161\u00ed krok k mezin\u00e1rodn\u00edmu prosazov\u00e1n\u00ed energetiky, obchodu a dopravy. N\u00e1vrh Sa\u00fadsk\u00e9 Ar\u00e1bie na odlo\u017een\u00ed hlasov\u00e1n\u00ed o rok v\u0161ak byl\u00a0<\/span><a href=\"https:\/\/www.theepochtimes.com\/world\/un-body-votes-to-postpone-decision-on-global-carbon-tax-amid-us-opposition-5931464?\"><span dir=\"auto\">schv\u00e1len<\/span><\/a><span dir=\"auto\"> pom\u011brem hlas\u016f 57 ku 49. To znamen\u00e1, \u017ee v\u011bt\u0161ina \u010dlensk\u00fdch st\u00e1t\u016f IMO d\u00e1v\u00e1 tomuto klimaticky \u0161\u00edlen\u00e9mu opat\u0159en\u00ed \u010dervenou kartu. To znamen\u00e1, \u017ee glob\u00e1ln\u00ed pl\u00e1n na zaveden\u00ed klimatick\u00e9ho mand\u00e1tu v glob\u00e1ln\u00ed n\u00e1mo\u0159n\u00ed doprav\u011b je prozat\u00edm blokov\u00e1n.<\/span><\/p>\n<p><span dir=\"auto\">Pl\u00e1ny IMO byly ambici\u00f3zn\u00ed: Od roku 2027 by v\u0161echny obchodn\u00ed lod\u011b s hrubou prostornost\u00ed nad 5 000 tun podl\u00e9haly \u201eglob\u00e1ln\u00edmu syst\u00e9mu palivov\u00fdch norem\u201c. To v podstat\u011b znamen\u00e1 glob\u00e1ln\u00ed klimatickou da\u0148 z lodn\u00edho paliva spolu s p\u0159\u00edsn\u00fdmi emisn\u00edmi limity. Krok, kter\u00fd by v\u00fdrazn\u011b zv\u00fd\u0161il n\u00e1klady na p\u0159epravu zbo\u017e\u00ed po mo\u0159i.<\/span><\/p>\n<p><span dir=\"auto\">Americk\u00fd prezident Donald Trump p\u0159edem jasn\u011b uvedl, \u017ee se Spojen\u00e9 st\u00e1ty na projektu \u201e\u017e\u00e1dn\u00fdm zp\u016fsobem\u201c nebudou pod\u00edlet. Ve sv\u00e9m prohl\u00e1\u0161en\u00ed na Truth Social ozna\u010dil n\u00e1vrh za \u201eglob\u00e1ln\u00ed uhl\u00edkovou da\u0148 s c\u00edlem okr\u00e1st n\u00e1rody\u201c a varoval p\u0159ed \u201ezelen\u00fdm n\u00e1jezdem na ob\u010dany\u201c. Americk\u00e1 vl\u00e1da se k n\u011bmu p\u0159idala: ministr zahrani\u010d\u00ed Marco Rubio, ministr energetiky Chris Wright a ministr dopravy Sean Duffy vydali spole\u010dn\u00e9 prohl\u00e1\u0161en\u00ed, v n\u011bm\u017e ozn\u00e1mili, \u017ee podniknou kroky proti ka\u017ed\u00e9mu n\u00e1rodu, kter\u00fd takovou klimatickou da\u0148 podpo\u0159\u00ed. To zahrnuje mo\u017en\u00e9 uzav\u0159en\u00ed p\u0159\u00edstav\u016f pro lod\u011b pluj\u00edc\u00ed pod vlajkami zem\u00ed prosazuj\u00edc\u00edch projekt IMO, v\u00edzov\u00e1 omezen\u00ed pro n\u00e1mo\u0159n\u00edky a ekonomick\u00e9 sankce.<\/span><\/p>\n<p><span dir=\"auto\">Glob\u00e1ln\u00ed obchodn\u00ed trasy jsou \u017eivotod\u00e1rnou silou glob\u00e1ln\u00ed ekonomiky. V\u00edce ne\u017e 90 procent mezin\u00e1rodn\u00edho obchodu se zbo\u017e\u00edm prob\u00edh\u00e1 po mo\u0159i. Uhl\u00edkov\u00e1 da\u0148 z t\u011bchto z\u00e1silek by se rovnala glob\u00e1ln\u00ed dani z p\u0159idan\u00e9 hodnoty z obchodu \u2013 spravovan\u00e9 a vyb\u00edran\u00e9 mezin\u00e1rodn\u00edmi regula\u010dn\u00edmi org\u00e1ny. P\u0159esn\u011b to se nyn\u00ed ned\u011bje \u2013 a to je skute\u010dn\u00fd d\u016fvod, pro\u010d stoupenci klimatick\u00e9ho n\u00e1bo\u017eenstv\u00ed reaguj\u00ed nerv\u00f3zn\u011b. Hlasov\u00e1n\u00ed, kter\u00e9 globalistick\u00e9 s\u00edly pova\u017eovaly za pouhou formalitu, dramaticky selhalo. Najednou u\u017e \u201ez\u00e1chrana klimatu\u201c nen\u00ed posv\u00e1tn\u00e1. St\u00e1ty najednou ukazuj\u00ed, \u017ee se ji\u017e nenechaj\u00ed zastra\u0161it.<\/span><\/p>\n<p><span dir=\"auto\">V z\u00e1kulis\u00ed se \u0159\u00edk\u00e1, \u017ee n\u011bkolik velk\u00fdch rozv\u00edjej\u00edc\u00edch se ekonomik, jako je Indie, Braz\u00edlie a Indon\u00e9sie, ml\u010dky podpo\u0159ilo sa\u00fadsk\u00fd n\u00e1vrh. Ofici\u00e1ln\u011b se hlasov\u00e1n\u00ed zdr\u017eely. Ve skute\u010dnosti si nep\u0159ej\u00ed uhl\u00edkovou sankci, kter\u00e1 by brzdila jejich ekonomick\u00fd rozvoj. Vzpoura glob\u00e1ln\u00edho Jihu.<\/span><\/p>\n<p><span dir=\"auto\">Cel\u00fd projekt je dal\u0161\u00edm d\u00edlkem mozaiky v imp\u00e9riu kontroly klimatu: Po certifik\u00e1tech CO2, syst\u00e9mech obchodov\u00e1n\u00ed s emisemi, klimatick\u00fdch po\u017eadavc\u00edch na banky a syst\u00e9mech hodnocen\u00ed ESG m\u011bla b\u00fdt nyn\u00ed vytvo\u0159ena dal\u0161\u00ed glob\u00e1ln\u00ed p\u00e1ka pro regulaci st\u00e1t\u016f a spole\u010dnost\u00ed. Ne\u00fasp\u011bch tohoto \u00fasil\u00ed vys\u00edl\u00e1 sign\u00e1l: s\u00edla klimatick\u00e9ho narativu nen\u00ed nekone\u010dn\u00e1. Jakmile dojde na konkr\u00e9tn\u00ed ot\u00e1zky plateb, obchodu a geopolitick\u00fdch z\u00e1jm\u016f, mor\u00e1ln\u00ed r\u00e9torika se hrout\u00ed.<\/span><\/p>\n<p><span dir=\"auto\">Z Bruselu byl ohl\u00e1\u0161en odpor. A\u010dkoli se p\u0159edsedkyn\u011b Evropsk\u00e9 komise Ursula von der Leyenov\u00e1 k ud\u00e1lostem p\u0159\u00edmo nevyj\u00e1d\u0159ila, podle\u00a0<\/span><a href=\"https:\/\/www.euractiv.com\/news\/shipping-clash-von-der-leyens-risky-nein-to-trump\/\"><span dir=\"auto\">zpr\u00e1vy Euractivu<\/span><\/a><span dir=\"auto\">\u00a0osobn\u011b podpo\u0159ila tvrd\u00fd postoj EU v\u016f\u010di Washingtonu. Ihned pot\u00e9, co USA pohrozily blok\u00e1dou p\u0159\u00edstav\u016f a \u200b\u200buvalen\u00edm v\u00edzov\u00fdch pokut, EU deklarovala sv\u016fj z\u00e1vazek ke klimatick\u00e9mu pl\u00e1nu IMO. Jin\u00fdmi slovy: proto\u017ee sv\u011bt nelze ovl\u00e1dat, je p\u0159inejmen\u0161\u00edm Evropa \u0161krtena. A ka\u017ed\u00fd Evropan, kter\u00fd nad\u00e1le vol\u00ed klimaticky \u0161\u00edlen\u00e9 strany od levice po tzv. st\u0159ed (od socialist\u016f a Zelen\u00fdch a\u017e po liber\u00e1ly a pseudokonzervativce CDU\/CSU a \u00d6VP), podporuje pr\u00e1v\u011b tuto sebedestruktivn\u00ed politiku.<\/span><\/p>\n<p><img decoding=\"async\" loading=\"lazy\" class=\"alignnone size-full wp-image-1185\" src=\"http:\/\/www.infokuryr.cz\/n\/wp-content\/uploads\/2021\/04\/kuryr-podpis.png\" alt=\"\" width=\"84\" height=\"24\" \/><\/p>\n<p>&nbsp;<\/p>\n","protected":false},"excerpt":{"rendered":"<p>Alespo\u0148 prozat\u00edm byl odlo\u017een pl\u00e1n na zaveden\u00ed glob\u00e1ln\u00ed dan\u011b z CO2 pro mezin\u00e1rodn\u00ed lodn\u00ed dopravu&#8230;.<\/p>\n","protected":false},"author":2,"featured_media":90287,"comment_status":"closed","ping_status":"closed","sticky":false,"template":"","format":"standard","meta":[],"categories":[7],"tags":[2692,936,873,1012],"_links":{"self":[{"href":"https:\/\/www.infokuryr.cz\/n\/wp-json\/wp\/v2\/posts\/90286"}],"collection":[{"href":"https:\/\/www.infokuryr.cz\/n\/wp-json\/wp\/v2\/posts"}],"about":[{"href":"https:\/\/www.infokuryr.cz\/n\/wp-json\/wp\/v2\/types\/post"}],"author":[{"embeddable":true,"href":"https:\/\/www.infokuryr.cz\/n\/wp-json\/wp\/v2\/users\/2"}],"replies":[{"embeddable":true,"href":"https:\/\/www.infokuryr.cz\/n\/wp-json\/wp\/v2\/comments?post=90286"}],"version-history":[{"count":0,"href":"https:\/\/www.infokuryr.cz\/n\/wp-json\/wp\/v2\/posts\/90286\/revisions"}],"wp:featuredmedia":[{"embeddable":true,"href":"https:\/\/www.infokuryr.cz\/n\/wp-json\/wp\/v2\/media\/90287"}],"wp:attachment":[{"href":"https:\/\/www.infokuryr.cz\/n\/wp-json\/wp\/v2\/media?parent=90286"}],"wp:term":[{"taxonomy":"category","embeddable":true,"href":"https:\/\/www.infokuryr.cz\/n\/wp-json\/wp\/v2\/categories?post=90286"},{"taxonomy":"post_tag","embeddable":true,"href":"https:\/\/www.infokuryr.cz\/n\/wp-json\/wp\/v2\/tags?post=90286"}],"curies":[{"name":"wp","href":"https:\/\/api.w.org\/{rel}","templated":true}]}}