{"id":90282,"date":"2025-10-21T00:30:27","date_gmt":"2025-10-20T22:30:27","guid":{"rendered":"https:\/\/www.infokuryr.cz\/n\/?p=90282"},"modified":"2025-10-20T18:36:35","modified_gmt":"2025-10-20T16:36:35","slug":"stale-skandal-i-po-7-letech-byvala-afghanska-aktivistka-z-hnuti-zelena-chtela-aby-nemecko-bylo-vyhlazeno-z-rukou","status":"publish","type":"post","link":"https:\/\/www.infokuryr.cz\/n\/2025\/10\/21\/stale-skandal-i-po-7-letech-byvala-afghanska-aktivistka-z-hnuti-zelena-chtela-aby-nemecko-bylo-vyhlazeno-z-rukou\/","title":{"rendered":"St\u00e1le skand\u00e1l i po 7 letech: B\u00fdval\u00e1 afgh\u00e1nsk\u00e1 aktivistka z hnut\u00ed Zelen\u00e1 cht\u011bla, aby N\u011bmecko bylo vyhlazeno z rukou"},"content":{"rendered":"<div id=\"fb-root\"><\/div>\n<p><strong><span dir=\"auto\">My\u0161len\u00ed Zelen\u00fdch a levice je \u010dasto ciz\u00ed m\u00edrumilovn\u00fdm, pracovit\u00fdm a z\u00e1kony dodr\u017euj\u00edc\u00edm lidem. Proto se na soci\u00e1ln\u00edch s\u00edt\u00edch i po sedmi letech st\u00e1le \u0161\u00ed\u0159\u00ed nen\u00e1vistn\u00e9 tir\u00e1dy b\u00fdval\u00e9 mlad\u00e9 zelen\u00e9 politi\u010dky. Ze v\u0161ech lid\u00ed pr\u00e1v\u011b afgh\u00e1nsk\u00e1 \u017eena, kter\u00e1 ve sv\u00e9 vlasti nem\u011bla \u017e\u00e1dn\u00e1 pr\u00e1va, pop\u00edrala pr\u00e1vo N\u011bmecka na existenci. P\u0159\u00e1la si, aby byla zem\u011b b\u011bhem druh\u00e9 sv\u011btov\u00e9 v\u00e1lky kompletn\u011b bombardov\u00e1na. \u010clenkou Zelen\u00fdch u\u017e dlouho nen\u00ed \u2013 ale nad\u00e1le se aktivn\u011b anga\u017euje v n\u011bmeck\u00e9 politice vysoko\u0161kolsk\u00e9ho vzd\u011bl\u00e1v\u00e1n\u00ed.<\/span><\/strong><\/p>\n<p><span dir=\"auto\">V Afgh\u00e1nist\u00e1nu, za teroristick\u00e9ho re\u017eimu Talibanu, d\u00edvk\u00e1m nen\u00ed dovoleno nav\u0161t\u011bvovat st\u0159edn\u00ed \u0161koly ani univerzity. M\u00edsto afgh\u00e1nsk\u00fdch \u017een bez pr\u00e1v je za tlust\u00fdmi l\u00e1tkami; jako duchov\u00e9 se mus\u00ed pl\u00ed\u017eit \u017eivotem pod p\u0159\u00edsnou str\u00e1\u017e\u00ed. Ze v\u0161ech lid\u00ed pr\u00e1v\u011b \u201euprchlick\u00e9 d\u00edt\u011b\u201c z t\u00e9to zem\u011b vyj\u00e1d\u0159ilo svou nen\u00e1vist k N\u011bmecku \u2013 obzvl\u00e1\u0161t\u011b odporn\u00fdm zp\u016fsobem. N\u00e1sleduj\u00edc\u00ed cit\u00e1t poch\u00e1z\u00ed od pan\u00ed Miene Waziri, jej\u00ed\u017e rodi\u010de uprchli do N\u011bmecka u\u017e d\u00e1vno.<\/span><\/p>\n<figure class=\"wp-block-image size-full\"><img decoding=\"async\" loading=\"lazy\" class=\"wp-image-155795 aligncenter\" src=\"https:\/\/report24.news\/wp-content\/uploads\/2025\/10\/image-7.png\" sizes=\"(max-width: 700px) 100vw, 700px\" srcset=\"https:\/\/report24.news\/wp-content\/uploads\/2025\/10\/image-7.png 700w, https:\/\/report24.news\/wp-content\/uploads\/2025\/10\/image-7-600x426.png 600w\" alt=\"\" width=\"585\" height=\"415\" \/><\/figure>\n<p><span dir=\"auto\">29. prosince 2018 \u2013 b\u011bhem kontemplativn\u00edho v\u00e1no\u010dn\u00edho obdob\u00ed pro k\u0159es\u0165any, ze v\u0161ech dob \u2013 prohl\u00e1sila:\u00a0<\/span><em><span dir=\"auto\">\u201eP\u0159\u00e1la bych si, aby bylo N\u011bmecko za druh\u00e9 sv\u011btov\u00e9 v\u00e1lky kompletn\u011b bombardov\u00e1no. Tato zem\u011b nem\u00e1 pr\u00e1vo na existenci. Ka\u017ed\u00fd rasistick\u00fd evropsk\u00fd n\u00e1rodn\u00ed st\u00e1t je o jednoho p\u0159\u00edli\u0161 mnoho.\u201c<\/span><\/em><span dir=\"auto\">\u00a0Zat\u00edmco v N\u011bmecku je ka\u017ed\u00fd ne\u0161kodn\u00fd d\u016fchodce ta\u017een p\u0159ed soud za podn\u011bcov\u00e1n\u00ed, jej\u00ed pozn\u00e1mka nem\u011bla \u017e\u00e1dn\u00e9 n\u00e1sledky.<\/span><\/p>\n<p><span dir=\"auto\">Waziri byla prokazateln\u011b aktivn\u00ed politi\u010dkou Zelen\u00fdch v\u00a0<\/span><a href=\"https:\/\/x.com\/GJSH\/status\/508577815399518208\" target=\"_blank\" rel=\"noreferrer noopener\"><span dir=\"auto\">letech 2014<\/span><\/a><span dir=\"auto\"> a\u017e 2016. P\u016fsobila jako zemsk\u00e1 mluv\u010d\u00ed Zelen\u00e9 ml\u00e1de\u017ee ve \u0160lesvicku-Hol\u0161t\u00fdnsku a naposledy jako n\u00e1hradn\u00ed deleg\u00e1tka Zelen\u00e9 ml\u00e1de\u017ee v Rad\u011b Evropsk\u00e9 strany zelen\u00fdch. \u00dadajn\u011b pot\u00e9 stranu opustila \u2013 jej\u00ed nen\u00e1vistn\u00fd p\u0159\u00edsp\u011bvek poch\u00e1z\u00ed z doby, kdy ji\u017e stranu opustila. I to je d\u016fle\u017eit\u00e9, proto\u017ee mnoho lid\u00ed \u0161\u00ed\u0159\u00ed tato prohl\u00e1\u0161en\u00ed, jako by poch\u00e1zela od aktivn\u00edho zelen\u00e9ho politika. To nen\u00ed pravda, i kdy\u017e se p\u0159edpokl\u00e1d\u00e1, \u017ee mnoho Zelen\u00fdch zast\u00e1v\u00e1 podobn\u00fd sv\u011bton\u00e1zor, schvaluje takov\u00e1 prohl\u00e1\u0161en\u00ed a ze v\u0161ech sil pracuje proti N\u011bmecku a jeho domorod\u00e9mu obyvatelstvu.<\/span><\/p>\n<p><span dir=\"auto\">Podle jej\u00edho z\u00e1znamu v XINGu studuje Waziri dev\u011bt let (!) historii na Univerzit\u011b Johanna Gutenberga v Mohu\u010di. N\u011bkolik let se aktivn\u011b anga\u017eovala v univerzitn\u00ed politice. Obzvl\u00e1\u0161t\u011b pikantn\u00ed je to, \u017ee na webov\u00fdch str\u00e1nk\u00e1ch univerzitn\u00edho v\u00fdboru JGU pro Komisi pro vy\u0161et\u0159ov\u00e1n\u00ed podez\u0159en\u00ed z v\u011bdeck\u00e9ho pochyben\u00ed je Miene Waziri\u00a0<\/span><a href=\"https:\/\/research.uni-mainz.de\/commission-for-reasearching-suspected-scientific-misconduct\/\" target=\"_blank\" rel=\"noreferrer noopener\"><span dir=\"auto\">uvedena jako z\u00e1stupkyn\u011b \u010dlena<\/span><\/a><span dir=\"auto\">\u00a0.<\/span><\/p>\n<p><span dir=\"auto\">N\u011bmecko nejen\u017ee p\u0159iv\u00edtalo rodi\u010de pan\u00ed Waziri s blahosklonnou \u00factou; od roku 2004 si mohli naj\u00edt pr\u00e1ci jako provozovatel\u00e9 \u010derpac\u00edch stanic a pravd\u011bpodobn\u011b si vyd\u011bl\u00e1vat na \u017eivobyt\u00ed. Jak\u00a0<\/span><a href=\"https:\/\/philosophia-perennis.com\/2019\/01\/04\/gruenen-politikerin-miene-waziri-wuenscht-vollstaendige-zerbombung-deutschlands\/\" target=\"_blank\" rel=\"noreferrer noopener\"><span dir=\"auto\">rozs\u00e1hle zkoumala<\/span><\/a><span dir=\"auto\">\u00a0Philosophia Perennis , neexistuje \u017e\u00e1dn\u00e1 zdokumentovan\u00e1 historie n\u00e1sil\u00ed nebo diskriminace \u2013 pr\u00e1v\u011b naopak. Rodina byla p\u0159ijata s otev\u0159enou n\u00e1ru\u010d\u00ed jako pracovit\u00ed migranti. Lze p\u0159edpokl\u00e1dat, \u017ee n\u011bme\u010dt\u00ed da\u0148ov\u00ed poplatn\u00edci \u0161t\u011bd\u0159e podporuj\u00ed univerzitn\u00ed studium pan\u00ed Waziri.<\/span><\/p>\n<p><span dir=\"auto\">Vd\u011b\u010dnost se \u017een\u011b zd\u00e1la ciz\u00ed, kdy\u017e zve\u0159ejnila sv\u016fj nen\u00e1vistn\u00fd vzkaz online. Mo\u017en\u00e1 se v ml\u00e1d\u00ed dostala do sp\u00e1r\u016f Strany zelen\u00fdch. Fale\u0161n\u00ed p\u0159\u00e1tel\u00e9, \u0161patn\u00e1 cesta, sebenen\u00e1vist, nen\u00e1vist ke v\u0161emu. To je zn\u00e1m\u00e1 cesta z t\u00e9to sekty podobn\u00e9 organizace. Pot\u00e9, co jej\u00ed fantazie o zni\u010den\u00ed N\u011bmecka nedo\u0161ly moc dobr\u00e9ho ohlasu, je smazala \u2013 ale ne bez zve\u0159ejn\u011bn\u00ed dal\u0161\u00edho, zlomysln\u00e9ho vzkazu:<\/span><\/p>\n<figure class=\"wp-block-image size-full\"><img decoding=\"async\" loading=\"lazy\" class=\"wp-image-155796 aligncenter\" src=\"https:\/\/report24.news\/wp-content\/uploads\/2025\/10\/image-8.png\" sizes=\"(max-width: 820px) 100vw, 820px\" srcset=\"https:\/\/report24.news\/wp-content\/uploads\/2025\/10\/image-8.png 820w, https:\/\/report24.news\/wp-content\/uploads\/2025\/10\/image-8-768x586.png 768w, https:\/\/report24.news\/wp-content\/uploads\/2025\/10\/image-8-600x458.png 600w\" alt=\"\" width=\"548\" height=\"419\" \/><\/figure>\n<p><span dir=\"auto\">P\u0159\u00edpad Waziri ukazuje, jak moc se N\u011bmecko p\u0159ed lety opustilo. Od imigrant\u016f se neo\u010dek\u00e1v\u00e1 ani integrace, ani dobr\u00e9 chov\u00e1n\u00ed. Ve Spojen\u00fdch st\u00e1tech by takov\u00e9 prohl\u00e1\u0161en\u00ed vedlo ke ztr\u00e1t\u011b pr\u00e1va na pobyt \u2013 a to nejen za Donalda Trumpa. Letenky by se za Obamy nebo Bidena vyd\u00e1valy rychle.<\/span><\/p>\n<p><span dir=\"auto\">Je to ale tak\u00e9 uk\u00e1zkov\u00fd p\u0159\u00edklad toho, jak m\u016f\u017ee podn\u011bcov\u00e1n\u00ed a radikalizace v levicov\u00e9m prost\u0159ed\u00ed ovlivnit mlad\u00e9 lidi. Co kdyby n\u011bmeck\u00fd \u0161kolsk\u00fd syst\u00e9m nebyl tak \u00fapln\u011b levicov\u00fd? Co kdyby Waziri m\u011bla konzervativn\u00ed a spravedliv\u00e9 u\u010ditele \u2013 a podp\u016frnou s\u00ed\u0165 p\u0159\u00e1tel, kte\u0159\u00ed j\u00ed pomohli naj\u00edt slu\u0161n\u00e9 m\u00edsto v \u017eivot\u011b, zalo\u017een\u00e9 na produktivn\u00ed pr\u00e1ci, respektu a uzn\u00e1n\u00ed? To bylo mlad\u00e9 afgh\u00e1nsk\u00e9 \u017een\u011b odep\u0159eno \u2013 proto\u017ee je to odep\u0159eno cel\u00e9mu N\u011bmecku.<\/span><\/p>\n<p><span dir=\"auto\">Obzvl\u00e1\u0161t\u011b \u0161kodliv\u00fd na tom je nedostatek sebereflexe, co\u017e je z\u0159ejm\u011b standardn\u00ed rys levi\u010d\u00e1k\u016f. Vzhledem k jej\u00ed zemi p\u016fvodu, Afgh\u00e1nist\u00e1nu, by mlad\u00e1 \u017eena m\u011bla neust\u00e1le chv\u00e1lit a vychvalovat N\u011bmecko za jeho pohostinnost a rozmanit\u00e9 p\u0159\u00edle\u017eitosti. Co by j\u00ed Afgh\u00e1nci ud\u011blali, kdyby byla kv\u016fli sv\u00e9 nen\u00e1visti deportov\u00e1na? Je t\u011b\u017ek\u00e9 si to p\u0159edstavit.<\/span><\/p>\n<p><span dir=\"auto\">A je t\u0159eba zv\u00e1\u017eit je\u0161t\u011b jeden aspekt: \u200b\u200bMo\u017en\u00e1 je mnoho mal\u00fdch d\u011bt\u00ed migrant\u016f brut\u00e1ln\u011b zneu\u017e\u00edv\u00e1no, proto\u017ee jsou bez domova a zcela chyceny mezi dv\u011bma stoli\u010dkami. U\u017e nepat\u0159\u00ed ke sv\u00e9 p\u016fvodn\u00ed kultu\u0159e \u2013 ale tak\u00e9 nepat\u0159\u00ed ke kultu\u0159e v N\u011bmecku, kter\u00e1, na\u0159\u00edzen\u00e1 shora, nesm\u00ed ani existovat. P\u0159esto mlad\u00ed lid\u00e9 neust\u00e1le hledaj\u00ed spojen\u00ed a sv\u00e9 m\u00edsto v tomto sv\u011bt\u011b. Ve spole\u010dnosti, kter\u00e1 nev\u00ed, co je, co chce a co m\u00e1 pr\u00e1vo po\u017eadovat od nov\u011b p\u0159\u00edchoz\u00edch, jsou mlad\u00ed lid\u00e9, jako je pan\u00ed Waziri, drceni. M\u011blo by to takto pokra\u010dovat nav\u017edy, nebo m\u016f\u017eeme sn\u00edt o dob\u011b, kdy budou instituce op\u011bt zbaveny levicov\u00e9 korupce a budou slou\u017eit blahu v\u0161ech lid\u00ed?<\/span><\/p>\n<p><img decoding=\"async\" loading=\"lazy\" class=\"alignnone size-full wp-image-1185\" src=\"http:\/\/www.infokuryr.cz\/n\/wp-content\/uploads\/2021\/04\/kuryr-podpis.png\" alt=\"\" width=\"84\" height=\"24\" \/><\/p>\n<p>&nbsp;<\/p>\n","protected":false},"excerpt":{"rendered":"<p>My\u0161len\u00ed Zelen\u00fdch a levice je \u010dasto ciz\u00ed m\u00edrumilovn\u00fdm, pracovit\u00fdm a z\u00e1kony dodr\u017euj\u00edc\u00edm lidem. Proto se&#8230;<\/p>\n","protected":false},"author":2,"featured_media":90283,"comment_status":"closed","ping_status":"closed","sticky":false,"template":"","format":"standard","meta":[],"categories":[7],"tags":[8856,84,9937],"_links":{"self":[{"href":"https:\/\/www.infokuryr.cz\/n\/wp-json\/wp\/v2\/posts\/90282"}],"collection":[{"href":"https:\/\/www.infokuryr.cz\/n\/wp-json\/wp\/v2\/posts"}],"about":[{"href":"https:\/\/www.infokuryr.cz\/n\/wp-json\/wp\/v2\/types\/post"}],"author":[{"embeddable":true,"href":"https:\/\/www.infokuryr.cz\/n\/wp-json\/wp\/v2\/users\/2"}],"replies":[{"embeddable":true,"href":"https:\/\/www.infokuryr.cz\/n\/wp-json\/wp\/v2\/comments?post=90282"}],"version-history":[{"count":0,"href":"https:\/\/www.infokuryr.cz\/n\/wp-json\/wp\/v2\/posts\/90282\/revisions"}],"wp:featuredmedia":[{"embeddable":true,"href":"https:\/\/www.infokuryr.cz\/n\/wp-json\/wp\/v2\/media\/90283"}],"wp:attachment":[{"href":"https:\/\/www.infokuryr.cz\/n\/wp-json\/wp\/v2\/media?parent=90282"}],"wp:term":[{"taxonomy":"category","embeddable":true,"href":"https:\/\/www.infokuryr.cz\/n\/wp-json\/wp\/v2\/categories?post=90282"},{"taxonomy":"post_tag","embeddable":true,"href":"https:\/\/www.infokuryr.cz\/n\/wp-json\/wp\/v2\/tags?post=90282"}],"curies":[{"name":"wp","href":"https:\/\/api.w.org\/{rel}","templated":true}]}}