{"id":90278,"date":"2025-10-21T00:27:37","date_gmt":"2025-10-20T22:27:37","guid":{"rendered":"https:\/\/www.infokuryr.cz\/n\/?p=90278"},"modified":"2025-10-20T18:27:29","modified_gmt":"2025-10-20T16:27:29","slug":"krysi-mor-v-berline-mesto-bagatelizuje-vlastni-zanedbavani","status":"publish","type":"post","link":"https:\/\/www.infokuryr.cz\/n\/2025\/10\/21\/krysi-mor-v-berline-mesto-bagatelizuje-vlastni-zanedbavani\/","title":{"rendered":"Krys\u00ed mor v Berl\u00edn\u011b: M\u011bsto bagatelizuje vlastn\u00ed zanedb\u00e1v\u00e1n\u00ed"},"content":{"rendered":"<div id=\"fb-root\"><\/div>\n<p><strong><span dir=\"auto\">I kdy\u017e pro n\u011bkter\u00e9 mohou b\u00fdt dom\u00e1c\u00ed krysy rozko\u0161n\u00fdmi mazl\u00ed\u010dky, velikost t\u011bchto zv\u00ed\u0159at, kter\u00e1 p\u0159itahuj\u00ed odpadky a zanedb\u00e1v\u00e1n\u00ed ve m\u011bstech a mno\u017e\u00ed se ve velk\u00e9m mno\u017estv\u00ed, rozhodn\u011b nevyb\u00edz\u00ed k mazlen\u00ed. Berl\u00edn se nyn\u00ed nicm\u00e9n\u011b sna\u017e\u00ed zakr\u00fdt krys\u00ed mor ve m\u011bst\u011b pro sebe i sv\u00e9 ob\u010dany: Zv\u00ed\u0159ata jsou naprosto \u010dist\u00e1, zd\u016fraz\u0148uj\u00ed nyn\u00ed v kampani s cedulemi.<\/span><\/strong><\/p>\n<figure class=\"wp-block-embed is-type-rich is-provider-twitter wp-block-embed-twitter\">\n<div class=\"wp-block-embed__wrapper\">\n<div class=\"twitter-tweet twitter-tweet-rendered\"><iframe id=\"twitter-widget-0\" class=\"\" title=\"X P\u0159\u00edsp\u011bvek\" src=\"https:\/\/platform.twitter.com\/embed\/Tweet.html?dnt=true&amp;embedId=twitter-widget-0&amp;features=eyJ0ZndfdGltZWxpbmVfbGlzdCI6eyJidWNrZXQiOltdLCJ2ZXJzaW9uIjpudWxsfSwidGZ3X2ZvbGxvd2VyX2NvdW50X3N1bnNldCI6eyJidWNrZXQiOnRydWUsInZlcnNpb24iOm51bGx9LCJ0ZndfdHdlZXRfZWRpdF9iYWNrZW5kIjp7ImJ1Y2tldCI6Im9uIiwidmVyc2lvbiI6bnVsbH0sInRmd19yZWZzcmNfc2Vzc2lvbiI6eyJidWNrZXQiOiJvbiIsInZlcnNpb24iOm51bGx9LCJ0ZndfZm9zbnJfc29mdF9pbnRlcnZlbnRpb25zX2VuYWJsZWQiOnsiYnVja2V0Ijoib24iLCJ2ZXJzaW9uIjpudWxsfSwidGZ3X21peGVkX21lZGlhXzE1ODk3Ijp7ImJ1Y2tldCI6InRyZWF0bWVudCIsInZlcnNpb24iOm51bGx9LCJ0ZndfZXhwZXJpbWVudHNfY29va2llX2V4cGlyYXRpb24iOnsiYnVja2V0IjoxMjA5NjAwLCJ2ZXJzaW9uIjpudWxsfSwidGZ3X3Nob3dfYmlyZHdhdGNoX3Bpdm90c19lbmFibGVkIjp7ImJ1Y2tldCI6Im9uIiwidmVyc2lvbiI6bnVsbH0sInRmd19kdXBsaWNhdGVfc2NyaWJlc190b19zZXR0aW5ncyI6eyJidWNrZXQiOiJvbiIsInZlcnNpb24iOm51bGx9LCJ0ZndfdXNlX3Byb2ZpbGVfaW1hZ2Vfc2hhcGVfZW5hYmxlZCI6eyJidWNrZXQiOiJvbiIsInZlcnNpb24iOm51bGx9LCJ0ZndfdmlkZW9faGxzX2R5bmFtaWNfbWFuaWZlc3RzXzE1MDgyIjp7ImJ1Y2tldCI6InRydWVfYml0cmF0ZSIsInZlcnNpb24iOm51bGx9LCJ0ZndfbGVnYWN5X3RpbWVsaW5lX3N1bnNldCI6eyJidWNrZXQiOnRydWUsInZlcnNpb24iOm51bGx9LCJ0ZndfdHdlZXRfZWRpdF9mcm9udGVuZCI6eyJidWNrZXQiOiJvbiIsInZlcnNpb24iOm51bGx9fQ%3D%3D&amp;frame=false&amp;hideCard=false&amp;hideThread=false&amp;id=1979468857829110024&amp;lang=cs&amp;origin=https%3A%2F%2Freport24.news%2Frattenplage-in-berlin-stadt-verniedlicht-eigene-verwahrlosung%2F&amp;sessionId=9c9ebc5f169827373fd91aab516aa2cab267af50&amp;theme=light&amp;widgetsVersion=2615f7e52b7e0%3A1702314776716&amp;width=550px\" frameborder=\"0\" scrolling=\"no\" allowfullscreen=\"allowfullscreen\" data-tweet-id=\"1979468857829110024\" data-mce-fragment=\"1\"><\/iframe><\/div>\n<\/div>\n<\/figure>\n<p><span dir=\"auto\">Berl\u00ednsk\u00fd medv\u011bd v krou\u017ekov\u00e9 zbroji tan\u010d\u00ed: \u201eV\u011bd\u011bli jste, \u017ee krysy jsou velmi \u010distotn\u00e9? \u010cist\u00ed se n\u011bkolikr\u00e1t denn\u011b a \u010dasto tr\u00e1v\u00ed \u010di\u0161t\u011bn\u00edm v\u00edce \u010dasu ne\u017e ko\u010dky.\u201c S takov\u00fdmi \u0161\u00edlen\u00fdmi plak\u00e1ty zasahuje naprosto zahlcen\u00e1 spr\u00e1va probuzen\u00e9ho multikulturn\u00edho hlavn\u00edho m\u011bsta Berl\u00edna proti krys\u00edmu moru v metropoli s 3,6 miliony obyvatel.<\/span><\/p>\n<p><span dir=\"auto\">Nov\u00e1 cedule na Hardenbergplatz, nedaleko zoologick\u00e9 zahrady Bahnhof, zobrazuje roztomilou krysu, kter\u00e1 se \u010dist\u00ed ve van\u011b. St\u00e1le v\u00edce Berl\u00edn\u010dan\u016f v\u0161ak nem\u00e1 v\u016fbec n\u00e1ladu na \u00fasm\u011bv.<\/span><\/p>\n<p><span dir=\"auto\">St\u00ed\u017enosti na krysy se ve v\u0161ech berl\u00ednsk\u00fdch okresech zvy\u0161uj\u00ed. Berl\u00ednsk\u00e9 zdravotn\u00ed org\u00e1ny ka\u017edoro\u010dn\u011b zaznamen\u00e1vaj\u00ed n\u011bkolik tis\u00edc pozorov\u00e1n\u00ed krys. N\u011bkolik h\u0159i\u0161\u0165 muselo b\u00fdt uzav\u0159eno \u2013 nap\u0159\u00edklad na Klausener Platz a Grieser Platz v Charlottenburgu. D\u016fvod: hlodavci p\u0159en\u00e1\u0161ej\u00ed nebezpe\u010dn\u00e9 nemoci \u2013 v\u010detn\u011b leptospir\u00f3zy (Weilovy choroby), salmonely a hantavir\u016f (riziko selh\u00e1n\u00ed ledvin), tyfu, trichinel\u00f3zy a tasemnic. K p\u0159enosu obvykle doch\u00e1z\u00ed kontaktem s v\u00fdkaly (stolem, mo\u010d\u00ed), kontaminovan\u00fdmi potravinami nebo kousnut\u00edm.<\/span><\/p>\n<p><span dir=\"auto\">Dareb\u00e1k, kter\u00e9ho napadaj\u00ed hloup\u00e9 n\u00e1pady, kdy\u017e se pod\u00edv\u00e1 na berl\u00ednsk\u00fd mor krys&#8230;<\/span><\/p>\n<p><em><span dir=\"auto\">\u010cl\u00e1nek se poprv\u00e9 objevil v den\u00edku <\/span><a href=\"https:\/\/deutschlandkurier.de\/2025\/10\/irrenhaus-berlin-stadtverwaltung-verniedlicht-die-rattenplage-putzen-sich-oefter-als-katzen\/\"><span dir=\"auto\">Deutschlandkurier<\/span><\/a><span dir=\"auto\">\u00a0<\/span><\/em><\/p>\n<p>&nbsp;<\/p>\n","protected":false},"excerpt":{"rendered":"<p>I kdy\u017e pro n\u011bkter\u00e9 mohou b\u00fdt dom\u00e1c\u00ed krysy rozko\u0161n\u00fdmi mazl\u00ed\u010dky, velikost t\u011bchto zv\u00ed\u0159at, kter\u00e1 p\u0159itahuj\u00ed&#8230;<\/p>\n","protected":false},"author":2,"featured_media":90279,"comment_status":"closed","ping_status":"closed","sticky":false,"template":"","format":"standard","meta":[],"categories":[7],"tags":[233,9935,9936],"_links":{"self":[{"href":"https:\/\/www.infokuryr.cz\/n\/wp-json\/wp\/v2\/posts\/90278"}],"collection":[{"href":"https:\/\/www.infokuryr.cz\/n\/wp-json\/wp\/v2\/posts"}],"about":[{"href":"https:\/\/www.infokuryr.cz\/n\/wp-json\/wp\/v2\/types\/post"}],"author":[{"embeddable":true,"href":"https:\/\/www.infokuryr.cz\/n\/wp-json\/wp\/v2\/users\/2"}],"replies":[{"embeddable":true,"href":"https:\/\/www.infokuryr.cz\/n\/wp-json\/wp\/v2\/comments?post=90278"}],"version-history":[{"count":0,"href":"https:\/\/www.infokuryr.cz\/n\/wp-json\/wp\/v2\/posts\/90278\/revisions"}],"wp:featuredmedia":[{"embeddable":true,"href":"https:\/\/www.infokuryr.cz\/n\/wp-json\/wp\/v2\/media\/90279"}],"wp:attachment":[{"href":"https:\/\/www.infokuryr.cz\/n\/wp-json\/wp\/v2\/media?parent=90278"}],"wp:term":[{"taxonomy":"category","embeddable":true,"href":"https:\/\/www.infokuryr.cz\/n\/wp-json\/wp\/v2\/categories?post=90278"},{"taxonomy":"post_tag","embeddable":true,"href":"https:\/\/www.infokuryr.cz\/n\/wp-json\/wp\/v2\/tags?post=90278"}],"curies":[{"name":"wp","href":"https:\/\/api.w.org\/{rel}","templated":true}]}}