{"id":90253,"date":"2025-10-21T00:18:38","date_gmt":"2025-10-20T22:18:38","guid":{"rendered":"https:\/\/www.infokuryr.cz\/n\/?p=90253"},"modified":"2025-10-20T17:54:19","modified_gmt":"2025-10-20T15:54:19","slug":"uz-nikdy-nebudeme-hodni-valky-postavme-se-za-mir","status":"publish","type":"post","link":"https:\/\/www.infokuryr.cz\/n\/2025\/10\/21\/uz-nikdy-nebudeme-hodni-valky-postavme-se-za-mir\/","title":{"rendered":"U\u017e nikdy nebudeme hodni v\u00e1lky \u2013 postavme se za m\u00edr!"},"content":{"rendered":"<div id=\"fb-root\"><\/div>\n<p><strong><em><span dir=\"auto\">Berl\u00ednsk\u00e1 u\u010ditelka \u00c4nne Dulonov\u00e1 ve sv\u00e9m \u201eneklidn\u00e9m projevu\u201c vyz\u00fdv\u00e1 k uv\u011bdom\u011bn\u00ed si nastal\u00e9ho posunu ve v\u011bdom\u00ed, od pod\u0159\u00edzen\u00e9ho k svobodn\u00fdm, sob\u011bsta\u010dn\u00fdm jednotlivc\u016fm, kte\u0159\u00ed ji\u017e nemohou tolerovat \u201evl\u00e1du st\u00e1tu a cizinc\u016f\u201c, je\u017e eskaluje do nejmodern\u011bj\u0161\u00edch forem kleptokracie a algokracie. Apeluje tak\u00e9 na v\u0161echny m\u00edrumilovn\u00e9 lidi, aby se sjednotili a spole\u010dn\u011b se postavili proti destruktivn\u00ed a agresivn\u00ed vl\u00e1d\u011b st\u00e1t\u016f a transformovali je v samospr\u00e1vn\u00e9 org\u00e1ny svobodn\u00fdch lid\u00ed.<\/span><\/em><\/strong><\/p>\n<h3><strong><span dir=\"auto\">Projev \u00c4nne Dulonov\u00e9 na demonstraci za m\u00edr na Bebelplatz v Berl\u00edn\u011b 3. \u0159\u00edjna 2025\u00a0<\/span><\/strong><\/h3>\n<p><span dir=\"auto\">Draz\u00ed \u010dlenov\u00e9 lidsk\u00e9 a m\u00edrov\u00e9 rodiny!<\/span><\/p>\n<p><span dir=\"auto\">Co n\u00e1s spojuje? \u2013 Na\u0161e rostouc\u00ed schopnost m\u00edru, kterou stav\u00edme proti nyn\u00ed vnucen\u00e9 schopnosti v\u00e1lky! V\u0161ichni jsme vstoupili do v\u011bku zralosti jako sob\u011bsta\u010dn\u00ed a spolupracuj\u00edc\u00ed tv\u016frci na\u0161ich komunit. \u00c9ra st\u00e1tn\u00ed a ciz\u00ed nadvl\u00e1dy nad n\u00e1mi je d\u00e1vno pry\u010d! \u2013<\/span><\/p>\n<p><span dir=\"auto\">Za podobu na\u0161\u00ed koexistence odpov\u00eddaj\u00ed expertn\u00ed a hum\u00e1nn\u00ed poradn\u00ed skupiny, nikoli sobeck\u00e9 z\u00e1jmov\u00e9 skupiny, kter\u00e9 se pova\u017euj\u00ed za osv\u011bd\u010den\u00e9 pseudodemokratick\u00fdmi ud\u00e1lostmi a p\u016fsob\u00ed v mafi\u00e1nsk\u00fdch struktur\u00e1ch po cel\u00e9m sv\u011bt\u011b.<\/span><\/p>\n<p><span dir=\"auto\">V\u0161echny pokusy o nadvl\u00e1du mus\u00ed selhat pro svou marnost, nebo\u0165 na\u0161e zralost a bd\u011blost tyto pokusy prozrazuj\u00ed a\u017e k jejich nejmodern\u011bj\u0161\u00edm form\u00e1m kleptokracie (vl\u00e1da rabova\u010d\u016f, vl\u00e1da zlod\u011bj\u016f atd.) a algokracie (vl\u00e1da algoritm\u016f atd.). Touha po nadvl\u00e1d\u011b se proto mus\u00ed st\u00e1t o to zlov\u011bstn\u011bj\u0161\u00ed, zr\u00e1dn\u011bj\u0161\u00ed a cyni\u010dt\u011bj\u0161\u00ed, vzty\u010duje se ze v\u0161ech sil a sna\u017e\u00ed se nacpat nov\u00e9 v\u00edno do star\u00fdch, shnil\u00fdch m\u011bch\u016f. To zahrnuje nejen zlo\u010diny proti ka\u017ed\u00e9 lidsk\u00e9 bytosti \u2013 jej\u00ed\u017e autonomie je faktem, lidskou d\u016fstojnost\u00ed a nejposv\u00e1tn\u011bj\u0161\u00edm dobrem \u2013 poni\u017euj\u00edc\u00ed je prost\u0159ednictv\u00edm kontroly a inkvizi\u010dn\u00edch opat\u0159en\u00ed, ale tak\u00e9 d\u00e1vno zastaral\u00fd zp\u016fsob \u0159e\u0161en\u00ed mezin\u00e1rodn\u00edch konflikt\u016f: v\u00e1lkou.<\/span><\/p>\n<p><span dir=\"auto\">Ji\u017e d\u00e1vno jsme si vyvinuli formy a metody mediace, sm\u00edr\u010d\u00edho \u0159e\u0161en\u00ed a vyjedn\u00e1v\u00e1n\u00ed konflikt\u016f v na\u0161em sou\u017eit\u00ed t\u00edm, \u017ee jsme si vyp\u011bstovali v\u016fli br\u00e1t pot\u0159eby druh\u00fdch stejn\u011b v\u00e1\u017en\u011b jako ty sv\u00e9 a stav\u011bt mosty z vlastn\u00edho pohledu.<\/span><\/p>\n<p><span dir=\"auto\">\u00c9ra jak\u00e9hokoli antagonismu skon\u010dila; je to stejn\u011b tak minulost jako jednostrann\u00e1, egocentrick\u00e1 touha po sebeprosazen\u00ed, a\u0165 u\u017e v mal\u00e9m nebo velk\u00e9m smyslu. U\u017e jsme se posunuli mnohem d\u00e1l a mus\u00edme \u010delit ka\u017edodenn\u00ed hrozb\u011b absurdn\u00edch pokus\u016f o manipulaci, kter\u00e9 ohro\u017euj\u00ed n\u00e1\u0161 ide\u00e1l bratrstv\u00ed.<\/span><\/p>\n<p><span dir=\"auto\">Chceme sestersk\u00fd a bratrsk\u00fd sv\u011bt, kter\u00fd bude respektovat d\u016fstojnost lidsk\u00fdch bytost\u00ed na t\u011ble, du\u0161i i duchu jako podm\u00ednku jejich svobody. Ta bude zaru\u010dena ve strukturovan\u00e9m spole\u010denstv\u00ed, kter\u00e9 je organicky organizov\u00e1no do ekonomick\u00e9 oblasti, v n\u00ed\u017e je pr\u00e1ce zaji\u0161\u0165ov\u00e1na jeden pro druh\u00e9ho a mocensk\u00e9 z\u00e1jmy nehraj\u00ed \u017e\u00e1dnou roli, do pr\u00e1vn\u00ed oblasti zam\u011b\u0159en\u00e9 p\u0159esn\u011b na d\u016fstojnost ka\u017ed\u00e9ho jednotlivce a do oblasti svobodn\u00e9 intelektu\u00e1ln\u00ed \u010dinnosti v um\u011bn\u00ed, n\u00e1bo\u017eenstv\u00ed, vzd\u011bl\u00e1v\u00e1n\u00ed a v\u011bd\u011b bez omezen\u00ed a cenzury.<\/span><\/p>\n<p><span dir=\"auto\">Na\u0161e my\u0161len\u00ed samo o sob\u011b v sou\u010dasn\u00e9 dob\u011b proch\u00e1z\u00ed transformac\u00ed. Sna\u017e\u00ed se spojit se silami srdce. Z\u00e1jem o druh\u00e9 lidi a jejich p\u0159\u00edslu\u0161n\u00e9 situace v\u00fdrazn\u011b vzrostl. \u2013 Pokud obr\u00e1t\u00edme sv\u016fj pohled k fascinuj\u00edc\u00edmu, ale chladn\u00e9mu sv\u011btu um\u011bl\u00e9 inteligence, kter\u00e1 nep\u0159edstavuje nic jin\u00e9ho ne\u017e to star\u00e9, co mus\u00edme v oblasti my\u0161len\u00ed p\u0159ekonat, m\u016f\u017eeme si tuto pravdu uv\u011bdomit.<\/span><\/p>\n<p><span dir=\"auto\">Um\u011bl\u00e1 inteligence je konstruktem lidsk\u00e9 mysli, p\u0159esto je projevem zp\u016fsobu my\u0161len\u00ed, kter\u00fd je ze sv\u00e9 podstaty spoutan\u00fd a zastaral\u00fd. Tento nov\u00fd zp\u016fsob my\u0161len\u00ed m\u016f\u017ee pro\u017e\u00edvat s\u00e1m sebe a hlub\u0161\u00ed a vit\u00e1ln\u011bj\u0161\u00ed vlastnosti uva\u017eovan\u00e9ho objektu. Na rozd\u00edl od abstraktn\u011b logick\u00e9 um\u011bl\u00e9 inteligence si m\u016f\u017eeme uv\u011bdomit samotn\u00e9 prav\u00e9, v podstat\u011b kreativn\u00ed, a tedy mor\u00e1ln\u00ed my\u0161len\u00ed.<\/span><\/p>\n<p><span dir=\"auto\">Technologie \u2013 jakkoli chytr\u00e1, u\u017eite\u010dn\u00e1, prosp\u011b\u0161n\u00e1 a mo\u017en\u00e1 i nepostradateln\u00e1 \u2013 je z\u00e1rove\u0148 nemilosrdn\u011b amor\u00e1ln\u00ed, a proto se ide\u00e1ln\u011b hod\u00ed k nemor\u00e1lnosti. Pokud ji p\u0159ijmeme, mus\u00edme pos\u00edlit kvalitu na\u0161\u00ed lidskosti \u2013 ta spo\u010d\u00edv\u00e1 v v sou\u010dasnosti nepopul\u00e1rn\u00edch a nediskutovan\u00fdch oblastech, jako je sv\u011bdom\u00ed, mor\u00e1lka a svoboda. V\u00e1le\u010dn\u00ed \u0161tv\u00e1\u010di a manipul\u00e1to\u0159i toho zneu\u017e\u00edvaj\u00ed k p\u0159episov\u00e1n\u00ed v\u0161ech slov. Vojenskou slu\u017ebu naz\u00fdvaj\u00ed \u201eslu\u017ebou pro svobodu\u201c, v\u00e1le\u010dn\u00e9 dluhy \u201ezvl\u00e1\u0161tn\u00edmi fondy\u201c a v\u00e1lku cestou k m\u00edru.<\/span><\/p>\n<p><span dir=\"auto\">Pokud ale neusly\u0161\u00edme rann\u00ed vol\u00e1n\u00ed po pot\u0159eb\u011b zm\u011bnit na\u0161e my\u0161len\u00ed, na\u0161e uspokojen\u00ed s chut\u00ed porod\u00ed dv\u011b d\u011bti, kter\u00e9 se v sou\u010dasnosti nejen narodily, ale tak\u00e9 byly dob\u0159e \u017eiveny a zp\u016fsobovaly neplechu:<\/span><\/p>\n<p><span dir=\"auto\">LE\u017d a N\u00c1SIL\u00cd<\/span><\/p>\n<p><span dir=\"auto\">Abstraktn\u011b-logick\u00e9 my\u0161len\u00ed t\u00edhne ke zlu, proto\u017ee nen\u00ed spojeno s duchem. Ze sv\u00e9 podstaty usiluje o nadvl\u00e1du a kontrolu. Pouze skrze mor\u00e1ln\u00ed s\u00edly m\u016f\u017eeme jako lidsk\u00e9 bytosti dos\u00e1hnout sv\u00fdch c\u00edl\u016f. S\u00edly na\u0161eho prav\u00e9ho lidstv\u00ed tou\u017e\u00ed vyj\u00edt najevo a b\u00fdt aktivn\u00ed. Nenechaj\u00ed se a ani se nenechaj\u00ed zast\u00ednit nebo potla\u010dit.<\/span><\/p>\n<p><span dir=\"auto\">Proto jsme tu dnes spole\u010dn\u011b, stoj\u00edme vzp\u0159\u00edmen\u011b. Je n\u00e1s mnoho a vr\u00e1t\u00edme se!<\/span><\/p>\n<p><a href=\"https:\/\/fassadenkratzer.de\/wp-content\/uploads\/2025\/10\/screenshot-2025-10-15-at-12-14-16-gmx-premium.png\"><img decoding=\"async\" loading=\"lazy\" class=\"size-medium wp-image-18210 aligncenter\" src=\"https:\/\/fassadenkratzer.de\/wp-content\/uploads\/2025\/10\/screenshot-2025-10-15-at-12-14-16-gmx-premium.png?w=300\" alt=\"\" width=\"300\" height=\"251\" data-attachment-id=\"18210\" data-permalink=\"https:\/\/fassadenkratzer.de\/2025\/10\/19\/nie-wieder-kriegstuchtig-stehen-wir-auf-fur-frieden\/screenshot-2025-10-15-at-12-14-16-gmx-premium\/\" data-orig-file=\"https:\/\/fassadenkratzer.de\/wp-content\/uploads\/2025\/10\/screenshot-2025-10-15-at-12-14-16-gmx-premium.png\" data-orig-size=\"362,303\" data-comments-opened=\"0\" data-image-meta=\"{&quot;aperture&quot;:&quot;0&quot;,&quot;credit&quot;:&quot;&quot;,&quot;camera&quot;:&quot;&quot;,&quot;caption&quot;:&quot;&quot;,&quot;created_timestamp&quot;:&quot;0&quot;,&quot;copyright&quot;:&quot;&quot;,&quot;focal_length&quot;:&quot;0&quot;,&quot;iso&quot;:&quot;0&quot;,&quot;shutter_speed&quot;:&quot;0&quot;,&quot;title&quot;:&quot;&quot;,&quot;orientation&quot;:&quot;0&quot;}\" data-image-title=\"Screenshot 2025-10-15 at 12-14-16 GMX Premium\" data-image-description=\"\" data-image-caption=\"\" data-medium-file=\"https:\/\/fassadenkratzer.de\/wp-content\/uploads\/2025\/10\/screenshot-2025-10-15-at-12-14-16-gmx-premium.png?w=300\" data-large-file=\"https:\/\/fassadenkratzer.de\/wp-content\/uploads\/2025\/10\/screenshot-2025-10-15-at-12-14-16-gmx-premium.png?w=362\" \/><\/a><\/p>\n","protected":false},"excerpt":{"rendered":"<p>Berl\u00ednsk\u00e1 u\u010ditelka \u00c4nne Dulonov\u00e1 ve sv\u00e9m \u201eneklidn\u00e9m projevu\u201c vyz\u00fdv\u00e1 k uv\u011bdom\u011bn\u00ed si nastal\u00e9ho posunu ve&#8230;<\/p>\n","protected":false},"author":2,"featured_media":90254,"comment_status":"closed","ping_status":"closed","sticky":false,"template":"","format":"standard","meta":[],"categories":[7],"tags":[233,565,710],"_links":{"self":[{"href":"https:\/\/www.infokuryr.cz\/n\/wp-json\/wp\/v2\/posts\/90253"}],"collection":[{"href":"https:\/\/www.infokuryr.cz\/n\/wp-json\/wp\/v2\/posts"}],"about":[{"href":"https:\/\/www.infokuryr.cz\/n\/wp-json\/wp\/v2\/types\/post"}],"author":[{"embeddable":true,"href":"https:\/\/www.infokuryr.cz\/n\/wp-json\/wp\/v2\/users\/2"}],"replies":[{"embeddable":true,"href":"https:\/\/www.infokuryr.cz\/n\/wp-json\/wp\/v2\/comments?post=90253"}],"version-history":[{"count":0,"href":"https:\/\/www.infokuryr.cz\/n\/wp-json\/wp\/v2\/posts\/90253\/revisions"}],"wp:featuredmedia":[{"embeddable":true,"href":"https:\/\/www.infokuryr.cz\/n\/wp-json\/wp\/v2\/media\/90254"}],"wp:attachment":[{"href":"https:\/\/www.infokuryr.cz\/n\/wp-json\/wp\/v2\/media?parent=90253"}],"wp:term":[{"taxonomy":"category","embeddable":true,"href":"https:\/\/www.infokuryr.cz\/n\/wp-json\/wp\/v2\/categories?post=90253"},{"taxonomy":"post_tag","embeddable":true,"href":"https:\/\/www.infokuryr.cz\/n\/wp-json\/wp\/v2\/tags?post=90253"}],"curies":[{"name":"wp","href":"https:\/\/api.w.org\/{rel}","templated":true}]}}