{"id":90245,"date":"2025-10-21T00:14:52","date_gmt":"2025-10-20T22:14:52","guid":{"rendered":"https:\/\/www.infokuryr.cz\/n\/?p=90245"},"modified":"2025-10-20T16:39:31","modified_gmt":"2025-10-20T14:39:31","slug":"izrael-zahajil-serii-tezkych-leteckych-uderu-na-pasmo-gazy-pri-nichz-zahynulo-nejmene-45-lidi","status":"publish","type":"post","link":"https:\/\/www.infokuryr.cz\/n\/2025\/10\/21\/izrael-zahajil-serii-tezkych-leteckych-uderu-na-pasmo-gazy-pri-nichz-zahynulo-nejmene-45-lidi\/","title":{"rendered":"Izrael zah\u00e1jil s\u00e9rii t\u011b\u017ek\u00fdch leteck\u00fdch \u00fader\u016f na p\u00e1smo Gazy, p\u0159i nich\u017e zahynulo nejm\u00e9n\u011b 45 lid\u00ed"},"content":{"rendered":"<div id=\"fb-root\"><\/div>\n<div class=\"elementor-element elementor-element-1fb4c2c elementor-widget elementor-widget-theme-post-content\" data-id=\"1fb4c2c\" data-element_type=\"widget\" data-widget_type=\"theme-post-content.default\">\n<div class=\"elementor-widget-container\">\n<h4><span dir=\"auto\">Nejkrvav\u011bj\u0161\u00ed den izraelsk\u00fdch \u00fatok\u016f v P\u00e1smu od doby, kdy 10. \u0159\u00edjna vstoupilo v platnost p\u0159\u00edm\u011b\u0159\u00ed.<\/span><\/h4>\n<p><span dir=\"auto\">Izraelsk\u00e9 obrann\u00e9 s\u00edly (IDF) zintenzivnily \u00fatoky na Gazu pot\u00e9, co prohl\u00e1sily, \u017ee jejich jednotky byly v Raf\u00e1hu v ji\u017en\u00ed Gaze napadeny palestinsk\u00fdmi ozbrojenci. Ozna\u010dily to za \u201eporu\u0161en\u00ed\u201c p\u0159\u00edm\u011b\u0159\u00ed, a\u010dkoli zpr\u00e1vy nazna\u010duj\u00ed, \u017ee explozi zp\u016fsobilo izraelsk\u00e9 vozidlo, kter\u00e9 p\u0159ejelo nevybuchlou bombu.<\/span><\/p>\n<p><span dir=\"auto\">Ham\u00e1s v ned\u011bli pop\u0159el jakoukoli odpov\u011bdnost za incident v Raf\u00e1hu a uvedl, \u017ee s jeho bojovn\u00edky v oblasti nen\u00ed v \u017e\u00e1dn\u00e9m kontaktu. \u201eZnovu potvrzujeme n\u00e1\u0161 pln\u00fd z\u00e1vazek k pln\u011bn\u00ed v\u0161ech dohodnut\u00fdch bod\u016f, zejm\u00e9na p\u0159\u00edm\u011b\u0159\u00ed ve v\u0161ech oblastech p\u00e1sma Gazy,\u201c uvedlo ve sv\u00e9m prohl\u00e1\u0161en\u00ed ozbrojen\u00e9 k\u0159\u00eddlo Ham\u00e1su, Brig\u00e1dy al-K\u00e1sam.<\/span><\/p>\n<p><span dir=\"auto\">\u201eNem\u00e1me \u017e\u00e1dn\u00e9 informace o \u017e\u00e1dn\u00fdch incidentech ani st\u0159etech v oblasti Raf\u00e1hu, proto\u017ee se jedn\u00e1 o rud\u00e9 z\u00f3ny pod okupa\u010dn\u00ed kontrolou a kontakt s jednotkami, kter\u00e9 tam z\u016fst\u00e1vaj\u00ed, byl ztracen od obnoven\u00ed v\u00e1lky v b\u0159eznu leto\u0161n\u00edho roku. Nem\u00e1me \u017e\u00e1dn\u00e9 informace o tom, zda byli od t\u00e9 doby zabiti, nebo zda jsou st\u00e1le na\u017eivu,\u201c dodaly brig\u00e1dy Al-K\u00e1sam.<\/span><\/p>\n<p><span dir=\"auto\">Pozd\u011bji t\u00e9ho\u017e dne izrael\u0161t\u00ed p\u0159edstavitel\u00e9 ozn\u00e1mili, \u017ee p\u0159i \u00fatoku byli zabiti dva voj\u00e1ci IDF. Podle\u00a0<\/span><em><span dir=\"auto\">den\u00edku Haaretz<\/span><\/em><span dir=\"auto\">\u00a0izrael\u0161t\u00ed vojen\u0161t\u00ed p\u0159edstavitel\u00e9 uvedli, \u017ee se domn\u00edvaj\u00ed, \u017ee bojovn\u00edci st\u0159\u00edleli na izraelsk\u00e9 jednotky po opu\u0161t\u011bn\u00ed tunelu, ale jin\u00e9 zpr\u00e1vy tuto verzi vyvracej\u00ed.<\/span><\/p>\n<p><span dir=\"auto\">Curt Mills, v\u00fdkonn\u00fd \u0159editel American\u00a0<\/span><em><span dir=\"auto\">Conservative<\/span><\/em><span dir=\"auto\">\u00a0, napsal na X, \u017ee mu vysoce postaven\u00fd \u00fa\u0159edn\u00edk Trumpovy administrativy \u0159ekl: \u201eHamas nic neud\u011blal. Izraelsk\u00fd tank narazil na nevybuchlou improvizovanou v\u00fdbu\u0161nou zbra\u0148, kter\u00e1 tam pravd\u011bpodobn\u011b byla u\u017e m\u011bs\u00edce.\u201c<\/span><\/p>\n<p><span dir=\"auto\">Ryan Grim, report\u00e9r\u00a0<\/span><em><span dir=\"auto\">Drop Site News<\/span><\/em><span dir=\"auto\">\u00a0, informoval o podobn\u00e9m p\u0159\u00edb\u011bhu: \u201eKr\u00e1tce po v\u00fdbuchu v Raf\u00e1hu se B\u00edl\u00fd d\u016fm a Pentagon podle zdroje dozv\u011bd\u011bly, \u017ee incident zp\u016fsobil izraelsk\u00fd osadnick\u00fd buldozer, kter\u00fd p\u0159ejel p\u0159es nevybuchlou munici \u2013 na rozd\u00edl od Netanjahuova tvrzen\u00ed, \u017ee z tunel\u016f vy\u0161li bojovn\u00edci Ham\u00e1su,\u201c napsal na X.<\/span><\/p>\n<p><span dir=\"auto\">\u201ePot\u00e9, co Netanjahu prohl\u00e1sil, \u017ee zareaguje zablokov\u00e1n\u00edm ve\u0161ker\u00e9 pomoci Gaze a zah\u00e1jen\u00edm bombardovac\u00ed kampan\u011b, americk\u00e1 vl\u00e1da informovala Izrael, \u017ee v\u00ed, co se skute\u010dn\u011b stalo. Netanjahu pot\u00e9 ozn\u00e1mil, \u017ee za n\u011bkolik hodin znovu otev\u0159e hrani\u010dn\u00ed p\u0159echody,\u201c dodal Grim.<\/span><\/p>\n<p><span dir=\"auto\">Izraelsk\u00e9 \u00fatoky se v ned\u011bli soust\u0159edily hlavn\u011b na jih a st\u0159edn\u00ed \u010d\u00e1st p\u00e1sma Gazy. Fotografie a videa ukazuj\u00ed, \u017ee mezi ob\u011b\u0165mi byly i d\u011bti. Posledn\u00ed hl\u00e1\u0161en\u00fd \u00fatok zas\u00e1hl stan, v n\u011bm\u017e byli ubytov\u00e1ni vys\u00eddlen\u00ed lid\u00e9 pobl\u00ed\u017e uprchlick\u00e9ho t\u00e1bora Nuseirat v centr\u00e1ln\u00ed \u010d\u00e1sti p\u00e1sma Gazy, a zabil nejm\u00e9n\u011b \u0161est lid\u00ed.<\/span><\/p>\n<p><span dir=\"auto\">V ned\u011bln\u00edm ve\u010dern\u00edm prohl\u00e1\u0161en\u00ed IDF uvedla, \u017ee \u201eza\u010dala znovu vynucovat p\u0159\u00edm\u011b\u0159\u00ed\u201c \u2013 co\u017e nazna\u010duje, \u017ee t\u011b\u017ek\u00e9 bombardov\u00e1n\u00ed skon\u010dilo. \u201eIDF bude i nad\u00e1le respektovat dohodu o p\u0159\u00edm\u011b\u0159\u00ed a rozhodn\u011b reagovat na jak\u00e9koli poru\u0161en\u00ed,\u201c uvedla.<\/span><\/p>\n<p><span dir=\"auto\">Izrael v uplynul\u00e9m t\u00fddnu opakovan\u011b poru\u0161il p\u0159\u00edm\u011b\u0159\u00ed a zabil des\u00edtky Palestinc\u016f. V p\u00e1tek p\u0159i \u00fatoku zas\u00e1hlo vozidlo 11 \u010dlen\u016f jedn\u00e9 rodiny, v\u010detn\u011b sedmi mal\u00fdch d\u011bt\u00ed a t\u0159\u00ed \u017een.<\/span><\/p>\n<p><span dir=\"auto\">Izraelsk\u00e9 obrann\u00e9 s\u00edly (IDF) rovn\u011b\u017e varovaly v\u0161echny Palestince, aby z\u016fstali z\u00e1padn\u011b od tzv. \u201e\u017elut\u00e9 linie\u201c \u2013 linie, na kterou se jednotky IDF st\u00e1hly po vstupu p\u0159\u00edm\u011b\u0159\u00ed v platnost. Podle sou\u010dasn\u00e9ho uspo\u0159\u00e1d\u00e1n\u00ed IDF kontroluje v\u00edce ne\u017e 50 % palestinsk\u00e9ho \u00fazem\u00ed.<\/span><\/p>\n<\/div>\n<\/div>\n<div class=\"elementor-element elementor-element-8c57238 quelle dc-has-condition dc-condition-empty elementor-widget elementor-widget-heading\" data-id=\"8c57238\" data-element_type=\"widget\" data-widget_type=\"heading.default\">\n<div class=\"elementor-widget-container\">\n<h3 class=\"elementor-heading-title elementor-size-default\"><span style=\"font-size: 10pt;\"><a href=\"https:\/\/news.antiwar.com\/2025\/10\/19\/israel-launches-wave-of-heavy-airstrikes-across-gaza-killing-at-least-21\/\" target=\"_blank\" rel=\"nofollow noopener\"><span dir=\"auto\">Zdroj<\/span><\/a><\/span><\/h3>\n<p>&nbsp;<\/p>\n<\/div>\n<\/div>\n","protected":false},"excerpt":{"rendered":"<p>Nejkrvav\u011bj\u0161\u00ed den izraelsk\u00fdch \u00fatok\u016f v P\u00e1smu od doby, kdy 10. \u0159\u00edjna vstoupilo v platnost p\u0159\u00edm\u011b\u0159\u00ed&#8230;.<\/p>\n","protected":false},"author":2,"featured_media":90246,"comment_status":"closed","ping_status":"closed","sticky":false,"template":"","format":"standard","meta":[],"categories":[7],"tags":[348,107,3535,871],"_links":{"self":[{"href":"https:\/\/www.infokuryr.cz\/n\/wp-json\/wp\/v2\/posts\/90245"}],"collection":[{"href":"https:\/\/www.infokuryr.cz\/n\/wp-json\/wp\/v2\/posts"}],"about":[{"href":"https:\/\/www.infokuryr.cz\/n\/wp-json\/wp\/v2\/types\/post"}],"author":[{"embeddable":true,"href":"https:\/\/www.infokuryr.cz\/n\/wp-json\/wp\/v2\/users\/2"}],"replies":[{"embeddable":true,"href":"https:\/\/www.infokuryr.cz\/n\/wp-json\/wp\/v2\/comments?post=90245"}],"version-history":[{"count":0,"href":"https:\/\/www.infokuryr.cz\/n\/wp-json\/wp\/v2\/posts\/90245\/revisions"}],"wp:featuredmedia":[{"embeddable":true,"href":"https:\/\/www.infokuryr.cz\/n\/wp-json\/wp\/v2\/media\/90246"}],"wp:attachment":[{"href":"https:\/\/www.infokuryr.cz\/n\/wp-json\/wp\/v2\/media?parent=90245"}],"wp:term":[{"taxonomy":"category","embeddable":true,"href":"https:\/\/www.infokuryr.cz\/n\/wp-json\/wp\/v2\/categories?post=90245"},{"taxonomy":"post_tag","embeddable":true,"href":"https:\/\/www.infokuryr.cz\/n\/wp-json\/wp\/v2\/tags?post=90245"}],"curies":[{"name":"wp","href":"https:\/\/api.w.org\/{rel}","templated":true}]}}