{"id":90244,"date":"2025-10-21T00:12:15","date_gmt":"2025-10-20T22:12:15","guid":{"rendered":"https:\/\/www.infokuryr.cz\/n\/?p=90244"},"modified":"2025-10-20T17:44:53","modified_gmt":"2025-10-20T15:44:53","slug":"brazilie-pro-klimaticky-summit-cop30-bylo-pokaceno-100-000-amazonskych-stromu","status":"publish","type":"post","link":"https:\/\/www.infokuryr.cz\/n\/2025\/10\/21\/brazilie-pro-klimaticky-summit-cop30-bylo-pokaceno-100-000-amazonskych-stromu\/","title":{"rendered":"Braz\u00edlie: Pro klimatick\u00fd summit COP30 bylo pok\u00e1ceno 100 000 amazonsk\u00fdch strom\u016f"},"content":{"rendered":"<div id=\"fb-root\"><\/div>\n<div class=\"elementor-element elementor-element-1fb4c2c elementor-widget elementor-widget-theme-post-content\" data-id=\"1fb4c2c\" data-element_type=\"widget\" data-widget_type=\"theme-post-content.default\">\n<div class=\"elementor-widget-container\">\n<p><span dir=\"auto\">Kdo by to byl \u0159ekl?\u00a0<\/span><strong><span dir=\"auto\">Boj proti zm\u011bn\u011b klimatu<\/span><\/strong><span dir=\"auto\">\u00a0z\u0159ejm\u011b vy\u017eaduje v\u00fdstavbu\u00a0<\/span><strong><a href=\"https:\/\/www.bbc.com\/news\/articles\/c9vy191rgn1o\" target=\"_blank\" rel=\"noreferrer noopener\" data-type=\"link\" data-id=\"https:\/\/www.bbc.com\/news\/articles\/c9vy191rgn1o\"><span dir=\"auto\">osmim\u00edlov\u00e9 d\u00e1lnice srdcem Amazonie<\/span><\/a><\/strong><span dir=\"auto\">\u00a0, aby se deleg\u00e1ti zab\u00fdvaj\u00edc\u00ed se \u017eivotn\u00edm prost\u0159ed\u00edm mohli rychleji doj\u00ed\u017ed\u011bt mezi konferen\u010dn\u00edm centrem a luxusn\u00edm ubytov\u00e1n\u00edm.<\/span><\/p>\n<p><span dir=\"auto\">V r\u00e1mci p\u0159\u00edprav na\u00a0<\/span><strong><span dir=\"auto\">COP30<\/span><\/strong><span dir=\"auto\">\u00a0\u2013 30. konferenci OSN o zm\u011bn\u011b klimatu, kter\u00e1 se m\u00e1 konat v listopadu v\u00a0<\/span><strong><span dir=\"auto\">brazilsk\u00e9m Bel\u00e9mu<\/span><\/strong><span dir=\"auto\">\u00a0\u2013 bylo pok\u00e1ceno odhadem\u00a0<\/span><strong><span dir=\"auto\">100 000 vzrostl\u00fdch de\u0161tn\u00fdch prales\u016f<\/span><\/strong><span dir=\"auto\">\u00a0. Nov\u00e1\u00a0<\/span><strong><span dir=\"auto\">\u010dty\u0159proud\u00e1 \u201eAvenida Liberdade\u201c<\/span><\/strong><span dir=\"auto\">\u00a0m\u00e1 urychlit cestov\u00e1n\u00ed hlav st\u00e1t\u016f, v\u011bdc\u016f, nevl\u00e1dn\u00edch organizac\u00ed a z\u00e1stupc\u016f ob\u010dansk\u00e9 spole\u010dnosti.<\/span><\/p>\n<p><span dir=\"auto\">Konference se bude konat od\u00a0<\/span><strong><span dir=\"auto\">10. do 21. listopadu 2025<\/span><\/strong><span dir=\"auto\">\u00a0a podle ofici\u00e1ln\u00edch informac\u00ed bude diskutovat o \u201ebudouc\u00edch glob\u00e1ln\u00edch klimatick\u00fdch priorit\u00e1ch\u201c.<\/span><\/p>\n<h3 class=\"wp-block-heading\"><strong><span dir=\"auto\">Ironie zelen\u00e9ho pokroku<\/span><\/strong><\/h3>\n<p><span dir=\"auto\">My\u0161lenka deleg\u00e1t\u016f, kte\u0159\u00ed proj\u00ed\u017ed\u011bj\u00ed \u010derstv\u011b odlesn\u011bn\u00fdmi amazonsk\u00fdmi pralesy, aby se z\u00fa\u010dastnili klimatick\u00e9 konference, nez\u016fst\u00e1v\u00e1 bez pov\u0161imnut\u00ed. Ekologick\u00e9 skupiny varuj\u00ed p\u0159ed\u00a0<\/span><strong><span dir=\"auto\">dal\u0161\u00edm odles\u0148ov\u00e1n\u00edm<\/span><\/strong><span dir=\"auto\">\u00a0a\u00a0<\/span><strong><span dir=\"auto\">ni\u010den\u00edm m\u00edstn\u00edch biotop\u016f divok\u00e9 zv\u011b\u0159e<\/span><\/strong><span dir=\"auto\">\u00a0, zat\u00edmco brazilsk\u00e1 vl\u00e1da to ozna\u010duje za \u201enezbytnou infrastrukturu\u201c.<\/span><\/p>\n<p><span dir=\"auto\">V\u00fdzkumn\u00edci tak\u00e9 poukazuj\u00ed na to, \u017ee realita je slo\u017eit\u011bj\u0161\u00ed, ne\u017e nazna\u010duje klimatick\u00e1 r\u00e9torika:<\/span><\/p>\n<p><em><span dir=\"auto\">Studie publikovan\u00e1 v \u010dasopise Nature Plants ukazuje, \u017ee\u00a0<\/span><strong><span dir=\"auto\">rostouc\u00ed koncentrace CO\u2082<\/span><\/strong><span dir=\"auto\">\u00a0v atmosf\u00e9\u0159e ve skute\u010dnosti podpo\u0159ila r\u016fst zb\u00fdvaj\u00edc\u00edho de\u0161tn\u00e9ho pralesa.\u00a0<\/span><strong><span dir=\"auto\">Dosp\u011bl\u00e9 stromy rostou p\u0159ibli\u017en\u011b o 6 % rychleji za desetilet\u00ed<\/span><\/strong><span dir=\"auto\">\u00a0a celosv\u011btov\u011b se vegetace za posledn\u00edch 40 let\u00a0<\/span><strong><span dir=\"auto\">zv\u00fd\u0161ila p\u0159ibli\u017en\u011b o 15 %<\/span><\/strong><span dir=\"auto\">\u00a0\u2013 s pozitivn\u00edm dopadem na v\u00fdnosy plodin a dokonce i na\u00a0<\/span><strong><span dir=\"auto\">\u010d\u00e1ste\u010dn\u00fd \u00fastup pou\u0161tn\u00edch z\u00f3n<\/span><\/strong><span dir=\"auto\">\u00a0.<\/span><\/em><\/p>\n<h3 class=\"wp-block-heading\"><strong><span dir=\"auto\">Klimatick\u00e1 politika a dvoj\u00ed metr<\/span><\/strong><\/h3>\n<p><span dir=\"auto\">Tyto ud\u00e1losti p\u0159ipom\u00ednaj\u00ed\u00a0<\/span><strong><span dir=\"auto\">lo\u0148skou konferenci COP29 v Baku v \u00c1zerb\u00e1jd\u017e\u00e1nu<\/span><\/strong><span dir=\"auto\">\u00a0, kterou kritici\u00a0ozna\u010dili za\u00a0<\/span><strong><span dir=\"auto\">\u201eklimatick\u00fd podvod\u201c.\u00a0<\/span><\/strong><strong><span dir=\"auto\">Evropsk\u00e1 unie<\/span><\/strong><span dir=\"auto\">\u00a0tam prosazovala glob\u00e1ln\u00ed postupn\u00e9 vy\u0159azen\u00ed fosiln\u00edch paliv \u2013 a po\u017eadovala, aby\u00a0<\/span><strong><span dir=\"auto\">rozvinut\u00e9 zem\u011b<\/span><\/strong><span dir=\"auto\">\u00a0nesly je\u0161t\u011b v\u011bt\u0161\u00ed finan\u010dn\u00ed z\u00e1t\u011b\u017e, zat\u00edmco\u00a0<\/span><strong><span dir=\"auto\">\u010c\u00edna<\/span><\/strong><span dir=\"auto\">\u00a0a dal\u0161\u00ed velk\u00e9 pr\u016fmyslov\u00e9 zem\u011b musely p\u0159isp\u00edvat\u00a0<\/span><strong><span dir=\"auto\">pouze \u201edobrovoln\u011b<\/span><\/strong><span dir=\"auto\">\u00a0\u201c .<\/span><\/p>\n<p><span dir=\"auto\">Ironie nyn\u00ed z\u0159ejm\u011b pokra\u010duje:\u00a0Amazonie je k\u00e1cena kv\u016fli\u00a0<\/span><strong><span dir=\"auto\">ochran\u011b klimatu \u2013\u00a0<\/span><\/strong><strong><span dir=\"auto\">a to ze v\u0161eho nejv\u00edc ve jm\u00e9nu klimatick\u00e9 spravedlnosti.<\/span><\/strong><\/p>\n<p><em><span dir=\"auto\">Od Rebeky Kisov\u00e9<\/span><\/em><\/p>\n<\/div>\n<\/div>\n<div class=\"elementor-element elementor-element-8c57238 quelle dc-has-condition dc-condition-empty elementor-widget elementor-widget-heading\" data-id=\"8c57238\" data-element_type=\"widget\" data-widget_type=\"heading.default\">\n<div class=\"elementor-widget-container\">\n<h3 class=\"elementor-heading-title elementor-size-default\"><span style=\"font-size: 10pt;\"><a href=\"https:\/\/europeanconservative.com\/articles\/news-corner\/brazil-amazon-trees-cut-down-preparing-for-cop30\/\" target=\"_blank\" rel=\"nofollow noopener\"><span dir=\"auto\">Zdroj<\/span><\/a><\/span><\/h3>\n<p>&nbsp;<\/p>\n<\/div>\n<\/div>\n","protected":false},"excerpt":{"rendered":"<p>Kdo by to byl \u0159ekl?\u00a0Boj proti zm\u011bn\u011b klimatu\u00a0z\u0159ejm\u011b vy\u017eaduje v\u00fdstavbu\u00a0osmim\u00edlov\u00e9 d\u00e1lnice srdcem Amazonie\u00a0, aby se&#8230;<\/p>\n","protected":false},"author":2,"featured_media":89069,"comment_status":"closed","ping_status":"closed","sticky":false,"template":"","format":"standard","meta":[],"categories":[7],"tags":[288,873,2169,5520],"_links":{"self":[{"href":"https:\/\/www.infokuryr.cz\/n\/wp-json\/wp\/v2\/posts\/90244"}],"collection":[{"href":"https:\/\/www.infokuryr.cz\/n\/wp-json\/wp\/v2\/posts"}],"about":[{"href":"https:\/\/www.infokuryr.cz\/n\/wp-json\/wp\/v2\/types\/post"}],"author":[{"embeddable":true,"href":"https:\/\/www.infokuryr.cz\/n\/wp-json\/wp\/v2\/users\/2"}],"replies":[{"embeddable":true,"href":"https:\/\/www.infokuryr.cz\/n\/wp-json\/wp\/v2\/comments?post=90244"}],"version-history":[{"count":0,"href":"https:\/\/www.infokuryr.cz\/n\/wp-json\/wp\/v2\/posts\/90244\/revisions"}],"wp:featuredmedia":[{"embeddable":true,"href":"https:\/\/www.infokuryr.cz\/n\/wp-json\/wp\/v2\/media\/89069"}],"wp:attachment":[{"href":"https:\/\/www.infokuryr.cz\/n\/wp-json\/wp\/v2\/media?parent=90244"}],"wp:term":[{"taxonomy":"category","embeddable":true,"href":"https:\/\/www.infokuryr.cz\/n\/wp-json\/wp\/v2\/categories?post=90244"},{"taxonomy":"post_tag","embeddable":true,"href":"https:\/\/www.infokuryr.cz\/n\/wp-json\/wp\/v2\/tags?post=90244"}],"curies":[{"name":"wp","href":"https:\/\/api.w.org\/{rel}","templated":true}]}}