{"id":90242,"date":"2025-10-21T00:12:06","date_gmt":"2025-10-20T22:12:06","guid":{"rendered":"https:\/\/www.infokuryr.cz\/n\/?p=90242"},"modified":"2025-10-20T16:35:54","modified_gmt":"2025-10-20T14:35:54","slug":"propagandisticka-architektura-kim-cong-unovych-vezeni-hruzy","status":"publish","type":"post","link":"https:\/\/www.infokuryr.cz\/n\/2025\/10\/21\/propagandisticka-architektura-kim-cong-unovych-vezeni-hruzy\/","title":{"rendered":"Propagandistick\u00e1 architektura Kim \u010cong-unov\u00fdch \u201ev\u011bzen\u00ed hr\u016fzy\u201c"},"content":{"rendered":"<div id=\"fb-root\"><\/div>\n<h2 class=\"elementor-heading-title elementor-size-default\"><span dir=\"auto\">Blick z\u00e1m\u011brn\u011b zatajuje, kdo je financuje<\/span><\/h2>\n<p><span dir=\"auto\">Hororov\u00e9 v\u011bznice jako narativ USA:\u00a0<\/span><a href=\"https:\/\/archive.is\/qGcV0\" target=\"_blank\" rel=\"noreferrer noopener\" data-type=\"link\" data-id=\"https:\/\/archive.is\/qGcV0\"><span dir=\"auto\">\u010cl\u00e1nek v Blicu<\/span><\/a><span dir=\"auto\">\u00a0se op\u00edr\u00e1 o think-tanky financovan\u00e9 USA, jako je HRNK, a st\u00e1tem kontrolovan\u00e9 jihokorejsk\u00e9 instituty \u2013 \u017e\u00e1dn\u00e9 nez\u00e1visl\u00e9 zdroje<\/span><\/p>\n<h3 class=\"wp-block-heading\"><span dir=\"auto\">Investigativn\u00ed novin\u00e1\u0159sk\u00e1 anal\u00fdza z\u00e1padn\u00edch r\u00e1mcov\u00fdch s\u00edt\u00ed, americk\u00fdch think tank\u016f a kontrolovan\u00fdch narativ\u016f<\/span><\/h3>\n<h2 class=\"wp-block-heading\"><span dir=\"auto\">\u00davod: Kdy\u017e je propaganda prod\u00e1v\u00e1na jako osv\u00edcen\u00ed<\/span><\/h2>\n<p><span dir=\"auto\">Nejnov\u011bj\u0161\u00ed \u010dl\u00e1nek\u00a0<\/span><em><span dir=\"auto\">v Blicu<\/span><\/em><span dir=\"auto\">\u00a0o \u00fadajn\u00fdch \u201ev\u011bznic\u00edch hr\u016fzy\u201c Kim \u010cong-una je dal\u0161\u00edm v desetilet\u00ed trvaj\u00edc\u00ed s\u00e9rii podobn\u00fdch odhalen\u00ed z\u00e1padn\u00edch m\u00e9di\u00ed. Poka\u017ed\u00e9 se objevuj\u00ed nov\u00e9 satelitn\u00ed sn\u00edmky, poka\u017ed\u00e9 se objevuj\u00ed tvrzen\u00ed o \u201enov\u00fdch d\u016fkazech\u201c o tajn\u00fdch t\u00e1borech \u2013 a poka\u017ed\u00e9 informace poch\u00e1zej\u00ed ze stejn\u00fdch zdroj\u016f.<\/span><\/p>\n<p><span dir=\"auto\">To, co vypad\u00e1 jako investigativn\u00ed pr\u00e1ce v oblasti lidsk\u00fdch pr\u00e1v, je ve skute\u010dnosti sou\u010d\u00e1st\u00ed\u00a0<\/span><strong><span dir=\"auto\">koordinovan\u00e9 informa\u010dn\u00ed architektury<\/span><\/strong><span dir=\"auto\">\u00a0: s\u00edt\u011b\u00a0<\/span><strong><span dir=\"auto\">think-tank\u016f financovan\u00fdch USA, jihokorejsk\u00fdch st\u00e1tn\u00edch institut\u016f a komis\u00ed p\u0159idru\u017een\u00fdch k OSN<\/span><\/strong><span dir=\"auto\">\u00a0, kter\u00e9 \u00fazce spolupracuj\u00ed s Washingtonem.<\/span><\/p>\n<p><span dir=\"auto\">Jm\u00e9na se m\u011bn\u00ed, p\u0159\u00edb\u011bh z\u016fst\u00e1v\u00e1:\u00a0<\/span><strong><span dir=\"auto\">Severn\u00ed Korea jako vrcholn\u00e9 zlo<\/span><\/strong><span dir=\"auto\">\u00a0, mor\u00e1ln\u00ed nep\u0159\u00edtel, kter\u00fd udr\u017euje legitimitu z\u00e1padn\u00ed zahrani\u010dn\u00ed politiky.<\/span><\/p>\n<h2 class=\"wp-block-heading\"><span dir=\"auto\">Hlavn\u00ed zdroj: HRNK \u2013 washingtonsk\u00fd stroj na lidsk\u00e1 pr\u00e1va<\/span><\/h2>\n<h3 class=\"wp-block-heading\"><span dir=\"auto\">Ofici\u00e1ln\u00ed role<\/span><\/h3>\n<p><span dir=\"auto\">V\u00fdbor pro lidsk\u00e1 pr\u00e1va v Severn\u00ed Koreji (\u00a0<\/span><strong><span dir=\"auto\">HRNK<\/span><\/strong><span dir=\"auto\">\u00a0) je \u00fast\u0159edn\u00edm zdrojem t\u00e9m\u011b\u0159 v\u0161ech z\u00e1padn\u00edch zpr\u00e1v o severokorejsk\u00fdch t\u00e1borech. Pravideln\u011b publikuje anal\u00fdzy t\u00e1bora 14, t\u00e1bora 15 nebo t\u00e1bora 25 \u2013 v\u017edy na z\u00e1klad\u011b\u00a0<\/span><strong><span dir=\"auto\">komer\u010dn\u00edch satelitn\u00edch sn\u00edmk\u016f<\/span><\/strong><span dir=\"auto\">\u00a0a\u00a0<\/span><strong><span dir=\"auto\">v\u00fdpov\u011bd\u00ed p\u0159eb\u011bhl\u00edk\u016f<\/span><\/strong><span dir=\"auto\">\u00a0.<\/span><\/p>\n<p><span dir=\"auto\">Webov\u00e9 str\u00e1nky:\u00a0<\/span><a href=\"https:\/\/hrnk.org\/\" target=\"_blank\" rel=\"noreferrer noopener\"><span dir=\"auto\">hrnk.org<\/span><\/a><br \/>\n<span dir=\"auto\">P\u0159\u00edklad zpr\u00e1vy:\u00a0<\/span><em><span dir=\"auto\">Anal\u00fdza sn\u00edmk\u016f t\u00e1bora 14<\/span><\/em><span dir=\"auto\">\u00a0(2013) \u2013\u00a0<\/span><a href=\"https:\/\/nkhiddengulag.org\/hrnk-reports.html\" target=\"_blank\" rel=\"noreferrer noopener\"><span dir=\"auto\">nkhiddengulag.org\/hrnk-reports.html<\/span><\/a><\/p>\n<h3 class=\"wp-block-heading\"><span dir=\"auto\">Financov\u00e1n\u00ed a kontrola<\/span><\/h3>\n<p><span dir=\"auto\">HRNK je\u00a0<\/span><strong><span dir=\"auto\">registrov\u00e1na ve Washingtonu, D.C.<\/span><\/strong><span dir=\"auto\">\u00a0, a je financov\u00e1na americk\u00fdmi nadacemi a vl\u00e1dn\u00edmi programy, v\u010detn\u011b:<\/span><\/p>\n<ul>\n<li><strong><span dir=\"auto\">N\u00e1rodn\u00ed nadace pro demokracii (NED)<\/span><\/strong><span dir=\"auto\">\u00a0\u2013 financovan\u00e1 p\u0159\u00edmo Kongresem USA<\/span><\/li>\n<li><strong><span dir=\"auto\">USAID<\/span><\/strong><span dir=\"auto\">\u00a0\u2013 vl\u00e1dn\u00ed rozvojov\u00e1 agentura, sou\u010d\u00e1st americk\u00e9ho ministerstva zahrani\u010d\u00ed<\/span><\/li>\n<li><strong><span dir=\"auto\">Nadace Open Society<\/span><\/strong><span dir=\"auto\">\u00a0\u2013 zn\u00e1m\u00e9 programy na zm\u011bnu re\u017eim\u016f v z\u00e1jmu USA<\/span><\/li>\n<\/ul>\n<p><a href=\"https:\/\/www.hrnk.org\/wp-content\/uploads\/pdfs\/publications\/eng\/NKHiddenGulag_DavidHawk2.pdf\" target=\"_blank\" rel=\"noreferrer noopener\" data-type=\"link\" data-id=\"https:\/\/www.hrnk.org\/wp-content\/uploads\/pdfs\/publications\/eng\/NKHiddenGulag_DavidHawk2.pdf\"><span dir=\"auto\">Zdroj<\/span><\/a><span dir=\"auto\">\u00a0:<\/span><\/p>\n<p><span dir=\"auto\">Hlas\u00a0<\/span><em><span dir=\"auto\">Ameriky<\/span><\/em><span dir=\"auto\">\u00a0v roce 2025 informoval, \u017ee mnoho severokorejsk\u00fdch nevl\u00e1dn\u00edch organizac\u00ed, v\u010detn\u011b HRNK, \u201ep\u0159ijde o \u017eivobyt\u00ed, pokud bude financov\u00e1n\u00ed ze strany USA omezeno\u201c.<\/span><br \/>\n<span dir=\"auto\">\u2192 Zdroj:\u00a0<\/span><a href=\"https:\/\/www.voanews.com\/\" target=\"_blank\" rel=\"noreferrer noopener\"><span dir=\"auto\">VOA News, 2025<\/span><\/a><\/p>\n<h3 class=\"wp-block-heading\"><span dir=\"auto\">Politick\u00e1 anga\u017eovanost<\/span><\/h3>\n<p><span dir=\"auto\">V p\u0159edstavenstvu HRNK jsou b\u00fdval\u00ed \u00fa\u0159edn\u00edci CIA, ministerstva zahrani\u010d\u00ed a Pentagonu. HRNK proto nen\u00ed\u00a0<\/span><strong><span dir=\"auto\">nez\u00e1visl\u00fdm projektem v oblasti lidsk\u00fdch pr\u00e1v<\/span><\/strong><span dir=\"auto\">\u00a0, ale\u00a0<\/span><strong><span dir=\"auto\">n\u00e1strojem m\u011bkk\u00e9 moci americk\u00e9 zahrani\u010dn\u00ed politiky<\/span><\/strong><span dir=\"auto\">\u00a0.<\/span><\/p>\n<h2 class=\"wp-block-heading\"><span dir=\"auto\">Druh\u00fd zdroj: KINU \u2013 St\u00e1tn\u00ed institut Ji\u017en\u00ed Koreje<\/span><\/h2>\n<p><span dir=\"auto\">Korejsk\u00fd\u00a0<\/span><strong><span dir=\"auto\">institut pro n\u00e1rodn\u00ed sjednocen\u00ed (KINU)<\/span><\/strong><span dir=\"auto\">\u00a0se s\u00eddlem v Soulu je hlavn\u00edm asijsk\u00fdm partnerem pro studie HRNK. Prov\u00e1d\u00ed politick\u00e9 anal\u00fdzy, pr\u016fzkumy mezi p\u0159eb\u011bhl\u00edky a statistiky o \u00fadajn\u00e9m po\u010dtu v\u011bz\u0148\u016f v Severn\u00ed Koreji.<\/span><\/p>\n<p><span dir=\"auto\">Webov\u00e9 str\u00e1nky:\u00a0<\/span><a href=\"https:\/\/kinu.or.kr\/\"><span dir=\"auto\">kinu.or.kr<\/span><\/a><br \/>\n<span dir=\"auto\">Wikipedie:\u00a0<\/span><a href=\"https:\/\/en.wikipedia.org\/wiki\/Korea_Institute_for_National_Unification\"><span dir=\"auto\">KINU \u2013 Korejsk\u00fd institut pro n\u00e1rodn\u00ed sjednocen\u00ed<\/span><\/a><\/p>\n<h3 class=\"wp-block-heading\"><span dir=\"auto\">Konstruk\u010dn\u00ed spojen\u00ed<\/span><\/h3>\n<p><span dir=\"auto\">KINU nen\u00ed\u00a0<\/span><strong><span dir=\"auto\">nez\u00e1visl\u00fd v\u00fdzkumn\u00fd \u00fastav<\/span><\/strong><span dir=\"auto\">\u00a0, ale sp\u00ed\u0161e\u00a0pod\u0159\u00edzen\u00a0<\/span><strong><span dir=\"auto\">N\u00e1rodn\u00ed v\u00fdzkumn\u00e9 rad\u011b pro ekonomii, humanitn\u00ed a soci\u00e1ln\u00ed v\u011bdy (NRC) \u2013 vl\u00e1dn\u00ed agentu\u0159e pod\u00a0<\/span><\/strong><strong><span dir=\"auto\">\u00fa\u0159adem premi\u00e9ra Ji\u017en\u00ed Koreje<\/span><\/strong><span dir=\"auto\">\u00a0.<\/span><br \/>\n<span dir=\"auto\">\u2192 Zdroj:\u00a0<\/span><a href=\"https:\/\/nrc.re.kr\/\" target=\"_blank\" rel=\"noreferrer noopener\"><span dir=\"auto\">nrc.re.kr<\/span><\/a><\/p>\n<p><span dir=\"auto\">NRC dohl\u00ed\u017e\u00ed na v\u0161echny instituty p\u016fsob\u00edc\u00ed pod jej\u00ed z\u00e1\u0161titou, \u0159\u00edd\u00ed je a hodnot\u00ed. KINU je tedy p\u0159\u00edmo\u00a0<\/span><strong><span dir=\"auto\">\u0159\u00edzena st\u00e1tem<\/span><\/strong><span dir=\"auto\">\u00a0\u2013 a p\u0159irozen\u011b funguje v souladu s jihokorejskou\u00a0<\/span><strong><span dir=\"auto\">bezpe\u010dnostn\u00ed doktr\u00ednou spojenc\u016f USA<\/span><\/strong><span dir=\"auto\">\u00a0.<\/span><\/p>\n<p><span dir=\"auto\">KINU pravideln\u011b spolupracuje s\u00a0<\/span><strong><span dir=\"auto\">americk\u00fdm ministerstvem zahrani\u010d\u00ed<\/span><\/strong><span dir=\"auto\">\u00a0,\u00a0<\/span><strong><span dir=\"auto\">organizac\u00ed RAND Corporation<\/span><\/strong><span dir=\"auto\">\u00a0a\u00a0<\/span><strong><span dir=\"auto\">N\u00e1rodn\u00ed nadac\u00ed pro demokracii<\/span><\/strong><span dir=\"auto\">\u00a0.<\/span><\/p>\n<h2 class=\"wp-block-heading\"><span dir=\"auto\">T\u0159et\u00ed zdroj: Spolupr\u00e1ce Komise OSN a nevl\u00e1dn\u00edch organizac\u00ed<\/span><\/h2>\n<p><span dir=\"auto\">Vy\u0161et\u0159ovac\u00ed komise pro lidsk\u00e1 pr\u00e1va v KLDR (COI) \u00da\u0159adu\u00a0<\/span><strong><span dir=\"auto\">vysok\u00e9ho komisa\u0159e OSN pro lidsk\u00e1 pr\u00e1va (OHCHR),<\/span><\/strong><span dir=\"auto\">\u00a0z\u0159\u00edzen\u00e1 v roce 2014 , slou\u017eila jako glob\u00e1ln\u00ed \u0161i\u0159itel zpr\u00e1v shrom\u00e1\u017ed\u011bn\u00fdch HRNK a KINU.<\/span><\/p>\n<p><span dir=\"auto\">\u2192 Ofici\u00e1ln\u00ed zpr\u00e1va:\u00a0<\/span><a href=\"https:\/\/www.ohchr.org\/en\/hr-bodies\/hrc\/coi-dprk\/report-coi-dprk\" target=\"_blank\" rel=\"noreferrer noopener\"><span dir=\"auto\">OHCHR KLDR COI 2014<\/span><\/a><\/p>\n<p><span dir=\"auto\">Zpr\u00e1va COI z roku 2014 z velk\u00e9 \u010d\u00e1sti cituje stejn\u00e9 p\u0159eb\u011bhl\u00edky, stejn\u00e9 satelitn\u00ed sn\u00edmky a stejn\u00e9 anal\u00fdzy nevl\u00e1dn\u00edch organizac\u00ed. Komise OSN neov\u011b\u0159ila \u017e\u00e1dn\u00e1 data z m\u00edsta \u2013 jednodu\u0161e reprodukovala to, co bylo poskytnuto z Washingtonu a Soulu.<\/span><\/p>\n<h2 class=\"wp-block-heading\"><span dir=\"auto\">Medi\u00e1ln\u00ed kask\u00e1da \u2013 od think tanku k titulk\u016fm<\/span><\/h2>\n<p><span dir=\"auto\">Informa\u010dn\u00ed syst\u00e9m funguje ve\u00a0<\/span><strong><span dir=\"auto\">\u010dty\u0159ech f\u00e1z\u00edch<\/span><\/strong><span dir=\"auto\">\u00a0:<\/span><\/p>\n<ol>\n<li><strong><span dir=\"auto\">Produkce<\/span><\/strong><span dir=\"auto\">\u00a0\u2013 HRNK\/KINU p\u0159ipravuj\u00ed zpr\u00e1vy s vyu\u017eit\u00edm satelitn\u00edch sn\u00edmk\u016f a anonymn\u00edch prohl\u00e1\u0161en\u00ed.<\/span><\/li>\n<li><strong><span dir=\"auto\">Legitimita<\/span><\/strong><span dir=\"auto\">\u00a0\u2013 na to se odvol\u00e1vaj\u00ed zpr\u00e1vy OSN nebo vl\u00e1dn\u00ed agentury USA.<\/span><\/li>\n<li><strong><span dir=\"auto\">N\u00e1soben\u00ed<\/span><\/strong><span dir=\"auto\">\u00a0\u2013 p\u0159edn\u00ed z\u00e1padn\u00ed m\u00e9dia jako\u00a0<\/span><em><span dir=\"auto\">The Guardian<\/span><\/em><span dir=\"auto\">\u00a0,\u00a0<\/span><em><span dir=\"auto\">BBC<\/span><\/em><span dir=\"auto\">\u00a0,\u00a0<\/span><em><span dir=\"auto\">Reuters<\/span><\/em><span dir=\"auto\">\u00a0nebo\u00a0<\/span><em><span dir=\"auto\">The Sun<\/span><\/em><span dir=\"auto\">\u00a0p\u0159eb\u00edraj\u00ed narativy a dramaticky je ilustruj\u00ed.<\/span><\/li>\n<li><strong><span dir=\"auto\">Lokalizace<\/span><\/strong><span dir=\"auto\">\u00a0\u2013 Sekund\u00e1rn\u00ed m\u00e9dia jako\u00a0<\/span><em><span dir=\"auto\">Blick<\/span><\/em><span dir=\"auto\">\u00a0a\u00a0<\/span><em><span dir=\"auto\">Focus<\/span><\/em><span dir=\"auto\">\u00a0prezentuj\u00ed stejn\u00fd obsah v emocionalizovan\u00e9m bulv\u00e1rn\u00edm form\u00e1tu.<\/span><\/li>\n<\/ol>\n<p><strong><span dir=\"auto\">V\u00fdsledek: Stejn\u00e1 zpr\u00e1va se recykluje<\/span><\/strong><span dir=\"auto\">\u00a0na des\u00edtk\u00e1ch platforem\u00a0\u2013 poka\u017ed\u00e9 s tvrzen\u00edm, \u017ee se jedn\u00e1 o \u201enov\u00e1 odhalen\u00ed\u201c.<\/span><\/p>\n<h2 class=\"wp-block-heading\"><span dir=\"auto\">Financov\u00e1n\u00ed a geopolitick\u00e9 v\u00fdhody<\/span><\/h2>\n<p><span dir=\"auto\">Cel\u00e1 informa\u010dn\u00ed s\u00ed\u0165 je za\u010dlen\u011bna do\u00a0<\/span><strong><span dir=\"auto\">struktury americk\u00e9 iniciativy US Democracy Promotion<\/span><\/strong><span dir=\"auto\">\u00a0.\u00a0<\/span><strong><span dir=\"auto\">NED<\/span><\/strong><span dir=\"auto\">\u00a0(N\u00e1rodn\u00ed nadace pro demokracii) financuje nevl\u00e1dn\u00ed organizace a think tanky po cel\u00e9m sv\u011bt\u011b, kter\u00e9 jednaj\u00ed v souladu s americkou zahrani\u010dn\u00ed politikou \u2013 zam\u011b\u0159uj\u00ed se na\u00a0<\/span><strong><span dir=\"auto\">zm\u011bnu re\u017eim\u016f, informa\u010dn\u00ed v\u00e1lku a kampan\u011b za legitimizaci<\/span><\/strong><span dir=\"auto\">\u00a0.<\/span><\/p>\n<p><span dir=\"auto\">Podle ofici\u00e1ln\u00edch zpr\u00e1v NED proudily\u00a0v letech 2018 a\u017e 2024 do projekt\u016f souvisej\u00edc\u00edch se Severn\u00ed Koreou, v\u010detn\u011b HRNK, Freedom House a platforem zalo\u017een\u00fdch na uprchl\u00edc\u00edch, ro\u010dn\u011b\u00a0<\/span><strong><span dir=\"auto\">p\u0159es 2 miliony dolar\u016f<\/span><\/strong><br \/>\n<span dir=\"auto\">. \u2192 Zdroj:\u00a0<\/span><a href=\"https:\/\/www.ned.org\/\" target=\"_blank\" rel=\"noreferrer noopener\"><span dir=\"auto\">NED.org \u2013 Datab\u00e1ze grant\u016f<\/span><\/a><\/p>\n<p><span dir=\"auto\">Tyto instituce jsou \u00fazce propojeny s americk\u00fdmi vl\u00e1dn\u00edmi agenturami. Ji\u017e v roce 1986 zakladatel NED Allen Weinstein prohl\u00e1sil:<\/span><\/p>\n<p><em><span dir=\"auto\">\u201eCo CIA d\u011blala tajn\u011b p\u0159ed 25 lety, d\u011bl\u00e1me dnes otev\u0159en\u011b.\u201c<\/span><\/em><\/p>\n<h2 class=\"wp-block-heading\"><span dir=\"auto\">Opakuj\u00edc\u00ed se cykly \u2013 r\u00e1mov\u00e1n\u00ed jako ritu\u00e1l<\/span><\/h2>\n<p><span dir=\"auto\">Zpr\u00e1vy o \u201eseverokorejsk\u00fdch gulaz\u00edch\u201c se objevuj\u00ed v pravideln\u00fdch intervalech ji\u017e v\u00edce ne\u017e dv\u011b desetilet\u00ed:<\/span><\/p>\n<figure class=\"wp-block-table\">\n<table class=\"has-fixed-layout\">\n<thead>\n<tr>\n<th><span dir=\"auto\">Rok<\/span><\/th>\n<th><span dir=\"auto\">st\u0159edn\u00ed<\/span><\/th>\n<th><span dir=\"auto\">Hlavn\u00ed sd\u011blen\u00ed<\/span><\/th>\n<th><span dir=\"auto\">zdroj<\/span><\/th>\n<\/tr>\n<\/thead>\n<tbody>\n<tr>\n<td><span dir=\"auto\">2003\u20132005<\/span><\/td>\n<td><span dir=\"auto\">BBC, HRNK<\/span><\/td>\n<td><span dir=\"auto\">\u201eNov\u00e9 d\u016fkazy o koncentra\u010dn\u00edch t\u00e1borech\u201c<\/span><\/td>\n<td><span dir=\"auto\">HRNK, p\u0159eb\u011bhl\u00edci<\/span><\/td>\n<\/tr>\n<tr>\n<td><span dir=\"auto\">2012\u20132013<\/span><\/td>\n<td><span dir=\"auto\">Amnesty, Guardian<\/span><\/td>\n<td><span dir=\"auto\">\u201eRoz\u0161\u00ed\u0159it sklady\u201c<\/span><\/td>\n<td><span dir=\"auto\">HRNK, AllSource<\/span><\/td>\n<\/tr>\n<tr>\n<td><span dir=\"auto\">2016\u20132017<\/span><\/td>\n<td><span dir=\"auto\">Reuters, HRNK<\/span><\/td>\n<td><span dir=\"auto\">\u201eT\u00e1bor 14 je st\u00e1le aktivn\u00ed\u201c<\/span><\/td>\n<td><span dir=\"auto\">HRNK, KINU<\/span><\/td>\n<\/tr>\n<tr>\n<td><span dir=\"auto\">2020\u20132021<\/span><\/td>\n<td><span dir=\"auto\">BBC, DW<\/span><\/td>\n<td><span dir=\"auto\">\u201eNov\u00e9 satelitn\u00ed sn\u00edmky ukazuj\u00ed t\u00e1bory\u201c<\/span><\/td>\n<td><span dir=\"auto\">HRNK, OSN<\/span><\/td>\n<\/tr>\n<tr>\n<td><span dir=\"auto\">2025<\/span><\/td>\n<td><span dir=\"auto\">Blick, The Sun<\/span><\/td>\n<td><span dir=\"auto\">\u201eOdhalena v\u011bznice hr\u016fzy\u201c<\/span><\/td>\n<td><span dir=\"auto\">HRNK, KINU<\/span><\/td>\n<\/tr>\n<\/tbody>\n<\/table>\n<\/figure>\n<p><span dir=\"auto\">Mapy, sou\u0159adnice a odhady jsou si n\u00e1padn\u011b podobn\u00e9. Li\u0161\u00ed se pouze vizu\u00e1ln\u00ed prezentace.<\/span><\/p>\n<h2 class=\"wp-block-heading\"><span dir=\"auto\">Z\u00e1v\u011br: Funkce narativu<\/span><\/h2>\n<p><span dir=\"auto\">Nejde\u00a0<\/span><strong><span dir=\"auto\">o osv\u011btu<\/span><\/strong><span dir=\"auto\">\u00a0, ale o\u00a0<\/span><strong><span dir=\"auto\">politick\u00e9 r\u00e1mov\u00e1n\u00ed<\/span><\/strong><span dir=\"auto\">\u00a0.<\/span><\/p>\n<p><span dir=\"auto\">Severn\u00ed Korea slou\u017e\u00ed jako\u00a0<\/span><strong><span dir=\"auto\">symbolick\u00e9 zlo<\/span><\/strong><span dir=\"auto\">\u00a0, projek\u010dn\u00ed plocha pro z\u00e1padn\u00ed mor\u00e1ln\u00ed politiku \u2013 psychologick\u00fd kontrast, kter\u00fd upev\u0148uje demokratick\u00e9 hodnoty a ospravedl\u0148uje tvrdou zahrani\u010dn\u00ed politiku.<\/span><\/p>\n<p><span dir=\"auto\">R\u00e1mec \u201eSevern\u00ed Korea = peklo\u201c se pravideln\u011b obnovuje, aby se stabilizoval obraz Z\u00e1padu jako mor\u00e1ln\u00ed autority \u2013 zejm\u00e9na kdy\u017e jsou kritizov\u00e1ny jeho vlastn\u00ed v\u00e1lky, z\u00e1kony o sledov\u00e1n\u00ed nebo ekonomick\u00e9 krize.<\/span><\/p>\n<h2 class=\"wp-block-heading\"><span dir=\"auto\">Zdroje (v\u00fdb\u011br a ov\u011b\u0159itelnost)<\/span><\/h2>\n<ul>\n<li><strong><span dir=\"auto\">HRNK (V\u00fdbor pro lidsk\u00e1 pr\u00e1va v Severn\u00ed Koreji)<\/span><\/strong><span dir=\"auto\">\u00a0\u2013\u00a0<\/span><a href=\"https:\/\/hrnk.org\/\" target=\"_blank\" rel=\"noreferrer noopener\"><span dir=\"auto\">hrnk.org<\/span><\/a><span dir=\"auto\">\u00a0\/\u00a0<\/span><a href=\"https:\/\/nkhiddengulag.org\/\" target=\"_blank\" rel=\"noreferrer noopener\"><span dir=\"auto\">nkhiddengulag.org<\/span><\/a><\/li>\n<li><strong><span dir=\"auto\">KINU (Korejsk\u00fd institut pro n\u00e1rodn\u00ed sjednocen\u00ed)<\/span><\/strong><span dir=\"auto\">\u00a0\u2013\u00a0<\/span><a href=\"https:\/\/kinu.or.kr\/\" target=\"_blank\" rel=\"noreferrer noopener\"><span dir=\"auto\">kinu.or.kr<\/span><\/a><\/li>\n<li><strong><span dir=\"auto\">NRC \u2013 N\u00e1rodn\u00ed v\u00fdzkumn\u00e1 rada pro ekonomii, humanitn\u00ed a soci\u00e1ln\u00ed v\u011bdy<\/span><\/strong><span dir=\"auto\">\u00a0\u2013\u00a0<\/span><a href=\"https:\/\/nrc.re.kr\/\" target=\"_blank\" rel=\"noreferrer noopener\"><span dir=\"auto\">nrc.re.kr<\/span><\/a><\/li>\n<li><strong><span dir=\"auto\">NED \u2013 N\u00e1rodn\u00ed nadace pro demokracii<\/span><\/strong><span dir=\"auto\">\u00a0\u2013\u00a0<\/span><a href=\"https:\/\/www.ned.org\/\" target=\"_blank\" rel=\"noreferrer noopener\"><span dir=\"auto\">ned.org<\/span><\/a><\/li>\n<li><strong><span dir=\"auto\">OHCHR COI KLDR 2014<\/span><\/strong><span dir=\"auto\">\u00a0\u2013\u00a0<\/span><a href=\"https:\/\/www.ohchr.org\/en\/hr-bodies\/hrc\/coi-dprk\/report-coi-dprk\" target=\"_blank\" rel=\"noreferrer noopener\"><span dir=\"auto\">ohchr.org<\/span><\/a><\/li>\n<li><strong><span dir=\"auto\">Zpr\u00e1vy VOA<\/span><\/strong><span dir=\"auto\">\u00a0\u2013\u00a0<\/span><em><span dir=\"auto\">\u0160krty ve financov\u00e1n\u00ed ohro\u017euj\u00ed severokorejsk\u00e9 nevl\u00e1dn\u00ed organizace<\/span><\/em><span dir=\"auto\">\u00a0(2025)<\/span><\/li>\n<li><strong><span dir=\"auto\">The Guardian \/ BBC \/ Reuters \/ The Sun \/ Blick<\/span><\/strong><span dir=\"auto\">\u00a0\u2013 Reprodukovan\u00e9 zpr\u00e1vy nevl\u00e1dn\u00edch organizac\u00ed 2013\u20132025<\/span><\/li>\n<\/ul>\n<h2 class=\"wp-block-heading\"><span dir=\"auto\">Z\u00e1v\u011bre\u010dn\u00e1 slova<\/span><\/h2>\n<p><span dir=\"auto\">\u010cl\u00e1nek\u00a0<\/span><em><span dir=\"auto\">v Blicku<\/span><\/em><span dir=\"auto\">\u00a0o \u201ev\u011bznic\u00edch hr\u016fzy\u201c v Severn\u00ed Koreji nen\u00ed origin\u00e1ln\u00edm novin\u00e1\u0159sk\u00fdm p\u0159\u00edsp\u011bvkem, ale\u00a0<\/span><strong><span dir=\"auto\">sou\u010d\u00e1st\u00ed zorganizovan\u00e9ho informa\u010dn\u00edho cyklu<\/span><\/strong><span dir=\"auto\">\u00a0, kter\u00fd\u00a0je stabilizov\u00e1n\u00a0<\/span><strong><span dir=\"auto\">financov\u00e1n\u00edm z USA, jihokorejsk\u00fdmi vl\u00e1dn\u00edmi apar\u00e1ty a reprodukc\u00ed z\u00e1padn\u00edch m\u00e9di\u00ed .<\/span><\/strong><\/p>\n<p><span dir=\"auto\">Se\u010dteno a podtr\u017eeno:<\/span><\/p>\n<p><em><span dir=\"auto\">Nen\u00ed to Severn\u00ed Korea, kter\u00e1 je zde p\u0159edm\u011btem osv\u00edcen\u00ed, ale samotn\u00e1 z\u00e1padn\u00ed ve\u0159ejnost \u2013 c\u00edl narativu, kter\u00fd neust\u00e1le opakuje jej\u00ed mor\u00e1ln\u00ed sebejistotu.<\/span><\/em><\/p>\n<p><img decoding=\"async\" loading=\"lazy\" class=\"alignnone size-full wp-image-1185\" src=\"http:\/\/www.infokuryr.cz\/n\/wp-content\/uploads\/2021\/04\/kuryr-podpis.png\" alt=\"\" width=\"84\" height=\"24\" \/><\/p>\n<p>&nbsp;<\/p>\n","protected":false},"excerpt":{"rendered":"<p>Blick z\u00e1m\u011brn\u011b zatajuje, kdo je financuje Hororov\u00e9 v\u011bznice jako narativ USA:\u00a0\u010cl\u00e1nek v Blicu\u00a0se op\u00edr\u00e1 o&#8230;<\/p>\n","protected":false},"author":2,"featured_media":90243,"comment_status":"closed","ping_status":"closed","sticky":false,"template":"","format":"standard","meta":[],"categories":[7],"tags":[45,502,158,1598],"_links":{"self":[{"href":"https:\/\/www.infokuryr.cz\/n\/wp-json\/wp\/v2\/posts\/90242"}],"collection":[{"href":"https:\/\/www.infokuryr.cz\/n\/wp-json\/wp\/v2\/posts"}],"about":[{"href":"https:\/\/www.infokuryr.cz\/n\/wp-json\/wp\/v2\/types\/post"}],"author":[{"embeddable":true,"href":"https:\/\/www.infokuryr.cz\/n\/wp-json\/wp\/v2\/users\/2"}],"replies":[{"embeddable":true,"href":"https:\/\/www.infokuryr.cz\/n\/wp-json\/wp\/v2\/comments?post=90242"}],"version-history":[{"count":0,"href":"https:\/\/www.infokuryr.cz\/n\/wp-json\/wp\/v2\/posts\/90242\/revisions"}],"wp:featuredmedia":[{"embeddable":true,"href":"https:\/\/www.infokuryr.cz\/n\/wp-json\/wp\/v2\/media\/90243"}],"wp:attachment":[{"href":"https:\/\/www.infokuryr.cz\/n\/wp-json\/wp\/v2\/media?parent=90242"}],"wp:term":[{"taxonomy":"category","embeddable":true,"href":"https:\/\/www.infokuryr.cz\/n\/wp-json\/wp\/v2\/categories?post=90242"},{"taxonomy":"post_tag","embeddable":true,"href":"https:\/\/www.infokuryr.cz\/n\/wp-json\/wp\/v2\/tags?post=90242"}],"curies":[{"name":"wp","href":"https:\/\/api.w.org\/{rel}","templated":true}]}}