{"id":9018,"date":"2022-03-11T01:59:33","date_gmt":"2022-03-11T00:59:33","guid":{"rendered":"http:\/\/www.infokuryr.cz\/n\/?p=9018"},"modified":"2022-03-10T17:41:04","modified_gmt":"2022-03-10T16:41:04","slug":"putin-usa-lzou-svym-vlastnim-obcanum-a-kryji-se-ruskem","status":"publish","type":"post","link":"https:\/\/www.infokuryr.cz\/n\/2022\/03\/11\/putin-usa-lzou-svym-vlastnim-obcanum-a-kryji-se-ruskem\/","title":{"rendered":"Putin: USA l\u017eou sv\u00fdm vlastn\u00edm ob\u010dan\u016fm, a kryj\u00ed se Ruskem"},"content":{"rendered":"<div id=\"fb-root\"><\/div>\n<p><strong>Rusk\u00fd prezident Vladimir Putin uvedl, \u017ee nikoliv p\u0159\u00e1telsk\u00e9 zem\u011b apeluj\u00ed na ob\u010dany, aby si t\u011bsn\u011bji ut\u00e1hli opasky a obl\u00e9kali se tepleji, a Rusko obvi\u0148uj\u00ed z toho, \u017ee pln\u00ed v\u0161echny sv\u00e9 z\u00e1vazky v oblasti dod\u00e1vek energi\u00ed.<\/strong><\/p>\n<p>\u201eCo se t\u00fd\u010de t\u011bch zem\u00ed, kter\u00e9 \u010din\u00ed nikoliv p\u0159\u00e1telsk\u00e9 kroky ve vztahu k na\u0161\u00ed zemi a ekonomice, my s v\u00e1mi velmi dob\u0159e v\u00edme \u2013 oni apeluj\u00ed na sv\u00e9 ob\u010dany, aby si ut\u00e1hli opasky, aby se obl\u00e9kali tepleji. A jako d\u016fvod zhor\u0161en\u00ed jejich situace uv\u00e1d\u011bj\u00ed sankce, kter\u00e9 v\u016f\u010di n\u00e1m uvaluj\u00ed. Velmi zvl\u00e1\u0161tn\u011b to vypad\u00e1, o to v\u00edc, \u017ee my pln\u00edme v\u0161echny sv\u00e9 z\u00e1vazky dod\u00e1vek energi\u00ed,\u201c uvedl Putin.<\/p>\n<p>Putin uvedl, \u017ee USA l\u017eou sv\u00fdm vlastn\u00edm ob\u010dan\u016fm, a kryj\u00ed se Ruskem.<\/p>\n<p>\u201eDod\u00e1vky rusk\u00e9 ropy, \u0159ekn\u011bme na americk\u00fd trh nep\u0159evy\u0161uj\u00ed 3 procenta. To je zanedbateln\u00e1 veli\u010dina. A ceny u nich rostou. My s t\u00edm v\u016fbec nic nem\u00e1me. A dokonce s t\u00edm v\u016fbec nesouvis\u00ed ani z\u00e1kaz dov\u00e1\u017eet ruskou ropu. Prost\u011b se kryj\u00ed t\u011bmito rozhodnut\u00edmi, aby op\u011bt obelhali sv\u00e9 vlastn\u00ed obyvatelstvo,\u201c uvedl Putin na jedn\u00e1n\u00ed se \u010dleny vl\u00e1dy.<\/p>\n<p>Rusk\u00fd prezident uvedl, \u017ee ceny na energie na Z\u00e1pad\u011b rostou kv\u016fli jejich vlastn\u00edm chyb\u00e1m ve v\u00fdpo\u010dtech.<\/p>\n<p>\u201eA ceny tam rostou, ne kv\u016fli n\u00e1m \u2013 je to v\u00fdsledek jejich vlastn\u00edch p\u0159epo\u010dt\u016f, nen\u00ed pot\u0159eba to h\u00e1zet na n\u00e1s,\u201c uvedl Putin.<\/p>\n<p>USA te\u010f cht\u011bj\u00ed podepisovat dohody na energetick\u00e9 zdroje s \u00cdr\u00e1nem a Venezuelou, v\u016f\u010di kter\u00fdm d\u0159\u00edve Amerika uvalovala nelegitimn\u00ed sankce, uvedl Putin.<\/p>\n<p>\u201eSna\u017e\u00ed se u\u017e za ka\u017edou cenu domluvit s t\u011bmi zem\u011bmi, na kter\u00e9 d\u0159\u00edve uvalovali nelegitimn\u00ed sankce a omezen\u00ed. I s \u00cdr\u00e1nem jsou p\u0159ipraveni se usm\u00ed\u0159it, okam\u017eit\u011b podepsat v\u0161echny dokumenty. Tak\u00e9 s Venezuelou. Vycestovali do Venezuely, aby se s nimi domluvili. Ale nebylo pot\u0159eba uvalovat nelegitimn\u00ed sankce,\u201c uvedl d\u00e1l Putin.<\/p>\n<p>Rusko nehodl\u00e1 zav\u00edrat sv\u016fj trh pro zahrani\u010dn\u00ed partnery a je p\u0159ipraveno pracovat se v\u0161emi, kdo si to p\u0159eje.<\/p>\n<p>\u201eMnohokr\u00e1t jsme o tom mluvili. My sami se nepl\u00e1nujeme pro nikoho zav\u00edrat. Jsme otev\u0159en\u00ed pr\u00e1ci se v\u0161emi na\u0161imi partnery, zejm\u00e9na partnery, kte\u0159\u00ed si to sami p\u0159ej\u00ed,\u201c \u0159ekl Putin.<\/p>\n<p>Rusk\u00fd prezident d\u00e1le uvedl, \u017ee si je jist\u00fd, \u017ee sankce proti Rusku by pokra\u010dovaly i nad\u00e1le, jako tomu bylo mnoho let p\u0159edt\u00edm. Podle Putina byl sank\u010dn\u00ed tlak na Rusko v\u017edy, ale te\u010f je komplexn\u00ed. Rusko v\u0161ak p\u0159ekon\u00e1 v\u0161echny probl\u00e9my, ekonomika se p\u0159izp\u016fsob\u00ed a zem\u011b bude nez\u00e1visl\u00e1.<\/p>\n<p>Mnoho zem\u00ed se p\u0159izp\u016fsobilo a p\u0159ij\u00edmaj\u00ed v\u0161echna sv\u00e1 rozhodnut\u00ed s ohledem na n\u00e1zor sv\u00e9ho suver\u00e9na, ale Rusko nem\u016f\u017ee existovat v natolik uboh\u00e9m a pon\u00ed\u017een\u00e9m stavu, p\u0159ekon\u00e1 v\u0161echny probl\u00e9my, uvedl rusk\u00fd prezident Vladimir Putin.<\/p>\n<p>\u201eMy s v\u00e1mi si dob\u0159e uv\u011bdomujeme, \u017ee mnoho zem\u00ed se p\u0159izp\u016fsobilo k \u017eivotu s ohnut\u00fdmi z\u00e1dy a 20kr\u00e1t p\u0159ij\u00edmaj\u00ed v\u0161echna rozhodnut\u00ed sv\u00e9ho suver\u00e9na. Rusko v takov\u00e9m stavu, uboh\u00e9m stavu, pon\u00ed\u017een\u00e9m stavu existovat nem\u016f\u017ee. D\u0159\u00edve nebo pozd\u011bji by se tohle muselo st\u00e1t, stalo se to te\u010f,\u201c uvedl Putin na jedn\u00e1n\u00ed se \u010dleny vl\u00e1dy s t\u00edm, \u017ee d\u00edky vl\u00e1d\u011b a rusk\u00fdm spole\u010dnostem budou vy\u0159e\u0161eny v\u0161echny probl\u00e9my.<\/p>\n<p><a href=\"https:\/\/cz.sputniknews.com\/20220310\/putin-usa-lzou-svym-vlastnim-obcanum-a-kryji-se-ruskem-17965880.html\">ZDROJ<\/a><\/p>\n<p>&nbsp;<\/p>\n","protected":false},"excerpt":{"rendered":"<p>Rusk\u00fd prezident Vladimir Putin uvedl, \u017ee nikoliv p\u0159\u00e1telsk\u00e9 zem\u011b apeluj\u00ed na ob\u010dany, aby si t\u011bsn\u011bji&#8230;<\/p>\n","protected":false},"author":2,"featured_media":8854,"comment_status":"closed","ping_status":"closed","sticky":false,"template":"","format":"standard","meta":[],"categories":[7],"tags":[102,125,37],"_links":{"self":[{"href":"https:\/\/www.infokuryr.cz\/n\/wp-json\/wp\/v2\/posts\/9018"}],"collection":[{"href":"https:\/\/www.infokuryr.cz\/n\/wp-json\/wp\/v2\/posts"}],"about":[{"href":"https:\/\/www.infokuryr.cz\/n\/wp-json\/wp\/v2\/types\/post"}],"author":[{"embeddable":true,"href":"https:\/\/www.infokuryr.cz\/n\/wp-json\/wp\/v2\/users\/2"}],"replies":[{"embeddable":true,"href":"https:\/\/www.infokuryr.cz\/n\/wp-json\/wp\/v2\/comments?post=9018"}],"version-history":[{"count":0,"href":"https:\/\/www.infokuryr.cz\/n\/wp-json\/wp\/v2\/posts\/9018\/revisions"}],"wp:featuredmedia":[{"embeddable":true,"href":"https:\/\/www.infokuryr.cz\/n\/wp-json\/wp\/v2\/media\/8854"}],"wp:attachment":[{"href":"https:\/\/www.infokuryr.cz\/n\/wp-json\/wp\/v2\/media?parent=9018"}],"wp:term":[{"taxonomy":"category","embeddable":true,"href":"https:\/\/www.infokuryr.cz\/n\/wp-json\/wp\/v2\/categories?post=9018"},{"taxonomy":"post_tag","embeddable":true,"href":"https:\/\/www.infokuryr.cz\/n\/wp-json\/wp\/v2\/tags?post=9018"}],"curies":[{"name":"wp","href":"https:\/\/api.w.org\/{rel}","templated":true}]}}