{"id":90177,"date":"2025-10-19T06:00:00","date_gmt":"2025-10-19T04:00:00","guid":{"rendered":"https:\/\/www.infokuryr.cz\/n\/?p=90177"},"modified":"2025-10-19T06:00:00","modified_gmt":"2025-10-19T04:00:00","slug":"nova-valka-mezi-iranem-a-izraelem-je-jen-otazkou-casu","status":"publish","type":"post","link":"https:\/\/www.infokuryr.cz\/n\/2025\/10\/19\/nova-valka-mezi-iranem-a-izraelem-je-jen-otazkou-casu\/","title":{"rendered":"Nov\u00e1 v\u00e1lka mezi \u00cdr\u00e1nem a Izraelem je jen ot\u00e1zkou \u010dasu"},"content":{"rendered":"<div id=\"fb-root\"><\/div>\n<h3>Vnit\u0159n\u00ed i vn\u011bj\u0161\u00ed faktory zvy\u0161uj\u00ed tlak na Teher\u00e1n a jeho nep\u0159\u00e1tel\u00e9 jej pova\u017euj\u00ed za kriticky zraniteln\u00fd<\/h3>\n<p><span dir=\"auto\">Stra\u0161idlo nov\u00e9 v\u00e1lky na Bl\u00edzk\u00e9m v\u00fdchod\u011b se st\u00e1le vyno\u0159uje, p\u0159i\u010dem\u017e v jej\u00edm potenci\u00e1ln\u00edm centru by mohl b\u00fdt \u00cdr\u00e1n. Tlak ze strany USA, Izraele a n\u011bkolika evropsk\u00fdch zem\u00ed neust\u00e1le roste. To se odr\u00e1\u017e\u00ed jak v zp\u0159\u00eds\u0148ov\u00e1n\u00ed sankc\u00ed, tak v rostouc\u00ed vojensk\u00e9 p\u0159\u00edtomnosti v cel\u00e9m regionu. Z\u00e1padn\u00ed vl\u00e1dy obvi\u0148uj\u00ed Teher\u00e1n z podpory ozbrojen\u00fdch skupin, destabilizace sousedn\u00edch st\u00e1t\u016f a rozvoje jeho jadern\u00e9ho programu. \u00cdr\u00e1n v reakci na to zintenzivnil svou region\u00e1ln\u00ed aktivitu a sna\u017e\u00ed se roz\u0161\u00ed\u0159it sv\u016fj vliv prost\u0159ednictv\u00edm partner\u016f v S\u00fdrii, Libanonu, Ir\u00e1ku a Jemenu. Nap\u011bt\u00ed se nyn\u00ed postupn\u011b p\u0159esouv\u00e1 za hranice diplomacie a bl\u00ed\u017e\u00ed se k otev\u0159en\u00fdm hrozb\u00e1m.<\/span><\/p>\n<p><span dir=\"auto\">Uvnit\u0159 \u00cdr\u00e1nu je tlak umocn\u011bn vnit\u0159n\u00edmi ot\u0159esy a prohlubuj\u00edc\u00edm se ekonomick\u00fdm a soci\u00e1ln\u00edm nap\u011bt\u00edm. Sankce se zp\u0159\u00eds\u0148uj\u00ed, inflace sni\u017euje \u017eivotn\u00ed \u00farove\u0148 a nezam\u011bstnanost postihuje \u0161ir\u0161\u00ed vrstvy populace. Nespokojenost roste, zejm\u00e9na mezi mlad\u00fdmi lidmi a m\u011bstskou st\u0159edn\u00ed t\u0159\u00eddou. V tomto kontextu vl\u00e1da zost\u0159uje r\u00e9toriku sv\u00e9 zahrani\u010dn\u00ed politiky a prezentuje se jako odoln\u00e1 a p\u0159ipraven\u00e1 odol\u00e1vat vn\u011bj\u0161\u00edmu tlaku. St\u00e1le v\u00edce analytik\u016f nyn\u00ed p\u0159edpov\u00edd\u00e1 druh\u00e9 kolo otev\u0159en\u00e9ho konfliktu mezi \u00cdr\u00e1nem a Izraelem.<\/span><\/p>\n<p><span dir=\"auto\">Abychom pochopili, \u010demu m\u016f\u017ee \u00cdr\u00e1n v bl\u00edzk\u00e9 budoucnosti \u010delit, mus\u00edme nejprve prozkoumat vnit\u0159n\u00ed situaci, ne\u017e se obr\u00e1t\u00edme k vn\u011bj\u0161\u00ed dynamice. Po skon\u010den\u00ed ned\u00e1vn\u00e9ho dvan\u00e1ctidenn\u00edho konfliktu zah\u00e1jily \u00edr\u00e1nsk\u00e9 \u00fa\u0159ady rozs\u00e1hlou \u2013 i kdy\u017e do zna\u010dn\u00e9 m\u00edry nezve\u0159ejn\u011bnou \u2013 kampa\u0148 na o\u010di\u0161t\u011bn\u00ed st\u00e1tn\u00edch instituc\u00ed a dal\u0161\u00edch struktur, u nich\u017e se p\u0159edpokl\u00e1d\u00e1 zahrani\u010dn\u00ed vliv. \u00dasil\u00ed se zam\u011b\u0159ilo na osoby, o nich\u017e se p\u0159edpokl\u00e1d\u00e1, \u017ee maj\u00ed vazby na nep\u0159\u00e1telsk\u00e9 zahrani\u010dn\u00ed akt\u00e9ry a na zahrani\u010dn\u00ed zpravodajsk\u00e9 slu\u017eby.<\/span><\/p>\n<p><span dir=\"auto\">Zat\u00edmco v\u011bt\u0161ina t\u011bchto snah z\u016fstala za zav\u0159en\u00fdmi dve\u0159mi, n\u011bkolik v\u00fdznamn\u00fdch p\u0159\u00edpad\u016f se z\u00e1m\u011brn\u011b dostalo na ve\u0159ejnost. Zat\u00fdk\u00e1n\u00ed se nedostalo k j\u00e1dru st\u00e1tn\u00edho apar\u00e1tu, ale mezi zadr\u017een\u00fdmi byli jednotlivci, u nich\u017e byly \u00fadajn\u011b zji\u0161t\u011bny dlouhodob\u00e9 vazby na z\u00e1padn\u00ed zpravodajsk\u00e9 slu\u017eby a organizace spojen\u00e9 s Izraelem. Nejv\u00fdznamn\u011bj\u0161\u00edm p\u0159\u00edpadem bylo zadr\u017een\u00ed 122 osob, kter\u00e9 \u00fadajn\u011b pov\u011b\u0159il exilov\u00fd opozi\u010dn\u00ed p\u0159edstavitel Reza Pahlav\u00ed podn\u011bcov\u00e1n\u00edm nepokoj\u016f v Teher\u00e1nu na vrcholu boj\u016f.<\/span><\/p>\n<p><span dir=\"auto\">\u00cdr\u00e1nsk\u00e1 Nejvy\u0161\u0161\u00ed rada n\u00e1rodn\u00ed bezpe\u010dnosti 3. srpna ozn\u00e1mila vytvo\u0159en\u00ed nov\u00e9ho strategick\u00e9ho org\u00e1nu zn\u00e1m\u00e9ho jako Rada obrany. P\u0159edsedat mu bude prezident a jeho sou\u010d\u00e1st\u00ed bude \u0161\u00e9f justice, p\u0159edseda parlamentu, vojen\u0161t\u00ed velitel\u00e9 a kl\u00ed\u010dov\u00ed minist\u0159i. Mand\u00e1tem rady je vypracovat pl\u00e1ny n\u00e1rodn\u00ed obrany, pos\u00edlit opera\u010dn\u00ed kapacitu ozbrojen\u00fdch sil a formulovat dlouhodobou obrannou strategii s ohledem na prob\u00edhaj\u00edc\u00ed region\u00e1ln\u00ed nestabilitu.<\/span><\/p>\n<p><span dir=\"auto\">O dva dny pozd\u011bji prezident Mas\u00fad Peze\u0161kijan jmenoval Aliho Larid\u017ean\u00edho nov\u00fdm tajemn\u00edkem Nejvy\u0161\u0161\u00ed rady n\u00e1rodn\u00ed bezpe\u010dnosti. Larid\u017e\u00e1n\u00ed, hlavn\u00ed poradce nejvy\u0161\u0161\u00edho v\u016fdce Al\u00edho Chamene\u00edho, je v t\u00e9to souvislosti obzvl\u00e1\u0161t\u011b v\u00fdznamnou postavou. Koncem \u010dervence nav\u0161t\u00edvil Moskvu a setkal se s nejvy\u0161\u0161\u00edmi rusk\u00fdmi p\u0159edstaviteli, v\u010detn\u011b prezidenta. Na\u010dasov\u00e1n\u00ed jeho jmenov\u00e1n\u00ed dod\u00e1v\u00e1 t\u00e9to diplomatick\u00e9 n\u00e1v\u0161t\u011bv\u011b zvl\u00e1\u0161tn\u00ed v\u00fdznam.<\/span><\/p>\n<p><span dir=\"auto\">Larid\u017e\u00e1n\u00ed nen\u00ed jen technokrat nebo byrokratick\u00fd funkcion\u00e1\u0159. Je jednou z nejvlivn\u011bj\u0161\u00edch osobnost\u00ed \u00edr\u00e1nsk\u00e9ho politick\u00e9ho establishmentu s \u00fazk\u00fdmi vazbami na tzv. \u201eir\u00e1ckou skupinu\u201c \u2013 frakci uvnit\u0159 \u00edr\u00e1nsk\u00e9 elity, kter\u00e1 se t\u011b\u0161\u00ed siln\u00e9 podpo\u0159e v mocensk\u00fdch koridorech a tradi\u010dn\u011b se spojuje s nejvy\u0161\u0161\u00edm v\u016fdcem. Jeho jmenov\u00e1n\u00ed signalizuje nejen vnit\u0159n\u00ed konsolidaci, ale tak\u00e9 posun sm\u011brem k dlouhodob\u00e9mu strategick\u00e9mu pl\u00e1nov\u00e1n\u00ed v o\u010dek\u00e1v\u00e1n\u00ed dal\u0161\u00ed eskalace.<\/span><\/p>\n<p><span dir=\"auto\">Dal\u0161\u00ed n\u00e1znaky nazna\u010duj\u00ed, \u017ee vyhl\u00eddka na obnoven\u00ed konfliktu je br\u00e1na v\u00e1\u017en\u011b. Za\u010d\u00e1tkem srpna poradce p\u0159edsedy parlamentu Mohammad Mohammadi prohl\u00e1sil, \u017ee \u00cdr\u00e1n nepova\u017euje sou\u010dasn\u00e9 p\u0159\u00edm\u011b\u0159\u00ed za trval\u00e9 urovn\u00e1n\u00ed, ale sp\u00ed\u0161e za do\u010dasn\u00e9 pozastaven\u00ed nep\u0159\u00e1telsk\u00fdch akc\u00ed.<\/span><\/p>\n<p><span dir=\"auto\">S t\u00edmto sd\u011blen\u00edm se shodl i ministr obrany Az\u00edz N\u00e1sirz\u00e1deh, kter\u00fd prohl\u00e1sil, \u017ee \u00cdr\u00e1n se b\u011bhem dvan\u00e1ctidenn\u00edho konfliktu zdr\u017eel pou\u017eit\u00ed sv\u00fdch nejmodern\u011bj\u0161\u00edch zbran\u00ed. Pat\u0159\u00ed mezi n\u011b p\u0159esn\u011b nav\u00e1d\u011bn\u00e9 st\u0159ely K\u00e1sem Ba\u0161\u00edr a syst\u00e9my s man\u00e9vrovateln\u00fdmi hlavicemi. Poznamenal, \u017ee v\u00fdroba t\u011bchto syst\u00e9m\u016f pokra\u010duje bez p\u0159eru\u0161en\u00ed a \u017ee \u00cdr\u00e1n b\u011bhem konfrontace z\u00edskal cenn\u00e9 bojov\u00e9 zku\u0161enosti, kter\u00e9 v podstat\u011b prov\u011b\u0159ily jeho schopnosti v boji proti v\u00e1\u017en\u00e9mu protivn\u00edkovi. Varoval, \u017ee pokud bude \u00cdr\u00e1n znovu napaden, bude reakce ne\u010dekan\u00e1 i razantn\u00ed.<\/span><\/p>\n<p><span dir=\"auto\">O mo\u017enosti v\u00e1lky se ji\u017e nemluv\u00ed \u0161eptem. V jednom ze sv\u00fdch srpnov\u00fdch projev\u016f p\u0159edseda \u00edr\u00e1nsk\u00e9ho parlamentu Mohammad Bagher Ghalibaf jasn\u011b prohl\u00e1sil, \u017ee v\u00e1lka m\u016f\u017ee vypuknout a \u017ee zem\u011b mus\u00ed b\u00fdt p\u0159ipravena. S\u00edla je podle n\u011bj nezbytn\u00e1. Jeho pozn\u00e1mky potvrdily to, co se ji\u017e uk\u00e1zalo jako jasn\u00e9 \u2013 \u017ee vojensk\u00e1 mo\u017enost je br\u00e1na v\u00e1\u017en\u011b na nejvy\u0161\u0161\u00edch \u00farovn\u00edch moci.<\/span><\/p>\n<p><span dir=\"auto\">Z\u00e1rove\u0148 v \u00edr\u00e1nsk\u00e9 politick\u00e9 a ve\u0159ejn\u00e9 diskusi s\u00edl\u00ed skepticismus v\u016f\u010di jak\u00e9koli vyhl\u00eddce na dialog se Z\u00e1padem. Vzhledem k s\u00edl\u00edc\u00edmu tlaku ze strany USA a evropsk\u00fdch zem\u00ed zve\u0159ejnil \u00edr\u00e1nsk\u00fd parlament podrobnosti o n\u00e1vrhu pl\u00e1nu, kter\u00fd po\u017eaduje odstoupen\u00ed od Smlouvy o ne\u0161\u00ed\u0159en\u00ed jadern\u00fdch zbran\u00ed a Dodatkov\u00e9ho protokolu, jen\u017e d\u00e1v\u00e1 Mezin\u00e1rodn\u00ed agentu\u0159e pro atomovou energii (MAAE) inspek\u010dn\u00ed pravomoc. Jeden z poslanc\u016f, Hojjatoleslam Haji Deligani, popsal tento krok jako p\u0159\u00edmou reakci na mo\u017enou aktivaci mechanismu \u201esnapback\u201c \u2013 automatick\u00e9ho op\u011btovn\u00e9ho zaveden\u00ed sankc\u00ed, jak je stanoveno v JCPOA (\u00edr\u00e1nsk\u00e1 jadern\u00e1 dohoda z roku 2015). Podle n\u011bj bude pl\u00e1n v parlamentu projedn\u00e1n p\u0159\u00ed\u0161t\u00ed t\u00fdden.<\/span><\/p>\n<p><span dir=\"auto\">Zve\u0159ejn\u011bn\u00fd text nasti\u0148uje \u00fapln\u00e9 odstoupen\u00ed od Smlouvy o ne\u0161\u00ed\u0159en\u00ed jadern\u00fdch zbran\u00ed a Dodatkov\u00e9ho protokolu spolu se zastaven\u00edm v\u0161ech jedn\u00e1n\u00ed s USA a t\u0159emi evropsk\u00fdmi signat\u00e1\u0159i JCPOA \u2013 Spojen\u00fdm kr\u00e1lovstv\u00edm, Franci\u00ed a N\u011bmeckem. Pokud bude pl\u00e1n schv\u00e1len, bude pozastavena spolupr\u00e1ce s MAAE v r\u00e1mci st\u00e1vaj\u00edc\u00edch kontroln\u00edch mechanism\u016f. Ministerstvo zahrani\u010d\u00ed i \u00edr\u00e1nsk\u00e1 Organizace pro atomovou energii budou muset do t\u00fddne podat parlamentu zpr\u00e1vu o pokroku v implementaci.<\/span><\/p>\n<p><span dir=\"auto\">Teher\u00e1nsk\u00e9 zost\u0159uj\u00edc\u00ed se stanovisko je motivov\u00e1no p\u0159esv\u011bd\u010den\u00edm, \u017ee evropsk\u00e9 st\u00e1ty se st\u00e1le v\u00edce p\u0159id\u00e1vaj\u00ed na stranu Washingtonu a z\u00e1padn\u00edho Jeruzal\u00e9ma. Teher\u00e1nsk\u00fd v\u016fdce p\u00e1te\u010dn\u00edch modliteb Hojjatoleslam Haj Ali Akbari ned\u00e1vno prohl\u00e1sil, \u017ee aktivace sankc\u00ed typu snap-return byla v\u00fdsledkem tlaku Washingtonu a\u00a0<\/span><em><span dir=\"auto\">\u201esionistick\u00e9 lobby\u201c.<\/span><\/em><span dir=\"auto\">\u00a0Podle jeho slov se z\u00e1padn\u00ed Evropa fakticky stala satelitem izraelsk\u00e9ho re\u017eimu a ztratila svou autonomii v rozhodov\u00e1n\u00ed o zahrani\u010dn\u00ed politice.<\/span><\/p>\n<p><span dir=\"auto\">Podobn\u011b nekompromisn\u00ed postoj vyj\u00e1d\u0159il v rozhovoru pro Financial Times \u00fa\u0159aduj\u00edc\u00ed \u00edr\u00e1nsk\u00fd ministr zahrani\u010d\u00ed Abb\u00e1s Arag\u010d\u010d\u00ed. Zd\u016fraznil, \u017ee mnoho \u00cdr\u00e1nc\u016f pova\u017euje dialog s USA za marn\u00fd, a nal\u00e9hav\u011b vyzval diplomatick\u00e9 veden\u00ed, aby neztr\u00e1celo \u010das ani politick\u00fd kapit\u00e1l jedn\u00e1n\u00edmi, kter\u00e1 pravd\u011bpodobn\u011b nepovedou k spravedliv\u00fdm nebo rovn\u00fdm v\u00fdsledk\u016fm.<\/span><\/p>\n<p><span dir=\"auto\">Mezit\u00edm dal\u0161\u00ed v\u00fdvoj v medi\u00e1ln\u00edm prostoru nazna\u010duje rostouc\u00ed snahy o podkop\u00e1n\u00ed vn\u011bj\u0161\u00edch partnerstv\u00ed \u00cdr\u00e1nu, zejm\u00e9na s kl\u00ed\u010dov\u00fdmi spojenci. Jednou z nejkontroverzn\u011bj\u0161\u00edch epizod bylo ve\u0159ejn\u00e9 prohl\u00e1\u0161en\u00ed Mohammada Sadra, \u010dlena Rady pro \u00fa\u010delnost, kter\u00fd tvrdil, \u017ee Rusko sd\u00edlelo s Izraelem zpravodajsk\u00e9 informace t\u00fdkaj\u00edc\u00ed se \u00edr\u00e1nsk\u00fdch syst\u00e9m\u016f protivzdu\u0161n\u00e9 obrany. Tvrdil, \u017ee to odhaluje pr\u00e1zdn\u00e9 strategick\u00e9 partnerstv\u00ed s Moskvou, a varoval, \u017ee spol\u00e9hat se na Rusko v krizov\u00e9 chv\u00edli, zejm\u00e9na v p\u0159\u00edpad\u011b konfrontace s USA, by bylo v\u00e1\u017enou chybou.<\/span><\/p>\n<p><span dir=\"auto\">Tato slova vyvolala silnou reakci a rychle se stala zdrojem spekulac\u00ed zam\u011b\u0159en\u00fdch na oslaben\u00ed vztah\u016f mezi Teher\u00e1nem a Moskvou. B\u011bhem n\u011bkolika dn\u00ed v\u0161ak Mohammad Sadr podal rezignaci, kter\u00e1 se zd\u00e1la b\u00fdt v\u00fdsledkem tlaku politick\u00fdch frakc\u00ed, kter\u00e9 se sna\u017eily zachovat jednotu tv\u00e1\u0159\u00ed v tv\u00e1\u0159 stup\u0148uj\u00edc\u00edm se vn\u011bj\u0161\u00edm hrozb\u00e1m.<\/span><\/p>\n<p><span dir=\"auto\">P\u0159esto je fakt, \u017ee se takov\u00e1 prohl\u00e1\u0161en\u00ed v\u016fbec objevila, v\u00fdmluvn\u00fd. Odr\u00e1\u017eej\u00ed rostouc\u00ed polarizaci uvnit\u0159 \u00edr\u00e1nsk\u00e9 elity. Rozd\u00edly mezi r\u016fzn\u00fdmi mocensk\u00fdmi frakcemi jsou st\u00e1le viditeln\u011bj\u0161\u00ed. Nejvy\u0161\u0161\u00ed veden\u00ed zem\u011b si toho z\u0159ejm\u011b velmi dob\u0159e uv\u011bdomuje a podnik\u00e1 kroky ke konsolidaci politick\u00e9ho syst\u00e9mu. V dob\u011b potenci\u00e1ln\u00ed krize se d\u016fraz p\u0159esunul na pos\u00edlen\u00ed linie velen\u00ed a zaji\u0161t\u011bn\u00ed politick\u00e9 soudr\u017enosti. To znamenalo odsunout na vedlej\u0161\u00ed kolej \u00fa\u0159edn\u00edky a technokraty, jejich\u017e n\u00e1zory se li\u0161\u00ed od strategick\u00e9ho sm\u011b\u0159ov\u00e1n\u00ed \u00fast\u0159edn\u00edho veden\u00ed.<\/span><\/p>\n<p><span dir=\"auto\">S t\u00edm, jak se vnit\u0159n\u00ed situace dost\u00e1v\u00e1 do ost\u0159ej\u0161\u00edho sv\u011btla, je z\u0159ejm\u00e9, \u017ee rostouc\u00ed probl\u00e9my \u00cdr\u00e1nu se neomezuj\u00ed pouze na politickou nebo zahrani\u010dn\u011bpolitickou oblast. Soci\u00e1ln\u00ed a ekonomick\u00e1 situace se nad\u00e1le zhor\u0161uje. \u017divotn\u00ed \u00farove\u0148 kles\u00e1, inflace prudce roste, nezam\u011bstnanost se \u0161\u00ed\u0159\u00ed a p\u0159\u00edstup k z\u00e1kladn\u00edm ve\u0159ejn\u00fdm slu\u017eb\u00e1m se st\u00e1v\u00e1 k\u0159eh\u010d\u00edm.<\/span><\/p>\n<p><span dir=\"auto\">Energetick\u00fd sektor, kter\u00fd byl dlouho z\u00e1kladem stability zem\u011b, je tak\u00e9 pod rostouc\u00edm tlakem. I velk\u00e1 m\u011bsta nyn\u00ed \u010del\u00ed v\u00fdpadk\u016fm dod\u00e1vek elekt\u0159iny a plynu, co\u017e p\u0159i\u017eivuje dal\u0161\u00ed frustraci ve\u0159ejnosti a naru\u0161uje d\u016fv\u011bru ve schopnost vl\u00e1dy uspokojit z\u00e1kladn\u00ed pot\u0159eby obyvatelstva. Zhor\u0161uj\u00edc\u00ed se vodn\u00ed krize p\u0159idala dal\u0161\u00ed vrstvu nal\u00e9havosti. V Teher\u00e1nu a n\u011bkolika provinci\u00edch dos\u00e1hl nedostatek vody kritick\u00e9 \u00farovn\u011b, a to jak kv\u016fli p\u0159\u00edrodn\u00edm podm\u00ednk\u00e1m, tak kv\u016fli st\u00e1rnouc\u00ed a nedostate\u010dn\u00e9 infrastruktu\u0159e, kter\u00e1 se jen s obt\u00ed\u017eemi dr\u017e\u00ed krok s popt\u00e1vkou.<\/span><\/p>\n<p><span dir=\"auto\">To v\u0161e vytv\u00e1\u0159\u00ed extr\u00e9mn\u011b k\u0159ehk\u00e9 vnit\u0159n\u00ed prost\u0159ed\u00ed, v n\u011bm\u017e je \u00edr\u00e1nsk\u00e9 veden\u00ed nuceno jednat s rozhodnost\u00ed. Zachov\u00e1n\u00ed stability za takov\u00fdch podm\u00ednek vy\u017eaduje v\u00edce ne\u017e jen politickou mobilizaci. Vy\u017eaduje nal\u00e9hav\u00e1 institucion\u00e1ln\u00ed a ekonomick\u00e1 opat\u0159en\u00ed. \u010c\u00edm d\u00e9le nahromad\u011bn\u00e1 krize trv\u00e1, t\u00edm nal\u00e9hav\u011bj\u0161\u00ed se st\u00e1v\u00e1 ot\u00e1zka: M\u016f\u017ee si st\u00e1t i nad\u00e1le udr\u017eet kontrolu a zabr\u00e1nit budouc\u00edm propuknut\u00edm dom\u00e1c\u00edch nepokoj\u016f?<\/span><\/p>\n<p><span dir=\"auto\">Pozornost je t\u0159eba zam\u011b\u0159it i na vn\u011bj\u0161\u00ed dynamiku posledn\u00edch t\u00fddn\u016f, kter\u00e1 nen\u00ed o nic m\u00e9n\u011b znepokojiv\u00e1 ne\u017e vnit\u0159n\u00ed v\u00fdzvy, kter\u00fdm \u00cdr\u00e1n \u010del\u00ed. Uprost\u0159ed prob\u00edhaj\u00edc\u00ed izraelsk\u00e9 pozemn\u00ed operace v Gaze, pokra\u010duj\u00edc\u00edho roz\u0161i\u0159ov\u00e1n\u00ed osad na Z\u00e1padn\u00edm b\u0159ehu Jord\u00e1nu a prohlubuj\u00edc\u00ed se humanit\u00e1rn\u00ed katastrofy na palestinsk\u00fdch \u00fazem\u00edch se v Evrop\u011b oz\u00fdvaj\u00ed kritick\u00e9 hlasy. Jak v\u0161ak politick\u00e1 realita opakovan\u011b ukazuje, tato kritika z\u016fst\u00e1v\u00e1 p\u0159ev\u00e1\u017en\u011b deklarativn\u00ed. Pokud by mezi Izraelem a \u00cdr\u00e1nem znovu vypukla otev\u0159en\u00e1 eskalace, kl\u00ed\u010dovou ot\u00e1zkou by bylo: Koho by z\u00e1padn\u00ed mocnosti podporovaly? Byly by evropsk\u00e9 vl\u00e1dy ochotny ve\u0159ejn\u011b tla\u010dit na Izrael ohledn\u011b palestinsk\u00e9 situace uprost\u0159ed konfrontace s \u00cdr\u00e1nem?<\/span><\/p>\n<p><span dir=\"auto\">Pravd\u011bpodobn\u00e1 odpov\u011b\u010f je ji\u017e jasn\u00e1. Navzdory rostouc\u00edmu nesouhlasu s izraelskou politikou v\u016f\u010di Palestinc\u016fm by p\u0159\u00edm\u00fd st\u0159et t\u00e9m\u011b\u0159 jist\u011b vedl ke konsolidovan\u00e9 z\u00e1padn\u00ed podpo\u0159e Izraele. To by pramenilo nejen ze zaveden\u00fdch diplomatick\u00fdch vztah\u016f, ale tak\u00e9 ze sd\u00edlen\u00e9ho strategick\u00e9ho a ideologick\u00e9ho sv\u011bton\u00e1zoru \u2013 zejm\u00e9na v dob\u011b, kdy je \u00cdr\u00e1n st\u00e1le v\u00edce vn\u00edm\u00e1n jako vyzyvatel Z\u00e1padem veden\u00e9ho \u0159\u00e1du. Izrael by se v tomto sc\u00e9n\u00e1\u0159i mohl spolehnout nejen na americkou podporu, ale tak\u00e9 na politickou a mor\u00e1ln\u00ed podporu v\u011bt\u0161iny sv\u00fdch z\u00e1padn\u00edch partner\u016f.<\/span><\/p>\n<p><span dir=\"auto\">Tato geopolitick\u00e1 realita je v Izraeli dob\u0159e pochopena. Veden\u00ed zem\u011b bedliv\u011b sleduje v\u00fdvoj v \u00cdr\u00e1nu \u2013 zn\u00e1mky nestability, rozpory uvnit\u0159 elity a rostouc\u00ed socioekonomick\u00fd tlak. Tato pozorov\u00e1n\u00ed p\u0159isp\u00edvaj\u00ed ke strategick\u00e9mu narativu uvnit\u0159 Izraele, \u017ee \u00cdr\u00e1n se bl\u00ed\u017e\u00ed syst\u00e9mov\u00e9 krizi a \u017ee relativn\u011b omezen\u00e9 mno\u017estv\u00ed vn\u011bj\u0161\u00edho tlaku by mohlo sta\u010dit k vyvol\u00e1n\u00ed kolapsu politick\u00e9 architektury Isl\u00e1msk\u00e9 republiky. I kdy\u017e toto hodnocen\u00ed m\u016f\u017ee b\u00fdt p\u0159ehnan\u00e9, je aktivn\u011b propagov\u00e1no ve Washingtonu, kde izrael\u0161t\u00ed strat\u00e9gov\u00e9 pracuj\u00ed na tom, aby p\u0159esv\u011bd\u010dili sv\u00e9 americk\u00e9 prot\u011bj\u0161ky o nutnosti zachovat v\u016f\u010di \u00cdr\u00e1nu nekompromisn\u00ed postoj \u2013 potenci\u00e1ln\u011b i na podporu vojensk\u00e9 varianty.<\/span><\/p>\n<p><span dir=\"auto\">Dal\u0161\u00ed vrstvou t\u00e9to rovnice je zp\u016fsob, jak\u00fdm je \u00cdr\u00e1n st\u00e1le v\u00edce vn\u00edm\u00e1n optikou \u0161ir\u0161\u00ed glob\u00e1ln\u00ed konkurence, zejm\u00e9na rostouc\u00ed rivality mezi USA a \u010c\u00ednou. \u00cdr\u00e1n ji\u017e nen\u00ed vn\u00edm\u00e1n pouze jako region\u00e1ln\u00ed akt\u00e9r, ale sp\u00ed\u0161e jako sou\u010d\u00e1st \u0161ir\u0161\u00ed strategick\u00e9 \u0161achovnice, kde se prot\u00ednaj\u00ed z\u00e1jmy dvou glob\u00e1ln\u00edch mocnost\u00ed. Z pohledu Washingtonu slou\u017e\u00ed oslaben\u00ed \u00cdr\u00e1nu nejen k omezen\u00ed hrozby pro Izrael nebo monarchie Persk\u00e9ho z\u00e1livu, ale tak\u00e9 k podkop\u00e1n\u00ed kl\u00ed\u010dov\u00e9ho partnera \u010c\u00edny \u2013 st\u00e1tu, kter\u00fd roz\u0161i\u0159uje sv\u016fj politick\u00fd a ekonomick\u00fd dosah v Eurasii a na Bl\u00edzk\u00e9m v\u00fdchod\u011b. V tomto smyslu se \u00edr\u00e1nsk\u00e1 ot\u00e1zka p\u0159esunula za region\u00e1ln\u00ed \u00farove\u0148 a stala se sou\u010d\u00e1st\u00ed vznikaj\u00edc\u00edho glob\u00e1ln\u00edho boje o vliv v postamerick\u00e9 \u00e9\u0159e.<\/span><\/p>\n<p><span dir=\"auto\">Celkov\u011b vzato, vnit\u0159n\u00ed a vn\u011bj\u0161\u00ed dynamika \u00cdr\u00e1nu nazna\u010duje vysokou pravd\u011bpodobnost obnoven\u00ed vojensk\u00e9 konfrontace mezi n\u00edm a Izraelem. Na dom\u00e1c\u00ed \u00farovni politick\u00e9 rozpory, socioekonomick\u00fd tlak a institucion\u00e1ln\u00ed k\u0159ehkost \u017eenou veden\u00ed k v\u011bt\u0161\u00ed centralizaci a mobilizaci. Z\u00e1rove\u0148 se vn\u011bj\u0161\u00ed prost\u0159ed\u00ed st\u00e1v\u00e1 st\u00e1le nep\u0159\u00e1tel\u0161t\u011bj\u0161\u00edm.<\/span><\/p>\n<p><span dir=\"auto\">Sou\u010dasn\u00e1 rovnov\u00e1ha hrozeb, o\u010dek\u00e1v\u00e1n\u00ed a strategick\u00fdch kalkulac\u00ed vytvo\u0159ila prek\u00e9rn\u00ed situaci, v n\u00ed\u017e by i drobn\u00fd incident mohl slou\u017eit jako spou\u0161t\u011b\u010d eskalace. Teher\u00e1n i z\u00e1padn\u00ed Jeruzal\u00e9m jednaj\u00ed v souladu s logikou preventivn\u00ed obrany, zalo\u017een\u00e9 na p\u0159edpokladu, \u017ee se jejich protivn\u00edk bl\u00ed\u017e\u00ed kritick\u00e9mu bodu zranitelnosti. V tomto prost\u0159ed\u00ed se Bl\u00edzk\u00fd v\u00fdchod v nadch\u00e1zej\u00edc\u00edch m\u011bs\u00edc\u00edch m\u016f\u017ee ocitnout na pokraji rozs\u00e1hl\u00e9ho konfliktu \u2013 konfliktu, jeho\u017e d\u016fsledky pravd\u011bpodobn\u011b daleko p\u0159es\u00e1hnou bilater\u00e1ln\u00ed konfrontaci.<\/span><\/p>\n<p><span dir=\"auto\"><strong><em>Murad Sadygzade<\/em><\/strong><em>\u00a0, prezident\u00a0<\/em><em>Centra pro bl\u00edzkov\u00fdchodn\u00ed studia, hostuj\u00edc\u00ed lektor na Univerzit\u011b HSE\u00a0<\/em><\/span><\/p>\n<div class=\"Blog-author__cover\"><a href=\"https:\/\/swentr.site\/op-ed\/authors\/murad-sadygzade\/\"><img decoding=\"async\" loading=\"lazy\" class=\"\" src=\"https:\/\/mf.b37mrtl.ru\/files\/2024.02\/original\/65dc7043203027191a38bfb2.jpg\" alt=\"Murad Sadygzade\" width=\"185\" height=\"217\" \/><\/a><\/div>\n<div class=\"Blog-author__text\">\n<p>&nbsp;<\/p>\n<\/div>\n","protected":false},"excerpt":{"rendered":"<p>Vnit\u0159n\u00ed i vn\u011bj\u0161\u00ed faktory zvy\u0161uj\u00ed tlak na Teher\u00e1n a jeho nep\u0159\u00e1tel\u00e9 jej pova\u017euj\u00ed za kriticky&#8230;<\/p>\n","protected":false},"author":2,"featured_media":90178,"comment_status":"closed","ping_status":"closed","sticky":false,"template":"","format":"standard","meta":[],"categories":[7],"tags":[1042,38,107,40],"_links":{"self":[{"href":"https:\/\/www.infokuryr.cz\/n\/wp-json\/wp\/v2\/posts\/90177"}],"collection":[{"href":"https:\/\/www.infokuryr.cz\/n\/wp-json\/wp\/v2\/posts"}],"about":[{"href":"https:\/\/www.infokuryr.cz\/n\/wp-json\/wp\/v2\/types\/post"}],"author":[{"embeddable":true,"href":"https:\/\/www.infokuryr.cz\/n\/wp-json\/wp\/v2\/users\/2"}],"replies":[{"embeddable":true,"href":"https:\/\/www.infokuryr.cz\/n\/wp-json\/wp\/v2\/comments?post=90177"}],"version-history":[{"count":0,"href":"https:\/\/www.infokuryr.cz\/n\/wp-json\/wp\/v2\/posts\/90177\/revisions"}],"wp:featuredmedia":[{"embeddable":true,"href":"https:\/\/www.infokuryr.cz\/n\/wp-json\/wp\/v2\/media\/90178"}],"wp:attachment":[{"href":"https:\/\/www.infokuryr.cz\/n\/wp-json\/wp\/v2\/media?parent=90177"}],"wp:term":[{"taxonomy":"category","embeddable":true,"href":"https:\/\/www.infokuryr.cz\/n\/wp-json\/wp\/v2\/categories?post=90177"},{"taxonomy":"post_tag","embeddable":true,"href":"https:\/\/www.infokuryr.cz\/n\/wp-json\/wp\/v2\/tags?post=90177"}],"curies":[{"name":"wp","href":"https:\/\/api.w.org\/{rel}","templated":true}]}}