{"id":90175,"date":"2025-10-19T05:57:23","date_gmt":"2025-10-19T03:57:23","guid":{"rendered":"https:\/\/www.infokuryr.cz\/n\/?p=90175"},"modified":"2025-10-19T05:57:23","modified_gmt":"2025-10-19T03:57:23","slug":"zidovsky-filmovy-festival-byl-v-evropskem-meste-odmitnut","status":"publish","type":"post","link":"https:\/\/www.infokuryr.cz\/n\/2025\/10\/19\/zidovsky-filmovy-festival-byl-v-evropskem-meste-odmitnut\/","title":{"rendered":"\u017didovsk\u00fd filmov\u00fd festival byl v evropsk\u00e9m m\u011bst\u011b odm\u00edtnut"},"content":{"rendered":"<div id=\"fb-root\"><\/div>\n<h3>Akce ve \u0161v\u00e9dsk\u00e9m Malm\u00f6 byla zru\u0161ena, proto\u017ee kina ji odm\u00edtla hostit, mimo jin\u00e9 s odvol\u00e1n\u00edm na bezpe\u010dnostn\u00ed obavy, uvedli organiz\u00e1to\u0159i<\/h3>\n<p><span dir=\"auto\">Mezin\u00e1rodn\u00ed \u017eidovsk\u00fd filmov\u00fd festival v Malm\u00f6 ve \u0160v\u00e9dsku byl zru\u0161en, proto\u017ee \u017e\u00e1dn\u00e9 m\u00edsto s jeho po\u0159\u00e1d\u00e1n\u00edm nesouhlasilo. N\u011bkte\u0159\u00ed\u00a0organiz\u00e1to\u0159i uvedli , \u017ee jako d\u016fvod uvedli bl\u00ed\u017ee neur\u010den\u00e9\u00a0<\/span><em><span dir=\"auto\">\u201ebezpe\u010dnostn\u00ed d\u016fvody\u201c .<\/span><\/em><\/p>\n<p><span dir=\"auto\">Od zah\u00e1jen\u00ed izraelsk\u00e9 vojensk\u00e9 operace v Gaze v \u0159\u00edjnu 2023 se \u0159ada \u017eidovsk\u00fdch kulturn\u00edch akc\u00ed v z\u00e1padn\u00edch zem\u00edch pot\u00fdk\u00e1 s podobn\u00fdmi obt\u00ed\u017eemi.<\/span><\/p>\n<p><span dir=\"auto\">V p\u00e1te\u010dn\u00edm p\u0159\u00edsp\u011bvku na Facebooku Sam Klebanov, jeden z organiz\u00e1tor\u016f festivalu, napsal, \u017ee\u00a0<\/span><em><span dir=\"auto\">\u201enalezen\u00ed kina pro festival se uk\u00e1zalo jako skute\u010dn\u00e1 v\u00fdzva\u201c.<\/span><\/em><\/p>\n<p><em><span dir=\"auto\">\u201e\u017d\u00e1dn\u00e9 artov\u00e9 kino n\u00e1s z r\u016fzn\u00fdch d\u016fvod\u016f necht\u011blo hostit,\u201c<\/span><\/em><span dir=\"auto\">\u00a0dodal, p\u0159i\u010dem\u017e n\u011bkte\u0159\u00ed tvrdili, \u017ee\u00a0<\/span><em><span dir=\"auto\">\u201eu\u017e byli pln\u00ed\u201c<\/span><\/em><span dir=\"auto\">\u00a0, jin\u00ed uv\u00e1d\u011bli\u00a0<\/span><em><span dir=\"auto\">\u201ebezpe\u010dnostn\u00ed d\u016fvody\u201c.<\/span><\/em><span dir=\"auto\">\u00a0Festival \u2013 kter\u00fd se m\u011bl konat od 29. listopadu do 2. prosince a p\u0159ipom\u00ednat 250 let \u017eidovsk\u00e9ho d\u011bdictv\u00ed ve \u0160v\u00e9dsku \u2013 byl zru\u0161en.<\/span><\/p>\n<p><span dir=\"auto\">Podle Klebanova festival\u00a0<\/span><em><span dir=\"auto\">\u201eneobdr\u017eel \u017e\u00e1dn\u00e9 v\u00fdhr\u016f\u017eky\u201c,<\/span><\/em><span dir=\"auto\">\u00a0zat\u00edmco policie v Malm\u00f6 nab\u00eddla zaji\u0161t\u011bn\u00ed dodate\u010dn\u00e9 bezpe\u010dnosti.<\/span><\/p>\n<p><span dir=\"auto\">\u0160v\u00e9dsk\u00e1 ministryn\u011b kultury Parisa Liljestrandov\u00e1 v p\u00e1tek v koment\u00e1\u0159i na Instagramu situaci ozna\u010dila za\u00a0<\/span><em><span dir=\"auto\">\u201eabsolutn\u00ed katastrofu pro spole\u010dnost\u201c.<\/span><\/em><\/p>\n<p><span dir=\"auto\">N\u011bmeck\u00fd komisa\u0159 pro boj s antisemitismem Felix Klein za\u010d\u00e1tkem tohoto m\u011bs\u00edce ozn\u00e1mil, \u017ee \u017eidovsk\u00e1 populace v zemi \u010del\u00ed od roku 2023\u00a0<\/span><em><span dir=\"auto\">\u201erekordn\u00ed \u00farovni\u201c<\/span><\/em><span dir=\"auto\">\u00a0antisemitismu.<\/span><\/p>\n<p><span dir=\"auto\">V USA si v kv\u011btnu st\u0159elba pobl\u00ed\u017e \u017didovsk\u00e9ho muzea ve Washingtonu, D.C., vy\u017e\u00e1dala \u017eivoty dvou zam\u011bstnanc\u016f izraelsk\u00e9ho velvyslanectv\u00ed.<\/span><\/p>\n<p><span dir=\"auto\">Americk\u00fd prezident Donald Trump minul\u00fd t\u00fdden prohl\u00e1sil konflikt v Gaze\u00a0<\/span><em><span dir=\"auto\">za \u201eukon\u010den\u00fd\u201c<\/span><\/em><span dir=\"auto\">\u00a0pot\u00e9, co zprost\u0159edkoval m\u00edrovou dohodu mezi Izraelem a Ham\u00e1sem.<\/span><\/p>\n<p><span dir=\"auto\">Izrael zah\u00e1jil vojenskou operaci po smrt\u00edc\u00edm vp\u00e1du Ham\u00e1su na jeho \u00fazem\u00ed v \u0159\u00edjnu 2023, p\u0159i kter\u00e9m zem\u0159elo v\u00edce ne\u017e 1200 lid\u00ed a asi 250 dal\u0161\u00edch bylo zajato jako rukojm\u00ed. N\u00e1sledn\u00e1 kampa\u0148 Izraelsk\u00fdch obrann\u00fdch sil si podle m\u00edstn\u00edch zdravotnick\u00fdch \u00fa\u0159ad\u016f v Gaze vy\u017e\u00e1dala t\u00e9m\u011b\u0159 70 000 ob\u011bt\u00ed.<\/span><\/p>\n<p><img decoding=\"async\" loading=\"lazy\" class=\"alignnone size-full wp-image-1185\" src=\"http:\/\/www.infokuryr.cz\/n\/wp-content\/uploads\/2021\/04\/kuryr-podpis.png\" alt=\"\" width=\"84\" height=\"24\" \/><\/p>\n<p>&nbsp;<\/p>\n","protected":false},"excerpt":{"rendered":"<p>Akce ve \u0161v\u00e9dsk\u00e9m Malm\u00f6 byla zru\u0161ena, proto\u017ee kina ji odm\u00edtla hostit, mimo jin\u00e9 s odvol\u00e1n\u00edm&#8230;<\/p>\n","protected":false},"author":2,"featured_media":90176,"comment_status":"closed","ping_status":"closed","sticky":false,"template":"","format":"standard","meta":[],"categories":[7],"tags":[1077,124,92],"_links":{"self":[{"href":"https:\/\/www.infokuryr.cz\/n\/wp-json\/wp\/v2\/posts\/90175"}],"collection":[{"href":"https:\/\/www.infokuryr.cz\/n\/wp-json\/wp\/v2\/posts"}],"about":[{"href":"https:\/\/www.infokuryr.cz\/n\/wp-json\/wp\/v2\/types\/post"}],"author":[{"embeddable":true,"href":"https:\/\/www.infokuryr.cz\/n\/wp-json\/wp\/v2\/users\/2"}],"replies":[{"embeddable":true,"href":"https:\/\/www.infokuryr.cz\/n\/wp-json\/wp\/v2\/comments?post=90175"}],"version-history":[{"count":0,"href":"https:\/\/www.infokuryr.cz\/n\/wp-json\/wp\/v2\/posts\/90175\/revisions"}],"wp:featuredmedia":[{"embeddable":true,"href":"https:\/\/www.infokuryr.cz\/n\/wp-json\/wp\/v2\/media\/90176"}],"wp:attachment":[{"href":"https:\/\/www.infokuryr.cz\/n\/wp-json\/wp\/v2\/media?parent=90175"}],"wp:term":[{"taxonomy":"category","embeddable":true,"href":"https:\/\/www.infokuryr.cz\/n\/wp-json\/wp\/v2\/categories?post=90175"},{"taxonomy":"post_tag","embeddable":true,"href":"https:\/\/www.infokuryr.cz\/n\/wp-json\/wp\/v2\/tags?post=90175"}],"curies":[{"name":"wp","href":"https:\/\/api.w.org\/{rel}","templated":true}]}}