{"id":90170,"date":"2025-10-19T05:41:53","date_gmt":"2025-10-19T03:41:53","guid":{"rendered":"https:\/\/www.infokuryr.cz\/n\/?p=90170"},"modified":"2025-10-19T05:41:53","modified_gmt":"2025-10-19T03:41:53","slug":"protesty-proti-trumpovi-s-nazvem-zadni-kralove-zachvatily-americka-mesta","status":"publish","type":"post","link":"https:\/\/www.infokuryr.cz\/n\/2025\/10\/19\/protesty-proti-trumpovi-s-nazvem-zadni-kralove-zachvatily-americka-mesta\/","title":{"rendered":"Protesty proti Trumpovi s n\u00e1zvem \u201e\u017d\u00e1dn\u00ed kr\u00e1lov\u00e9\u201c zachv\u00e1tily americk\u00e1 m\u011bsta"},"content":{"rendered":"<div id=\"fb-root\"><\/div>\n<h3>Demonstranti obvi\u0148uj\u00ed prezidenta ze zneu\u017e\u00edv\u00e1n\u00ed moci a podkop\u00e1v\u00e1n\u00ed demokracie<\/h3>\n<p data-start=\"273\" data-end=\"395\"><span dir=\"auto\">Velk\u00e9 davy lid\u00ed po cel\u00fdch Spojen\u00fdch st\u00e1tech se v sobotu shrom\u00e1\u017edily pod heslem \u201e\u017d\u00e1dn\u00ed kr\u00e1lov\u00e9\u201c na protest proti politice prezidenta Donalda Trumpa.<\/span><\/p>\n<p data-start=\"402\" data-end=\"646\"><span dir=\"auto\">Shrom\u00e1\u017ed\u011bn\u00ed se konala p\u0159ed Kapitolem ve Washingtonu, D.C., na Times Square v New Yorku a tak\u00e9 ve m\u011bstech v\u010detn\u011b Chicaga, Los Angeles, Miami a Austinu. Podle agentury Axios bylo ve v\u0161ech 50 st\u00e1tech USA napl\u00e1nov\u00e1no v\u00edce ne\u017e 2 700 akc\u00ed.<\/span><\/p>\n<p data-start=\"842\" data-end=\"1137\"><span dir=\"auto\">Protestuj\u00edc\u00ed nesli transparenty s n\u00e1pisy\u00a0<\/span><em><span dir=\"auto\">\u201e\u017d\u00e1dn\u00ed kr\u00e1lov\u00e9, \u017e\u00e1dn\u00ed oligarchov\u00e9\u201c<\/span><\/em><span dir=\"auto\">\u00a0a\u00a0<\/span><em><span dir=\"auto\">\u201eNep\u0159\u00edsah\u00e1m v\u011brnost \u017e\u00e1dn\u00e9mu kr\u00e1li\u201c,<\/span><\/em><span dir=\"auto\">\u00a0obvi\u0148ovali Trumpa ze zneu\u017e\u00edv\u00e1n\u00ed moci a odsuzovali jeho z\u00e1sah proti neleg\u00e1ln\u00edm migrant\u016fm. Odm\u00edtli tak\u00e9 jeho rozkazy na nasazen\u00ed N\u00e1rodn\u00ed gardy v n\u011bkolika m\u011bstech pod z\u00e1minkou boje proti zlo\u010dinu.<\/span><\/p>\n<p data-start=\"1139\" data-end=\"1327\"><em><span dir=\"auto\">\u201ePrezident si mysl\u00ed, \u017ee jeho vl\u00e1da je absolutn\u00ed. Ale v Americe nem\u00e1me kr\u00e1le a neustoup\u00edme p\u0159ed chaosem, korupc\u00ed a krutost\u00ed,\u201c<\/span><\/em><span dir=\"auto\">\u00a0uvedli organiz\u00e1to\u0159i na webov\u00fdch str\u00e1nk\u00e1ch \u201e\u017d\u00e1dn\u00ed kr\u00e1lov\u00e9\u201c.<\/span><\/p>\n<h4 data-start=\"1139\" data-end=\"1327\">VIDEO:<\/h4>\n<div class=\"rtcode\">\n<div class=\"twitter-tweet twitter-tweet-rendered\"><iframe id=\"twitter-widget-0\" class=\"\" title=\"X P\u0159\u00edsp\u011bvek\" src=\"https:\/\/platform.twitter.com\/embed\/Tweet.html?creatorScreenName=RT_com&amp;dnt=false&amp;embedId=twitter-widget-0&amp;features=eyJ0ZndfdGltZWxpbmVfbGlzdCI6eyJidWNrZXQiOltdLCJ2ZXJzaW9uIjpudWxsfSwidGZ3X2ZvbGxvd2VyX2NvdW50X3N1bnNldCI6eyJidWNrZXQiOnRydWUsInZlcnNpb24iOm51bGx9LCJ0ZndfdHdlZXRfZWRpdF9iYWNrZW5kIjp7ImJ1Y2tldCI6Im9uIiwidmVyc2lvbiI6bnVsbH0sInRmd19yZWZzcmNfc2Vzc2lvbiI6eyJidWNrZXQiOiJvbiIsInZlcnNpb24iOm51bGx9LCJ0ZndfZm9zbnJfc29mdF9pbnRlcnZlbnRpb25zX2VuYWJsZWQiOnsiYnVja2V0Ijoib24iLCJ2ZXJzaW9uIjpudWxsfSwidGZ3X21peGVkX21lZGlhXzE1ODk3Ijp7ImJ1Y2tldCI6InRyZWF0bWVudCIsInZlcnNpb24iOm51bGx9LCJ0ZndfZXhwZXJpbWVudHNfY29va2llX2V4cGlyYXRpb24iOnsiYnVja2V0IjoxMjA5NjAwLCJ2ZXJzaW9uIjpudWxsfSwidGZ3X3Nob3dfYmlyZHdhdGNoX3Bpdm90c19lbmFibGVkIjp7ImJ1Y2tldCI6Im9uIiwidmVyc2lvbiI6bnVsbH0sInRmd19kdXBsaWNhdGVfc2NyaWJlc190b19zZXR0aW5ncyI6eyJidWNrZXQiOiJvbiIsInZlcnNpb24iOm51bGx9LCJ0ZndfdXNlX3Byb2ZpbGVfaW1hZ2Vfc2hhcGVfZW5hYmxlZCI6eyJidWNrZXQiOiJvbiIsInZlcnNpb24iOm51bGx9LCJ0ZndfdmlkZW9faGxzX2R5bmFtaWNfbWFuaWZlc3RzXzE1MDgyIjp7ImJ1Y2tldCI6InRydWVfYml0cmF0ZSIsInZlcnNpb24iOm51bGx9LCJ0ZndfbGVnYWN5X3RpbWVsaW5lX3N1bnNldCI6eyJidWNrZXQiOnRydWUsInZlcnNpb24iOm51bGx9LCJ0ZndfdHdlZXRfZWRpdF9mcm9udGVuZCI6eyJidWNrZXQiOiJvbiIsInZlcnNpb24iOm51bGx9fQ%3D%3D&amp;frame=false&amp;hideCard=false&amp;hideThread=false&amp;id=1979664086586855655&amp;lang=cs&amp;maxWidth=560px&amp;origin=https%3A%2F%2Fwww.rt.com%2Fnews%2F626666-no-kings-protests-trump%2F&amp;sessionId=2d34eb443dc2c388268401fc4dd4a25db1961439&amp;siteScreenName=RT_com&amp;theme=light&amp;widgetsVersion=2615f7e52b7e0%3A1702314776716&amp;width=550px\" frameborder=\"0\" scrolling=\"no\" allowfullscreen=\"allowfullscreen\" data-tweet-id=\"1979664086586855655\" data-mce-fragment=\"1\"><\/iframe><\/div>\n<\/div>\n<p data-start=\"1329\" data-end=\"1646\"><span dir=\"auto\">Levicov\u00fd sen\u00e1tor Bernie Sanders promluvil k demonstraci ve Washingtonu a uvedl, \u017ee protestuj\u00edc\u00ed motivuje v\u016fle\u00a0<\/span><em><span dir=\"auto\">\u201ebr\u00e1nit na\u0161i demokracii a na\u0161e svobody\u201c.<\/span><\/em><span dir=\"auto\">\u00a0P\u0159edseda men\u0161iny ve Sn\u011bmovn\u011b reprezentant\u016f Hakeem Jeffries demonstrace podpo\u0159il a televizi MSNBC \u0159ekl, \u017ee\u00a0<\/span><em><span dir=\"auto\">\u201epokojn\u00e9 vyj\u00e1d\u0159en\u00ed nesouhlasu je zcela v souladu s americk\u00fdm zp\u016fsobem \u017eivota\u201c.<\/span><\/em><\/p>\n<h4 data-start=\"1329\" data-end=\"1646\">VIDEO:<\/h4>\n<div class=\"rtcode\">\n<div class=\"twitter-tweet twitter-tweet-rendered\"><iframe id=\"twitter-widget-1\" class=\"\" title=\"X P\u0159\u00edsp\u011bvek\" src=\"https:\/\/platform.twitter.com\/embed\/Tweet.html?creatorScreenName=RT_com&amp;dnt=false&amp;embedId=twitter-widget-1&amp;features=eyJ0ZndfdGltZWxpbmVfbGlzdCI6eyJidWNrZXQiOltdLCJ2ZXJzaW9uIjpudWxsfSwidGZ3X2ZvbGxvd2VyX2NvdW50X3N1bnNldCI6eyJidWNrZXQiOnRydWUsInZlcnNpb24iOm51bGx9LCJ0ZndfdHdlZXRfZWRpdF9iYWNrZW5kIjp7ImJ1Y2tldCI6Im9uIiwidmVyc2lvbiI6bnVsbH0sInRmd19yZWZzcmNfc2Vzc2lvbiI6eyJidWNrZXQiOiJvbiIsInZlcnNpb24iOm51bGx9LCJ0ZndfZm9zbnJfc29mdF9pbnRlcnZlbnRpb25zX2VuYWJsZWQiOnsiYnVja2V0Ijoib24iLCJ2ZXJzaW9uIjpudWxsfSwidGZ3X21peGVkX21lZGlhXzE1ODk3Ijp7ImJ1Y2tldCI6InRyZWF0bWVudCIsInZlcnNpb24iOm51bGx9LCJ0ZndfZXhwZXJpbWVudHNfY29va2llX2V4cGlyYXRpb24iOnsiYnVja2V0IjoxMjA5NjAwLCJ2ZXJzaW9uIjpudWxsfSwidGZ3X3Nob3dfYmlyZHdhdGNoX3Bpdm90c19lbmFibGVkIjp7ImJ1Y2tldCI6Im9uIiwidmVyc2lvbiI6bnVsbH0sInRmd19kdXBsaWNhdGVfc2NyaWJlc190b19zZXR0aW5ncyI6eyJidWNrZXQiOiJvbiIsInZlcnNpb24iOm51bGx9LCJ0ZndfdXNlX3Byb2ZpbGVfaW1hZ2Vfc2hhcGVfZW5hYmxlZCI6eyJidWNrZXQiOiJvbiIsInZlcnNpb24iOm51bGx9LCJ0ZndfdmlkZW9faGxzX2R5bmFtaWNfbWFuaWZlc3RzXzE1MDgyIjp7ImJ1Y2tldCI6InRydWVfYml0cmF0ZSIsInZlcnNpb24iOm51bGx9LCJ0ZndfbGVnYWN5X3RpbWVsaW5lX3N1bnNldCI6eyJidWNrZXQiOnRydWUsInZlcnNpb24iOm51bGx9LCJ0ZndfdHdlZXRfZWRpdF9mcm9udGVuZCI6eyJidWNrZXQiOiJvbiIsInZlcnNpb24iOm51bGx9fQ%3D%3D&amp;frame=false&amp;hideCard=false&amp;hideThread=false&amp;id=1979612181298819093&amp;lang=cs&amp;maxWidth=560px&amp;origin=https%3A%2F%2Fwww.rt.com%2Fnews%2F626666-no-kings-protests-trump%2F&amp;sessionId=2d34eb443dc2c388268401fc4dd4a25db1961439&amp;siteScreenName=RT_com&amp;theme=light&amp;widgetsVersion=2615f7e52b7e0%3A1702314776716&amp;width=550px\" frameborder=\"0\" scrolling=\"no\" allowfullscreen=\"allowfullscreen\" data-tweet-id=\"1979612181298819093\" data-mce-fragment=\"1\"><\/iframe><\/div>\n<\/div>\n<p data-start=\"1648\" data-end=\"1944\"><span dir=\"auto\">Republik\u00e1ni vykreslili toto hnut\u00ed jako hnut\u00ed poh\u00e1n\u011bn\u00e9 radik\u00e1ln\u00edmi skupinami.\u00a0<\/span><em><span dir=\"auto\">\u201e\u0158\u00edk\u00e1me tomu demonstrace \u201anen\u00e1vistn\u00e1 Amerika\u2018, kter\u00e1 se bude konat v sobotu,\u201c<\/span><\/em><span dir=\"auto\">\u00a0\u0159ekl ve st\u0159edu p\u0159edseda Sn\u011bmovny reprezentant\u016f Mike Johnson.\u00a0<\/span><em><span dir=\"auto\">\u201eVsad\u00edm se, \u017ee uvid\u00edte p\u0159\u00edznivce Ham\u00e1su, vsad\u00edm se, \u017ee uvid\u00edte antifa\u0161isty, vsad\u00edm se, \u017ee uvid\u00edte marxisty v pln\u00e9 par\u00e1d\u011b.\u201c<\/span><\/em><\/p>\n<p data-start=\"1946\" data-end=\"2132\"><span dir=\"auto\">Mluv\u010d\u00ed B\u00edl\u00e9ho domu Karoline Leavittov\u00e1 ve \u010dtvrtek televizi Fox News \u0159ekla, \u017ee\u00a0<\/span><em><span dir=\"auto\">\u201ehlavn\u00ed voli\u010dskou z\u00e1kladnu Demokratick\u00e9 strany tvo\u0159\u00ed terorist\u00e9 Ham\u00e1su, neleg\u00e1ln\u00ed imigranti a n\u00e1siln\u00ed zlo\u010dinci\u201c.<\/span><\/em><\/p>\n<p data-start=\"1946\" data-end=\"2132\"><img decoding=\"async\" loading=\"lazy\" class=\"alignnone size-full wp-image-1185\" src=\"http:\/\/www.infokuryr.cz\/n\/wp-content\/uploads\/2021\/04\/kuryr-podpis.png\" alt=\"\" width=\"84\" height=\"24\" \/><\/p>\n<p data-start=\"1946\" data-end=\"2132\">\n","protected":false},"excerpt":{"rendered":"<p>Demonstranti obvi\u0148uj\u00ed prezidenta ze zneu\u017e\u00edv\u00e1n\u00ed moci a podkop\u00e1v\u00e1n\u00ed demokracie Velk\u00e9 davy lid\u00ed po cel\u00fdch Spojen\u00fdch&#8230;<\/p>\n","protected":false},"author":2,"featured_media":90171,"comment_status":"closed","ping_status":"closed","sticky":false,"template":"","format":"standard","meta":[],"categories":[7],"tags":[95,452,37],"_links":{"self":[{"href":"https:\/\/www.infokuryr.cz\/n\/wp-json\/wp\/v2\/posts\/90170"}],"collection":[{"href":"https:\/\/www.infokuryr.cz\/n\/wp-json\/wp\/v2\/posts"}],"about":[{"href":"https:\/\/www.infokuryr.cz\/n\/wp-json\/wp\/v2\/types\/post"}],"author":[{"embeddable":true,"href":"https:\/\/www.infokuryr.cz\/n\/wp-json\/wp\/v2\/users\/2"}],"replies":[{"embeddable":true,"href":"https:\/\/www.infokuryr.cz\/n\/wp-json\/wp\/v2\/comments?post=90170"}],"version-history":[{"count":0,"href":"https:\/\/www.infokuryr.cz\/n\/wp-json\/wp\/v2\/posts\/90170\/revisions"}],"wp:featuredmedia":[{"embeddable":true,"href":"https:\/\/www.infokuryr.cz\/n\/wp-json\/wp\/v2\/media\/90171"}],"wp:attachment":[{"href":"https:\/\/www.infokuryr.cz\/n\/wp-json\/wp\/v2\/media?parent=90170"}],"wp:term":[{"taxonomy":"category","embeddable":true,"href":"https:\/\/www.infokuryr.cz\/n\/wp-json\/wp\/v2\/categories?post=90170"},{"taxonomy":"post_tag","embeddable":true,"href":"https:\/\/www.infokuryr.cz\/n\/wp-json\/wp\/v2\/tags?post=90170"}],"curies":[{"name":"wp","href":"https:\/\/api.w.org\/{rel}","templated":true}]}}