{"id":90148,"date":"2025-10-19T00:21:31","date_gmt":"2025-10-18T22:21:31","guid":{"rendered":"https:\/\/www.infokuryr.cz\/n\/?p=90148"},"modified":"2025-10-18T09:10:24","modified_gmt":"2025-10-18T07:10:24","slug":"francie-ema-nas-chce-umlcet","status":"publish","type":"post","link":"https:\/\/www.infokuryr.cz\/n\/2025\/10\/19\/francie-ema-nas-chce-umlcet\/","title":{"rendered":"Francie: EMA n\u00e1s chce uml\u010det"},"content":{"rendered":"<div id=\"fb-root\"><\/div>\n<p><span dir=\"auto\">Evropsk\u00e1 agentura pro l\u00e9\u010div\u00e9 p\u0159\u00edpravky na\u0159\u00eddila smaz\u00e1n\u00ed \u00fadaj\u016f o ne\u017e\u00e1douc\u00edch \u00fa\u010dinc\u00edch vakc\u00edny proti covidu-19 podle jednotliv\u00fdch zem\u00ed. Dopis od EMA je datov\u00e1n 9. \u0159\u00edjna 2025 a zaslala jej Alexandra Nikol, vedouc\u00ed odd\u011blen\u00ed hum\u00e1nn\u00edch l\u00e9\u010div\u00fdch p\u0159\u00edpravk\u016f.<\/span><\/p>\n<p><span dir=\"auto\">Po\u017e\u00e1dala Emmanuelle Darlesovou, doktorku informatiky a pedagogickou v\u00fdzkumnici, a Vincenta Pavana, matematika a pedagogick\u00e9ho v\u00fdzkumn\u00edka, aby do osmi dn\u016f trvale smazali ve\u0161ker\u00e1 data extrahovan\u00e1 ze syst\u00e9mu Eudravigilance, zejm\u00e9na zemi v\u00fdskytu ne\u017e\u00e1douc\u00edch \u00fa\u010dink\u016f spojen\u00fdch s vakc\u00ednami proti covidu-19.<\/span><\/p>\n<p><span dir=\"auto\">V\u00fdzkumn\u00edci mus\u00ed tak\u00e9 zni\u010dit zdrojov\u00fd k\u00f3d pou\u017eit\u00fd k anal\u00fdze dat podle zem\u00ed, jako\u017e i v\u0161echny v\u00fdpo\u010dty, zpr\u00e1vy p\u0159edlo\u017een\u00e9 instituc\u00edm, jako je Evropsk\u00fd parlament, sd\u011blen\u00ed a odvozen\u00e9 pr\u00e1vn\u00ed kroky.<\/span><\/p>\n<p><span dir=\"auto\">Jin\u00fdmi slovy, st\u00e1v\u00e1 se nemo\u017en\u00fdm analyzovat zpr\u00e1vy podle jednotliv\u00fdch zem\u00ed, co\u017e je nezbytn\u00e9, pokud chceme pochopit rozd\u00edly v profilu a \u010detnosti \u00fa\u010dink\u016f v r\u016fzn\u00fdch n\u00e1rodn\u00edch kontextech.<\/span><\/p>\n<p><span dir=\"auto\">Agentura EMA od\u016fvod\u0148uje tuto \u017e\u00e1dost ochranou osobn\u00edch \u00fadaj\u016f a domn\u00edv\u00e1 se, \u017ee uveden\u00ed zem\u011b v\u00fdskytu by mohlo vytvo\u0159it p\u0159\u00edm\u00fd identifik\u00e1tor. Jedn\u00e1 se o ofici\u00e1ln\u00ed p\u0159\u00edkaz k vymaz\u00e1n\u00ed t\u011bchto informac\u00ed pod hrozbou poru\u0161en\u00ed evropsk\u00e9ho na\u0159\u00edzen\u00ed o ochran\u011b osobn\u00edch \u00fadaj\u016f.<\/span><\/p>\n<p><span dir=\"auto\">Emmanuelle Darles tuto interpretaci vyvrac\u00ed, proto\u017ee identifik\u00e1tory jako \u201eEV58875\u201c spojen\u00e9 se zem\u00ed, jako je \u0160pan\u011blsko, nesta\u010d\u00ed k vysledov\u00e1n\u00ed identity. Pseudonymizace je pova\u017eov\u00e1na za neporu\u0161en\u00ed ochrany osobn\u00edch \u00fadaj\u016f.<\/span><\/p>\n<p><span dir=\"auto\">Pro\u010d br\u00e1nit tomu, aby se data v jednotliv\u00fdch zem\u00edch \u010detla odli\u0161n\u011b?<\/span><\/p>\n<p><span dir=\"auto\">Pro\u010d nen\u00ed pisatel tohoto dopisu uveden v organiza\u010dn\u00edm sch\u00e9matu EMA? A p\u0159esto dopis podepsal jeden z \u0159editel\u016f EMA?<\/span><\/p>\n<p><span dir=\"auto\">Pro\u010d je tato \u017e\u00e1dost pod\u00e1v\u00e1na a\u017e o 3 roky pozd\u011bji?<\/span><\/p>\n<p><span dir=\"auto\">Hroz\u00ed z\u00e1kaz ve\u0161ker\u00e9 anal\u00fdzy?<\/span><\/p>\n<p><span dir=\"auto\">Emanuelle a Vincent potvrdili, \u017ee se nepoddaj\u00ed zastra\u0161ov\u00e1n\u00ed, kter\u00e9 je stejn\u011b absurdn\u00ed jako o\u010dividn\u011b nez\u00e1konn\u00e9, a \u017ee se vr\u00e1t\u00ed k pr\u00e1ci na statistick\u00e9 studii ne\u017e\u00e1douc\u00edch \u00fa\u010dink\u016f zalo\u017een\u00e9 na datech EUDRAVIGILANCE. Zva\u017euj\u00ed, \u017ee podniknou kroky u Evropsk\u00e9 komise, kter\u00e1 dohl\u00ed\u017e\u00ed na agenturu EMA, s c\u00edlem zpochybnit jej\u00ed transparentnost a legitimitu.<\/span><\/p>\n<p><a href=\"https:\/\/indepnews.org\/en\/france-the-ema-wants-to-silence-us\/\"><em>Marret Brecht<\/em><\/a><\/p>\n<p>&nbsp;<\/p>\n","protected":false},"excerpt":{"rendered":"<p>Evropsk\u00e1 agentura pro l\u00e9\u010div\u00e9 p\u0159\u00edpravky na\u0159\u00eddila smaz\u00e1n\u00ed \u00fadaj\u016f o ne\u017e\u00e1douc\u00edch \u00fa\u010dinc\u00edch vakc\u00edny proti covidu-19 podle&#8230;<\/p>\n","protected":false},"author":2,"featured_media":90149,"comment_status":"closed","ping_status":"closed","sticky":false,"template":"","format":"standard","meta":[],"categories":[7],"tags":[23,132,3804,523],"_links":{"self":[{"href":"https:\/\/www.infokuryr.cz\/n\/wp-json\/wp\/v2\/posts\/90148"}],"collection":[{"href":"https:\/\/www.infokuryr.cz\/n\/wp-json\/wp\/v2\/posts"}],"about":[{"href":"https:\/\/www.infokuryr.cz\/n\/wp-json\/wp\/v2\/types\/post"}],"author":[{"embeddable":true,"href":"https:\/\/www.infokuryr.cz\/n\/wp-json\/wp\/v2\/users\/2"}],"replies":[{"embeddable":true,"href":"https:\/\/www.infokuryr.cz\/n\/wp-json\/wp\/v2\/comments?post=90148"}],"version-history":[{"count":0,"href":"https:\/\/www.infokuryr.cz\/n\/wp-json\/wp\/v2\/posts\/90148\/revisions"}],"wp:featuredmedia":[{"embeddable":true,"href":"https:\/\/www.infokuryr.cz\/n\/wp-json\/wp\/v2\/media\/90149"}],"wp:attachment":[{"href":"https:\/\/www.infokuryr.cz\/n\/wp-json\/wp\/v2\/media?parent=90148"}],"wp:term":[{"taxonomy":"category","embeddable":true,"href":"https:\/\/www.infokuryr.cz\/n\/wp-json\/wp\/v2\/categories?post=90148"},{"taxonomy":"post_tag","embeddable":true,"href":"https:\/\/www.infokuryr.cz\/n\/wp-json\/wp\/v2\/tags?post=90148"}],"curies":[{"name":"wp","href":"https:\/\/api.w.org\/{rel}","templated":true}]}}