{"id":90146,"date":"2025-10-19T00:20:51","date_gmt":"2025-10-18T22:20:51","guid":{"rendered":"https:\/\/www.infokuryr.cz\/n\/?p=90146"},"modified":"2025-10-18T09:03:35","modified_gmt":"2025-10-18T07:03:35","slug":"usa-znicily-v-karibiku-drogovou-ponorku-rekl-trump","status":"publish","type":"post","link":"https:\/\/www.infokuryr.cz\/n\/2025\/10\/19\/usa-znicily-v-karibiku-drogovou-ponorku-rekl-trump\/","title":{"rendered":"USA zni\u010dily v Karibiku \u201edrogovou ponorku\u201c, \u0159ekl Trump"},"content":{"rendered":"<div id=\"fb-root\"><\/div>\n<h3>Prezident d\u0159\u00edve obvinil sousedn\u00ed Venezuelu z \u201enarkoterorismu\u201c<\/h3>\n<p data-start=\"268\" data-end=\"529\"><span dir=\"auto\">Americk\u00e1 arm\u00e1da zni\u010dila v Karibiku ponorku, kter\u00e1 pa\u0161ovala drogy, ozn\u00e1mil v p\u00e1tek prezident Donald Trump.<\/span><\/p>\n<p data-start=\"658\" data-end=\"859\"><span dir=\"auto\">Toto prohl\u00e1\u0161en\u00ed p\u0159i\u0161lo pot\u00e9, co USA od z\u00e1\u0159\u00ed za\u00fato\u010dily na nejm\u00e9n\u011b p\u011bt hladinov\u00fdch plavidel, \u00fadajn\u011b provozovan\u00fdch kartely se s\u00eddlem ve Venezuele, jejich\u017e vl\u00e1du Trump obvinil z napom\u00e1h\u00e1n\u00ed\u00a0<\/span><em><span dir=\"auto\">\u201enarkoterorist\u016fm\u201c.<\/span><\/em><\/p>\n<p data-start=\"861\" data-end=\"1118\"><em><span dir=\"auto\">\u201eZa\u00fato\u010dili jsme na ponorku, a to byla ponorka p\u0159epravuj\u00edc\u00ed drogy, postaven\u00e1 speci\u00e1ln\u011b pro p\u0159epravu obrovsk\u00e9ho mno\u017estv\u00ed drog,\u201c<\/span><\/em><span dir=\"auto\">\u00a0\u0159ekl Trump novin\u00e1\u0159\u016fm v B\u00edl\u00e9m dom\u011b.\u00a0<\/span><em><span dir=\"auto\">\u201eJen abyste pochopili, ne\u0161lo o nevinnou skupinu lid\u00ed,\u201c<\/span><\/em><span dir=\"auto\">\u00a0dodal.<\/span><\/p>\n<p data-start=\"1120\" data-end=\"1252\"><span dir=\"auto\">Americk\u00e1 m\u00e9dia d\u0159\u00edve informovala, \u017ee americk\u00e9 n\u00e1mo\u0159nictvo poprv\u00e9 vyzvedlo n\u011bkolik p\u0159e\u017eiv\u0161\u00edch a zadr\u017eelo je na v\u00e1le\u010dn\u00e9 lodi.<\/span><\/p>\n<p data-start=\"1254\" data-end=\"1603\"><span dir=\"auto\">Trump d\u0159\u00edve potvrdil, \u017ee schv\u00e1lil tajn\u00e9 operace CIA na venezuelsk\u00e9 p\u016fd\u011b, ale odm\u00edtl uv\u00e9st, zda je jejich c\u00edlem svrhnout levicov\u00e9ho prezidenta Nicol\u00e1se Madura. USA uvalily na tuto jihoamerickou zemi rozs\u00e1hl\u00e9 sankce b\u011bhem Trumpova prvn\u00edho funk\u010dn\u00edho obdob\u00ed a ned\u00e1vno zv\u00fd\u0161ily odm\u011bnu za Madurovo zat\u010den\u00ed na 50 milion\u016f dolar\u016f.<\/span><\/p>\n<p data-start=\"1605\" data-end=\"1852\"><span dir=\"auto\">Maduro odm\u00edtl to, co nazval\u00a0<\/span><em><span dir=\"auto\">\u201ep\u0159evraty veden\u00fdmi CIA\u201c<\/span><\/em><span dir=\"auto\">\u00a0v regionu, a vyzval k m\u00edru.\u00a0<\/span><em><span dir=\"auto\">\u201eDo kdy budou p\u0159evraty CIA pokra\u010dovat? Latinsk\u00e1 Amerika je nechce, nepot\u0159ebuje je a odm\u00edt\u00e1 je,\u201c<\/span><\/em><span dir=\"auto\">\u00a0\u0159ekl ve st\u0159edu podle den\u00edku El Pais.<\/span><\/p>\n<p><span dir=\"auto\">Venezuelsk\u00e1 vl\u00e1da pop\u0159ela jak\u00e9koli vazby na kartely a sl\u00edbila, \u017ee jakoukoli invazi odraz\u00ed.<\/span><\/p>\n<p><img decoding=\"async\" loading=\"lazy\" class=\"alignnone size-full wp-image-1185\" src=\"http:\/\/www.infokuryr.cz\/n\/wp-content\/uploads\/2021\/04\/kuryr-podpis.png\" alt=\"\" width=\"84\" height=\"24\" \/><\/p>\n<p>&nbsp;<\/p>\n","protected":false},"excerpt":{"rendered":"<p>Prezident d\u0159\u00edve obvinil sousedn\u00ed Venezuelu z \u201enarkoterorismu\u201c Americk\u00e1 arm\u00e1da zni\u010dila v Karibiku ponorku, kter\u00e1 pa\u0161ovala&#8230;<\/p>\n","protected":false},"author":2,"featured_media":90147,"comment_status":"closed","ping_status":"closed","sticky":false,"template":"","format":"standard","meta":[],"categories":[7],"tags":[289,1514,1409,37,181],"_links":{"self":[{"href":"https:\/\/www.infokuryr.cz\/n\/wp-json\/wp\/v2\/posts\/90146"}],"collection":[{"href":"https:\/\/www.infokuryr.cz\/n\/wp-json\/wp\/v2\/posts"}],"about":[{"href":"https:\/\/www.infokuryr.cz\/n\/wp-json\/wp\/v2\/types\/post"}],"author":[{"embeddable":true,"href":"https:\/\/www.infokuryr.cz\/n\/wp-json\/wp\/v2\/users\/2"}],"replies":[{"embeddable":true,"href":"https:\/\/www.infokuryr.cz\/n\/wp-json\/wp\/v2\/comments?post=90146"}],"version-history":[{"count":0,"href":"https:\/\/www.infokuryr.cz\/n\/wp-json\/wp\/v2\/posts\/90146\/revisions"}],"wp:featuredmedia":[{"embeddable":true,"href":"https:\/\/www.infokuryr.cz\/n\/wp-json\/wp\/v2\/media\/90147"}],"wp:attachment":[{"href":"https:\/\/www.infokuryr.cz\/n\/wp-json\/wp\/v2\/media?parent=90146"}],"wp:term":[{"taxonomy":"category","embeddable":true,"href":"https:\/\/www.infokuryr.cz\/n\/wp-json\/wp\/v2\/categories?post=90146"},{"taxonomy":"post_tag","embeddable":true,"href":"https:\/\/www.infokuryr.cz\/n\/wp-json\/wp\/v2\/tags?post=90146"}],"curies":[{"name":"wp","href":"https:\/\/api.w.org\/{rel}","templated":true}]}}