{"id":90137,"date":"2025-10-19T00:15:06","date_gmt":"2025-10-18T22:15:06","guid":{"rendered":"https:\/\/www.infokuryr.cz\/n\/?p=90137"},"modified":"2025-10-18T08:47:06","modified_gmt":"2025-10-18T06:47:06","slug":"nevesta-se-trasla-strachy-odvazny-matrikar-zabranil-nucenemu-snatku","status":"publish","type":"post","link":"https:\/\/www.infokuryr.cz\/n\/2025\/10\/19\/nevesta-se-trasla-strachy-odvazny-matrikar-zabranil-nucenemu-snatku\/","title":{"rendered":"Nev\u011bsta se t\u0159\u00e1sla strachy: Odv\u00e1\u017en\u00fd matrik\u00e1\u0159 zabr\u00e1nil nucen\u00e9mu s\u0148atku"},"content":{"rendered":"<div id=\"fb-root\"><\/div>\n<p><strong><span dir=\"auto\">Svatba by m\u011bla b\u00fdt v nejlep\u0161\u00edm p\u0159\u00edpad\u011b nej\u0161\u0165astn\u011bj\u0161\u00edm dnem v \u017eivot\u011b. Ale ne v tomto p\u0159\u00edpad\u011b: Kdy\u017e se v prosinci 2022 dostavil p\u00e1r na matri\u010dn\u00ed \u00fa\u0159ad v Dietikonu v kantonu Curych, ve vzduchu visel strach. Nev\u011bsta se t\u0159\u00e1sla a sotva promluvila. Matrik\u00e1\u0159ka si okam\u017eit\u011b v\u0161imla, \u017ee n\u011bco nen\u00ed v po\u0159\u00e1dku. Zas\u00e1hla \u2013 a\u00a0<\/span><a href=\"https:\/\/www.nzz.ch\/zuerich\/zuerich-aufmerksame-standesbeamtin-verhindert-zwangsheirat-ld.1905236\"><span dir=\"auto\">t\u00edm zabr\u00e1nila nucen\u00e9mu s\u0148atku<\/span><\/a><span dir=\"auto\">\u00a0.<\/span><\/strong><\/p>\n<p><span dir=\"auto\">Matrik\u00e1\u0159, znepokojen jej\u00edm \u00fazkostliv\u00fdm chov\u00e1n\u00edm, si nev\u011bstu p\u0159edvolal k soukrom\u00e9mu sch\u016fzce. \u017denich ji alb\u00e1nsky varoval: \u201eAni se neopova\u017euj nic \u0159\u00edct.\u201c Mlad\u00e1 \u017eena p\u0159esto ml\u010den\u00ed prolomila.\u00a0<\/span><strong><span dir=\"auto\">\u0158ekla, \u017ee je modern\u00ed \u017eena a nechce nosit \u0161\u00e1tek, ale jej\u00ed partner na ni vyv\u00edj\u00ed tlak. Necht\u011bla svatbu, p\u0159iznala.<\/span><\/strong><span dir=\"auto\"> Tak\u00e9 se b\u00e1la sv\u00e9ho snoubence, proto\u017ee j\u00ed jednou zlomil prst.<\/span><\/p>\n<p><span dir=\"auto\">Dokumenty odhalily, \u017ee \u017eena byla chr\u00e1n\u011bna p\u0159ed sv\u00fdm partnerem i b\u011bhem pobytu v nemocnici. Nikdo s n\u00ed nesm\u011bl mluvit.<\/span><\/p>\n<p><span dir=\"auto\">Matrik\u00e1\u0159ka reagovala rychle, ale opatrn\u011b. Vedla dal\u0161\u00ed jedn\u00e1n\u00ed, v\u010detn\u011b osobn\u00ed sch\u016fzky se \u017eenichem, a svatbu odlo\u017eila. N\u00e1sleduj\u00edc\u00ed den informovala policii o sv\u00e9m podez\u0159en\u00ed z nucen\u00e9ho s\u0148atku. Jen o den pozd\u011bji \u017eenich tak\u00e9 ozn\u00e1mil, \u017ee se ji\u017e nechce \u017eenit.<\/span><\/p>\n<p><span dir=\"auto\">O \u0161est m\u011bs\u00edc\u016f pozd\u011bji, v \u010dervenci 2023, cvakla pouta.\u00a0<\/span><strong><span dir=\"auto\">Nyn\u00ed 43let\u00fd mu\u017e s dvojit\u00fdm francouzsko-kosovsk\u00fdm ob\u010danstv\u00edm byl zat\u010den za dom\u00e1c\u00ed n\u00e1sil\u00ed. Byl obvin\u011bn ze zn\u00e1siln\u011bn\u00ed, v\u00fdhr\u016f\u017eek, napaden\u00ed a pokusu o nucen\u00fd s\u0148atek.<\/span><\/strong><span dir=\"auto\">\u00a0Dopustil se tak\u00e9 dopravn\u00edho p\u0159estupku. Mezi lety 2021 a 2023 \u00fadajn\u011b opakovan\u011b bil, vyhro\u017eoval a poni\u017eoval svou partnerku.<\/span><\/p>\n<p><span dir=\"auto\">\u017dena \u017eila v neust\u00e1l\u00e9m strachu ze smrti. Utrp\u011bla mod\u0159iny a zran\u011bn\u00ed a podstoupila n\u011bkolik l\u00e9ka\u0159sk\u00fdch o\u0161et\u0159en\u00ed. Proto\u017ee s n\u00edm necht\u011bla m\u00edt d\u011bti, tvrdila, \u017ee podstoupila t\u0159i potraty.<\/span><\/p>\n<h3 id=\"h-show-vor-gericht\" class=\"wp-block-heading\"><span dir=\"auto\">\u201eShow\u201c u soudu<\/span><\/h3>\n<p><span dir=\"auto\">U soudu v Dietikonu ob\u017ealovan\u00fd protestuje proti sv\u00e9 nevin\u011b \u2013 pop\u00edr\u00e1 v\u00fdhr\u016f\u017eky smrt\u00ed no\u017eem, \u00fadery opaskem, facky, \u0161krcen\u00ed a sexu\u00e1ln\u00ed napaden\u00ed. Tvrd\u00ed, \u017ee se ho ob\u011b\u0165 pokusila zni\u010dit zfal\u0161ovan\u00fdmi prohl\u00e1\u0161en\u00edmi a fotografiemi. Dokonce pop\u00edr\u00e1 obvin\u011bn\u00ed z nucen\u00e9ho s\u0148atku a tvrd\u00ed, \u017ee byl k n\u011bmu donucen svou partnerkou a jej\u00ed matkou. Ve sv\u00fdch prohl\u00e1\u0161en\u00edch opakovan\u011b kol\u00eds\u00e1 a rozpl\u00e1\u010de se. Jeho obh\u00e1jce se pak postav\u00ed a polo\u017e\u00ed mu uklid\u0148uj\u00edc\u00ed ruku na rameno.<\/span><\/p>\n<p><strong><span dir=\"auto\">Na za\u010d\u00e1tku sv\u00e9 prosby st\u00e1tn\u00ed z\u00e1stupce hovo\u0159il o \u201ep\u0159edstaven\u00ed\u201c, kter\u00e9 bylo t\u011b\u017ek\u00e9 sn\u00e9st.<\/span><\/strong><span dir=\"auto\"> Z\u0159ejm\u011b za sv\u00fdch 25 let praxe nyn\u00ed zatkl nespr\u00e1vnou osobu, \u0159ekl sarkasticky.<\/span><\/p>\n<p><span dir=\"auto\">Soud ob\u011bti uv\u011b\u0159il. Mu\u017e byl shled\u00e1n vinn\u00fdm ve v\u0161ech bodech ob\u017ealoby \u2013 zn\u00e1siln\u011bn\u00ed, napaden\u00ed a pokusu o nucen\u00fd s\u0148atek.\u00a0<\/span><strong><span dir=\"auto\">Trest: \u0161est let v\u011bzen\u00ed. Bude tak\u00e9 vyho\u0161t\u011bn ze zem\u011b na 10 let.<\/span><\/strong><span dir=\"auto\">\u00a0Mus\u00ed ob\u011bti zaplatit 15 000 frank\u016f jako od\u0161kodn\u00e9 a 2 100 frank\u016f jako n\u00e1hradu \u0161kody. Krom\u011b toho m\u00e1 z\u00e1kaz kontaktu s oblast\u00ed a je p\u011bt let v\u011bzn\u011bn v dan\u00e9 oblasti. Rozsudek ze dne 23. z\u00e1\u0159\u00ed 2025 dosud nen\u00ed pravomocn\u00fd.<\/span><\/p>\n<p><span dir=\"auto\">P\u0159esto\u017ee tento p\u0159\u00edpad poch\u00e1z\u00ed ze \u0160v\u00fdcarska, nucen\u00e9 s\u0148atky nejsou vzd\u00e1len\u00fdm probl\u00e9mem. Tak\u00e9 v N\u011bmecku jsou stovky mlad\u00fdch \u017een ka\u017edoro\u010dn\u011b nuceny uzav\u00edrat man\u017eelstv\u00ed proti sv\u00e9 v\u016fli. Je to importovan\u00fd probl\u00e9m: Obzvl\u00e1\u0161t\u011b posti\u017een\u00e9 jsou ty, kter\u00e9 vyr\u016fstaj\u00ed v p\u0159\u00edsn\u011b patriarch\u00e1ln\u00edch rodinn\u00fdch struktur\u00e1ch, \u010dasto s ko\u0159eny v (isl\u00e1msk\u00fdch) zem\u00edch, kde vn\u00edman\u00e1 \u201e\u010dest\u201c a poslu\u0161nost jsou d\u016fle\u017eit\u011bj\u0161\u00ed ne\u017e pr\u00e1va a svobody \u017een. Skute\u010dnost, \u017ee \u00fa\u0159ednice reagovala tak odv\u00e1\u017en\u011b, m\u00edsto aby z \u010dir\u00e9 politick\u00e9 korektnosti p\u0159imhou\u0159ila o\u010di, j\u00ed slou\u017e\u00ed k velk\u00e9 cti.<\/span><\/p>\n<p><img decoding=\"async\" loading=\"lazy\" class=\"alignnone size-full wp-image-1185\" src=\"http:\/\/www.infokuryr.cz\/n\/wp-content\/uploads\/2021\/04\/kuryr-podpis.png\" alt=\"\" width=\"84\" height=\"24\" \/><\/p>\n<p>&nbsp;<\/p>\n","protected":false},"excerpt":{"rendered":"<p>Svatba by m\u011bla b\u00fdt v nejlep\u0161\u00edm p\u0159\u00edpad\u011b nej\u0161\u0165astn\u011bj\u0161\u00edm dnem v \u017eivot\u011b. Ale ne v tomto&#8230;<\/p>\n","protected":false},"author":2,"featured_media":90138,"comment_status":"closed","ping_status":"closed","sticky":false,"template":"","format":"standard","meta":[],"categories":[7],"tags":[239,9924,931],"_links":{"self":[{"href":"https:\/\/www.infokuryr.cz\/n\/wp-json\/wp\/v2\/posts\/90137"}],"collection":[{"href":"https:\/\/www.infokuryr.cz\/n\/wp-json\/wp\/v2\/posts"}],"about":[{"href":"https:\/\/www.infokuryr.cz\/n\/wp-json\/wp\/v2\/types\/post"}],"author":[{"embeddable":true,"href":"https:\/\/www.infokuryr.cz\/n\/wp-json\/wp\/v2\/users\/2"}],"replies":[{"embeddable":true,"href":"https:\/\/www.infokuryr.cz\/n\/wp-json\/wp\/v2\/comments?post=90137"}],"version-history":[{"count":0,"href":"https:\/\/www.infokuryr.cz\/n\/wp-json\/wp\/v2\/posts\/90137\/revisions"}],"wp:featuredmedia":[{"embeddable":true,"href":"https:\/\/www.infokuryr.cz\/n\/wp-json\/wp\/v2\/media\/90138"}],"wp:attachment":[{"href":"https:\/\/www.infokuryr.cz\/n\/wp-json\/wp\/v2\/media?parent=90137"}],"wp:term":[{"taxonomy":"category","embeddable":true,"href":"https:\/\/www.infokuryr.cz\/n\/wp-json\/wp\/v2\/categories?post=90137"},{"taxonomy":"post_tag","embeddable":true,"href":"https:\/\/www.infokuryr.cz\/n\/wp-json\/wp\/v2\/tags?post=90137"}],"curies":[{"name":"wp","href":"https:\/\/api.w.org\/{rel}","templated":true}]}}