{"id":90128,"date":"2025-10-18T07:22:00","date_gmt":"2025-10-18T05:22:00","guid":{"rendered":"https:\/\/www.infokuryr.cz\/n\/?p=90128"},"modified":"2025-10-18T07:22:00","modified_gmt":"2025-10-18T05:22:00","slug":"pocet-obeti-povodni-v-mexiku-roste","status":"publish","type":"post","link":"https:\/\/www.infokuryr.cz\/n\/2025\/10\/18\/pocet-obeti-povodni-v-mexiku-roste\/","title":{"rendered":"Po\u010det ob\u011bt\u00ed povodn\u00ed v Mexiku roste"},"content":{"rendered":"<div id=\"fb-root\"><\/div>\n<p class=\"lead\"><strong><span dir=\"auto\">Po\u010det ob\u011bt\u00ed povodn\u00ed a sesuv\u016f p\u016fdy zp\u016fsoben\u00fdch siln\u00fdmi de\u0161ti ve st\u0159edn\u00edm a v\u00fdchodn\u00edm Mexiku vzrostl na 72, uvedla vl\u00e1da.<\/span><\/strong><\/p>\n<p><em><span dir=\"auto\">&#8222;Celkov\u00fd po\u010det mrtv\u00fdch je 72 lid\u00ed, 48 se st\u00e1le poh\u0159e\u0161uje,&#8220;<\/span><span class=\"after-quote\"><span dir=\"auto\">\u00a0\u2013 uv\u00e1d\u00ed se ve zpr\u00e1v\u011b na webov\u00fdch str\u00e1nk\u00e1ch mexick\u00e9 vl\u00e1dy.<\/span><\/span><\/em><\/p>\n<p><span dir=\"auto\">Podle \u0159editelky \u0158editelstv\u00ed civiln\u00ed ochrany\u00a0<\/span><strong><span dir=\"auto\">Laury Vel\u00e1zquezov\u00e9<\/span><\/strong><span dir=\"auto\"> zp\u016fsobily nejv\u011bt\u0161\u00ed \u0161kody sr\u00e1\u017eky 8. \u0159\u00edjna \u2013 a\u017e 280 milimetr\u016f ve Veracruzu a 286 milimetr\u016f v Pueble. Lij\u00e1ky zp\u016fsobily vylit\u00ed \u0159ek z b\u0159eh\u016f, z\u00e1plavy a sesuvy p\u016fdy.<\/span><\/p>\n<p><span dir=\"auto\">Nejvy\u0161\u0161\u00ed po\u010det ob\u011bt\u00ed byl zaznamen\u00e1n ve st\u00e1t\u011b Veracruz, kde bylo 32 mrtv\u00fdch a 14 poh\u0159e\u0161ovan\u00fdch. Hidalgo hl\u00e1silo 21 mrtv\u00fdch a 29 poh\u0159e\u0161ovan\u00fdch. Puebla hl\u00e1sila 18 mrtv\u00fdch a p\u011bt poh\u0159e\u0161ovan\u00fdch. Jedno \u00famrt\u00ed bylo potvrzeno ve st\u00e1t\u011b Quer\u00e9taro. \u00da\u0159ady d\u0159\u00edve hl\u00e1sily 64 mrtv\u00fdch a 65 poh\u0159e\u0161ovan\u00fdch.<\/span><\/p>\n<p><span dir=\"auto\">Z\u00e1chrann\u00e9 slo\u017eky a vojensk\u00e9 jednotky pokra\u010duj\u00ed v p\u00e1trac\u00edch a z\u00e1chrann\u00fdch operac\u00edch a obnov\u011b infrastruktury v posti\u017een\u00fdch obc\u00edch. Podle vl\u00e1dy se do reakce na katastrofu zapojuje v\u00edce ne\u017e 12 000 voj\u00e1k\u016f a z\u00e1chran\u00e1\u0159\u016f. Dod\u00e1vka proudu byla obnovena v 95 % p\u011bti nejv\u00edce posti\u017een\u00fdch st\u00e1t\u016f.<\/span><\/p>\n<p><span dir=\"auto\">Siln\u00e9 de\u0161t\u011b v posledn\u00edch t\u00fddnech zas\u00e1hly cel\u00fd region St\u0159edn\u00ed Ameriky. Hondura\u0161t\u00ed z\u00e1chran\u00e1\u0159i ozn\u00e1mili, \u017ee po\u010det ob\u011bt\u00ed v jejich zemi dos\u00e1hl 15. V hlavn\u00edm m\u011bst\u011b Tegucigalpa byl vyhl\u00e1\u0161en \u010derven\u00fd stupe\u0148 pohotovosti, proto\u017ee sesuvy p\u016fdy a z\u00e1plavy zni\u010dily des\u00edtky dom\u016f a po\u0161kodily tis\u00edce lid\u00ed po cel\u00e9 zemi.<\/span><\/p>\n<p><img decoding=\"async\" loading=\"lazy\" class=\"alignnone size-full wp-image-1185\" src=\"http:\/\/www.infokuryr.cz\/n\/wp-content\/uploads\/2021\/04\/kuryr-podpis.png\" alt=\"\" width=\"84\" height=\"24\" \/><\/p>\n<p>&nbsp;<\/p>\n","protected":false},"excerpt":{"rendered":"<p>Po\u010det ob\u011bt\u00ed povodn\u00ed a sesuv\u016f p\u016fdy zp\u016fsoben\u00fdch siln\u00fdmi de\u0161ti ve st\u0159edn\u00edm a v\u00fdchodn\u00edm Mexiku vzrostl&#8230;<\/p>\n","protected":false},"author":2,"featured_media":90129,"comment_status":"closed","ping_status":"closed","sticky":false,"template":"","format":"standard","meta":[],"categories":[7],"tags":[396,871,904],"_links":{"self":[{"href":"https:\/\/www.infokuryr.cz\/n\/wp-json\/wp\/v2\/posts\/90128"}],"collection":[{"href":"https:\/\/www.infokuryr.cz\/n\/wp-json\/wp\/v2\/posts"}],"about":[{"href":"https:\/\/www.infokuryr.cz\/n\/wp-json\/wp\/v2\/types\/post"}],"author":[{"embeddable":true,"href":"https:\/\/www.infokuryr.cz\/n\/wp-json\/wp\/v2\/users\/2"}],"replies":[{"embeddable":true,"href":"https:\/\/www.infokuryr.cz\/n\/wp-json\/wp\/v2\/comments?post=90128"}],"version-history":[{"count":0,"href":"https:\/\/www.infokuryr.cz\/n\/wp-json\/wp\/v2\/posts\/90128\/revisions"}],"wp:featuredmedia":[{"embeddable":true,"href":"https:\/\/www.infokuryr.cz\/n\/wp-json\/wp\/v2\/media\/90129"}],"wp:attachment":[{"href":"https:\/\/www.infokuryr.cz\/n\/wp-json\/wp\/v2\/media?parent=90128"}],"wp:term":[{"taxonomy":"category","embeddable":true,"href":"https:\/\/www.infokuryr.cz\/n\/wp-json\/wp\/v2\/categories?post=90128"},{"taxonomy":"post_tag","embeddable":true,"href":"https:\/\/www.infokuryr.cz\/n\/wp-json\/wp\/v2\/tags?post=90128"}],"curies":[{"name":"wp","href":"https:\/\/api.w.org\/{rel}","templated":true}]}}