{"id":90122,"date":"2025-10-18T07:09:22","date_gmt":"2025-10-18T05:09:22","guid":{"rendered":"https:\/\/www.infokuryr.cz\/n\/?p=90122"},"modified":"2025-10-18T07:09:37","modified_gmt":"2025-10-18T05:09:37","slug":"nevidana-urazka-a-ponizeni-zelenskeho-ve-washingtonu-privital-pouze-personal-letiste","status":"publish","type":"post","link":"https:\/\/www.infokuryr.cz\/n\/2025\/10\/18\/nevidana-urazka-a-ponizeni-zelenskeho-ve-washingtonu-privital-pouze-personal-letiste\/","title":{"rendered":"Nev\u00eddan\u00e1 ur\u00e1\u017eka a pon\u00ed\u017een\u00ed: Zelensk\u00e9ho ve Washingtonu p\u0159iv\u00edtal pouze person\u00e1l leti\u0161t\u011b"},"content":{"rendered":"<div id=\"fb-root\"><\/div>\n<p><strong><span dir=\"auto\">Zat\u00edmco se v\u0161e to\u010d\u00ed kolem pl\u00e1novan\u00e9ho m\u00edrov\u00e9ho summitu mezi americk\u00fdm prezidentem Trumpem a jeho rusk\u00fdm prot\u011bj\u0161kem Putinem, ukrajinsk\u00fd prezident Zelensk\u00fd byl Donaldem Trumpem na za\u010d\u00e1tku sv\u00e9 n\u00e1v\u0161t\u011bvy Washingtonu na leti\u0161ti p\u0159ijat za ned\u016fstojn\u00fdch podm\u00ednek, a to nikoli na politick\u00e9 \u00farovni.<\/span><\/strong><\/p>\n<p><span dir=\"auto\"><strong>Zelensk\u00e9ho p\u0159iv\u00edtal pouze person\u00e1l leti\u0161t\u011b,<\/strong> a proto se mu nedostalo p\u0159ijet\u00ed na politick\u00e9 \u00farovni.<\/span><\/p>\n<p><strong><span dir=\"auto\">Zelensk\u00e9ho p\u0159ekvapila zpr\u00e1va o m\u00edrov\u00e9m summitu v Budape\u0161ti<\/span><\/strong><\/p>\n<p><span dir=\"auto\">Podle zpr\u00e1v americk\u00fdch novin Axios by Donald Trump a Vladimir Putin m\u011bli v Budape\u0161ti jednat o m\u00edru. Ukrajinsk\u00e1 hlava st\u00e1tu se o tom dozv\u011bd\u011bla t\u011bsn\u011b po p\u0159ist\u00e1n\u00ed ve Washingtonu.<\/span><\/p>\n<p><span dir=\"auto\">Podle agentury Axios se Zelenskyj zpo\u010d\u00e1tku na sch\u016fzku s Trumpem t\u011b\u0161il s d\u016fv\u011brou a doufal tak\u00e9 v dohodu o dod\u00e1vce raket dlouh\u00e9ho doletu Tomahawk.<\/span><\/p>\n<p><span dir=\"auto\">Kr\u00e1tce po p\u0159ist\u00e1n\u00ed na americk\u00e9 leteck\u00e9 z\u00e1kladn\u011b v Andrews v\u0161ak Zelensk\u00e9ho a jeho t\u00fdm p\u0159ekvapilo ozn\u00e1men\u00ed Donalda Trumpa, \u017ee souhlasil se sch\u016fzkou mezi n\u00edm a Putinem v Ma\u010farsku.<\/span><\/p>\n<p><span dir=\"auto\">Volba Budape\u0161ti jako lokality je pro Ukrajince tak\u00e9 hanlivou, proto\u017ee Ma\u010farsko bylo jako \u010dlensk\u00fd st\u00e1t EU nejd\u016fle\u017eit\u011bj\u0161\u00edm a opakovan\u011b prosazovalo m\u00edr a z\u00e1rove\u0148 pevn\u011b podporovalo \u010dlenstv\u00ed Ukrajiny v EU.<\/span><\/p>\n<h4>VIDEO:<\/h4>\n<div class=\"twitter-tweet twitter-tweet-rendered\"><iframe id=\"twitter-widget-0\" class=\"\" title=\"X Post\" src=\"https:\/\/platform.twitter.com\/embed\/Tweet.html?dnt=false&amp;embedId=twitter-widget-0&amp;features=eyJ0ZndfdGltZWxpbmVfbGlzdCI6eyJidWNrZXQiOltdLCJ2ZXJzaW9uIjpudWxsfSwidGZ3X2ZvbGxvd2VyX2NvdW50X3N1bnNldCI6eyJidWNrZXQiOnRydWUsInZlcnNpb24iOm51bGx9LCJ0ZndfdHdlZXRfZWRpdF9iYWNrZW5kIjp7ImJ1Y2tldCI6Im9uIiwidmVyc2lvbiI6bnVsbH0sInRmd19yZWZzcmNfc2Vzc2lvbiI6eyJidWNrZXQiOiJvbiIsInZlcnNpb24iOm51bGx9LCJ0ZndfZm9zbnJfc29mdF9pbnRlcnZlbnRpb25zX2VuYWJsZWQiOnsiYnVja2V0Ijoib24iLCJ2ZXJzaW9uIjpudWxsfSwidGZ3X21peGVkX21lZGlhXzE1ODk3Ijp7ImJ1Y2tldCI6InRyZWF0bWVudCIsInZlcnNpb24iOm51bGx9LCJ0ZndfZXhwZXJpbWVudHNfY29va2llX2V4cGlyYXRpb24iOnsiYnVja2V0IjoxMjA5NjAwLCJ2ZXJzaW9uIjpudWxsfSwidGZ3X3Nob3dfYmlyZHdhdGNoX3Bpdm90c19lbmFibGVkIjp7ImJ1Y2tldCI6Im9uIiwidmVyc2lvbiI6bnVsbH0sInRmd19kdXBsaWNhdGVfc2NyaWJlc190b19zZXR0aW5ncyI6eyJidWNrZXQiOiJvbiIsInZlcnNpb24iOm51bGx9LCJ0ZndfdXNlX3Byb2ZpbGVfaW1hZ2Vfc2hhcGVfZW5hYmxlZCI6eyJidWNrZXQiOiJvbiIsInZlcnNpb24iOm51bGx9LCJ0ZndfdmlkZW9faGxzX2R5bmFtaWNfbWFuaWZlc3RzXzE1MDgyIjp7ImJ1Y2tldCI6InRydWVfYml0cmF0ZSIsInZlcnNpb24iOm51bGx9LCJ0ZndfbGVnYWN5X3RpbWVsaW5lX3N1bnNldCI6eyJidWNrZXQiOnRydWUsInZlcnNpb24iOm51bGx9LCJ0ZndfdHdlZXRfZWRpdF9mcm9udGVuZCI6eyJidWNrZXQiOiJvbiIsInZlcnNpb24iOm51bGx9fQ%3D%3D&amp;frame=false&amp;hideCard=false&amp;hideThread=false&amp;id=1979059027398037720&amp;lang=cs&amp;maxWidth=560px&amp;origin=https%3A%2F%2Fwww.unser-mitteleuropa.com%2F179182&amp;sessionId=5016525009742da77c07a11c24f79809e7b29c0e&amp;siteScreenName=UNSER%20MITTELEUROPA&amp;theme=light&amp;widgetsVersion=2615f7e52b7e0%3A1702314776716&amp;width=550px\" frameborder=\"0\" scrolling=\"no\" allowfullscreen=\"allowfullscreen\" data-tweet-id=\"1979059027398037720\" data-mce-fragment=\"1\"><\/iframe><\/div>\n<div><img decoding=\"async\" loading=\"lazy\" class=\"alignnone size-full wp-image-1185\" src=\"http:\/\/www.infokuryr.cz\/n\/wp-content\/uploads\/2021\/04\/kuryr-podpis.png\" alt=\"\" width=\"84\" height=\"24\" \/><\/div>\n","protected":false},"excerpt":{"rendered":"<p>Zat\u00edmco se v\u0161e to\u010d\u00ed kolem pl\u00e1novan\u00e9ho m\u00edrov\u00e9ho summitu mezi americk\u00fdm prezidentem Trumpem a jeho rusk\u00fdm&#8230;<\/p>\n","protected":false},"author":2,"featured_media":90123,"comment_status":"closed","ping_status":"closed","sticky":false,"template":"","format":"standard","meta":[],"categories":[7],"tags":[806,7064,352,1000],"_links":{"self":[{"href":"https:\/\/www.infokuryr.cz\/n\/wp-json\/wp\/v2\/posts\/90122"}],"collection":[{"href":"https:\/\/www.infokuryr.cz\/n\/wp-json\/wp\/v2\/posts"}],"about":[{"href":"https:\/\/www.infokuryr.cz\/n\/wp-json\/wp\/v2\/types\/post"}],"author":[{"embeddable":true,"href":"https:\/\/www.infokuryr.cz\/n\/wp-json\/wp\/v2\/users\/2"}],"replies":[{"embeddable":true,"href":"https:\/\/www.infokuryr.cz\/n\/wp-json\/wp\/v2\/comments?post=90122"}],"version-history":[{"count":0,"href":"https:\/\/www.infokuryr.cz\/n\/wp-json\/wp\/v2\/posts\/90122\/revisions"}],"wp:featuredmedia":[{"embeddable":true,"href":"https:\/\/www.infokuryr.cz\/n\/wp-json\/wp\/v2\/media\/90123"}],"wp:attachment":[{"href":"https:\/\/www.infokuryr.cz\/n\/wp-json\/wp\/v2\/media?parent=90122"}],"wp:term":[{"taxonomy":"category","embeddable":true,"href":"https:\/\/www.infokuryr.cz\/n\/wp-json\/wp\/v2\/categories?post=90122"},{"taxonomy":"post_tag","embeddable":true,"href":"https:\/\/www.infokuryr.cz\/n\/wp-json\/wp\/v2\/tags?post=90122"}],"curies":[{"name":"wp","href":"https:\/\/api.w.org\/{rel}","templated":true}]}}