{"id":90114,"date":"2025-10-18T06:34:33","date_gmt":"2025-10-18T04:34:33","guid":{"rendered":"https:\/\/www.infokuryr.cz\/n\/?p=90114"},"modified":"2025-10-18T06:34:33","modified_gmt":"2025-10-18T04:34:33","slug":"klimaticke-silenstvi-jednou-provzdy-znici-prosperitu-sebevrazda-evropy-za-150-bilionu-dolaru","status":"publish","type":"post","link":"https:\/\/www.infokuryr.cz\/n\/2025\/10\/18\/klimaticke-silenstvi-jednou-provzdy-znici-prosperitu-sebevrazda-evropy-za-150-bilionu-dolaru\/","title":{"rendered":"Klimatick\u00e9 \u0161\u00edlenstv\u00ed jednou prov\u017edy zni\u010d\u00ed prosperitu: sebevra\u017eda Evropy za 150 bilion\u016f dolar\u016f"},"content":{"rendered":"<div id=\"fb-root\"><\/div>\n<p><strong><span dir=\"auto\">EU n\u00e1s \u017eene do ekonomick\u00e9 propasti. Pod rou\u0161kou klimatick\u00e9 neutrality do roku 2050 pl\u00e1nuje Brusel celkov\u00e9 n\u00e1klady a\u017e do v\u00fd\u0161e 150 bilion\u016f eur. To je p\u011btin\u00e1sobek \u010dist\u00e9ho jm\u011bn\u00ed v\u0161ech evropsk\u00fdch dom\u00e1cnost\u00ed. Ob\u010dan\u00e9 plat\u00ed dan\u011bmi a poplatky, ale na opl\u00e1tku dost\u00e1vaj\u00ed pouze v\u00fdpadky proudu a z\u00e1kazy dod\u00e1vek. \u017divotod\u00e1rn\u00fd CO\u2082 je prohl\u00e1\u0161en za \u00fahlavn\u00edho nep\u0159\u00edtele, zat\u00edmco prob\u00edhaj\u00edc\u00ed klimatick\u00e1 zm\u011bna by od n\u00e1s vy\u017eadovala adaptaci, ale ne sp\u00e1ch\u00e1n\u00ed t\u00e9to ideologicky motivovan\u00e9 sebevra\u017edy.<\/span><\/strong><\/p>\n<p><span dir=\"auto\">Klimatick\u00e9 \u0161\u00edlenstv\u00ed po\u017e\u00edr\u00e1 budoucnost Evropy za\u017eiva. Evropsk\u00e1 unie si stanovila c\u00edl dos\u00e1hnout klimatick\u00e9 neutrality do roku 2050. I kdy\u017e to zn\u00ed dob\u0159e a b\u00fdt klimaticky neutr\u00e1ln\u00ed je v jin\u00fdch oblastech jist\u011b v\u00fdhodn\u00e9, nejedn\u00e1 se o nic v\u00edc ne\u017e o loupe\u017e lid\u00ed v \u0159\u00e1du miliard dolar\u016f. Ekonomi\u010dt\u00ed strat\u00e9gov\u00e9 odhaduj\u00ed kumulativn\u00ed n\u00e1klady ve v\u00fd\u0161i 100 a\u017e 150 bilion\u016f eur, kdy\u017e se\u010dtou investice do infrastruktury, energetick\u00e9 transformace a restrukturalizace syst\u00e9m\u016f.\u00a0<\/span><a href=\"https:\/\/www.pwc.com\/gx\/en\/issues\/business-model-reinvention\/how-we-fuel-and-power\/de-risking-the-energy-transition-in-europe.html\" target=\"_blank\" rel=\"noreferrer noopener\"><span dir=\"auto\">Konzulta\u010dn\u00ed firma PwC odhaduje, \u017ee<\/span><\/a><span dir=\"auto\">\u00a0jen na energetickou transformaci p\u0159ijdou n\u00e1klady ve v\u00fd\u0161i v\u00edce ne\u017e 29 bilion\u016f eur. Vyn\u00e1sobeno provozn\u00edmi n\u00e1klady a p\u0159ekr\u00fdv\u00e1n\u00edm odv\u011btv\u00ed se jedn\u00e1 o astronomickou sumu.<\/span><\/p>\n<p><a href=\"https:\/\/www.mckinsey.com\/capabilities\/sustainability\/our-insights\/the-net-zero-transition-what-it-would-cost-what-it-could-bring\" target=\"_blank\" rel=\"noreferrer noopener\"><span dir=\"auto\">Spole\u010dnost McKinsey Global p\u0159ich\u00e1z\u00ed<\/span><\/a><span dir=\"auto\"> s podobn\u011b ohromuj\u00edc\u00edmi \u010d\u00edsly. P\u0159echod na nulov\u00e9 \u010dist\u00e9 emise bude vy\u017eadovat biliony ro\u010dn\u011b; kumulativn\u011b do roku 2050 n\u00e1klady dos\u00e1hnou n\u011bkolikan\u00e1sobku celkov\u00e9ho ekonomick\u00e9ho v\u00fdkonu EU. Pro srovn\u00e1n\u00ed, \u010dist\u00e9 bohatstv\u00ed v\u0161ech soukrom\u00fdch dom\u00e1cnost\u00ed v EU dosahuje necel\u00fdch 30 bilion\u016f eur. \u00da\u010det, kter\u00fd v\u011btrn\u00e1 a sol\u00e1rn\u00ed energie budou evidentn\u011b st\u00e1le platit, je tedy p\u011btin\u00e1sobn\u00fd. Ka\u017ed\u00e9 euro, kter\u00e9 na\u0161i ob\u010dan\u00e9 vygeneruj\u00ed, bude p\u0159esm\u011brov\u00e1no na financov\u00e1n\u00ed v\u011btrn\u00fdch turb\u00edn a bateriov\u00fdch \u00falo\u017ei\u0161\u0165, kter\u00e9 pak sel\u017eou v temn\u00e9m \u00fatlumu.<\/span><\/p>\n<h3 id=\"h-allein-deutschland-erwarten-13-billionen-kosten\" class=\"wp-block-heading\"><span dir=\"auto\">Jen N\u011bmecko o\u010dek\u00e1v\u00e1 n\u00e1klady ve v\u00fd\u0161i 13 bilion\u016f<\/span><\/h3>\n<p><span dir=\"auto\">Jen v N\u011bmecku dos\u00e1hnou n\u00e1klady na energetickou transformaci do roku 2050 13 bilion\u016f eur,\u00a0<\/span><a href=\"https:\/\/www.bundestag.de\/resource\/blob\/1019134\/59b54bba98e93b9fecf43013668d86b3\/WD-5-135-24-pdf.pdf\" target=\"_blank\" rel=\"noreferrer noopener\"><span dir=\"auto\">uv\u00e1d\u00ed studie pro Bundestag<\/span><\/a><span dir=\"auto\">\u00a0. Extrapolac\u00ed tohoto \u010d\u00edsla na celou EU se toto \u010d\u00edslo op\u011bt vy\u0161plh\u00e1 na 150 bilion\u016f. A to i p\u0159es st\u00e1le rostouc\u00ed ceny elekt\u0159iny, kter\u00e9 ji\u017e nyn\u00ed \u017eenou na\u0161e dom\u00e1cnosti a podniky do chudoby a bankrotu.<\/span><\/p>\n<p><span dir=\"auto\">Co za toto \u0161\u00edlenstv\u00ed dostanou ob\u010dan\u00e9? Nic. \u017d\u00e1dnou dodate\u010dnou energii, \u017e\u00e1dnou spolehlivost. M\u00edsto toho p\u0159eru\u0161ovanou energii z nespolehliv\u00fdch v\u011btrn\u00fdch a sol\u00e1rn\u00edch elektr\u00e1ren, kter\u00e9 selh\u00e1vaj\u00ed, kdy\u017e nefouk\u00e1 v\u00edtr nebo je zata\u017eeno \u2013 p\u0159\u00edroda a fyzika jsou \u00fahlavn\u00edmi nep\u0159\u00e1teli \u00dast\u0159edn\u00edho v\u00fdboru EU. Ob\u010dan\u00e9 plat\u00ed vy\u0161\u0161\u00ed \u00fa\u010dty za energie a v zim\u011b sed\u00ed mrznouc\u00ed a nezam\u011bstnan\u00ed ve sv\u00fdch tmav\u00fdch bytech, zat\u00edmco na\u0161i politici bl\u00e1bol\u00ed o \u201ezelen\u00e9 transformaci\u201c a tvrdohlav\u011b se dr\u017e\u00ed tradice p\u011btilet\u00fdch pl\u00e1n\u016f zanikl\u00e9ho SSSR. Tato \u201eklimatick\u00e1 neutralita\u201c propojuje ve\u0161ker\u00fd \u017eivot s emisemi CO\u2082. Ka\u017ed\u00e1 cesta, ka\u017ed\u00e9 topen\u00ed, ka\u017ed\u00e1 letenka, ka\u017ed\u00fd \u0159\u00edzek je monitorov\u00e1n a penalizov\u00e1n. Toto je vrchol totalitn\u00ed kontroly, zabalen\u00fd do klimaticky neutr\u00e1ln\u00ed ekologick\u00e9 f\u00f3lie.<\/span><\/p>\n<h3 id=\"h-menschengemachter-klimawandel-nur-mythos-um-umverteilung-zu-rechtfertigen\" class=\"wp-block-heading\"><span dir=\"auto\">Zm\u011bna klimatu zp\u016fsoben\u00e1 \u010dlov\u011bkem je jen m\u00fdtus ospravedl\u0148uj\u00edc\u00ed p\u0159erozd\u011blov\u00e1n\u00ed<\/span><\/h3>\n<p><span dir=\"auto\">CO\u2082 a teplo znamenaj\u00ed \u017eivot. Bez nich by nebyla fotosynt\u00e9za, lesy ani j\u00eddlo. Klima Zem\u011b se v\u017edy m\u011bnilo, doby ledov\u00e9 p\u0159ich\u00e1zely a odch\u00e1zely, civilizace se p\u0159izp\u016fsobovaly \u2013 ani\u017e by se do toho n\u011bkdo zasahoval z \u017denevy nebo Bruselu. \u201eKlimatick\u00e1 zm\u011bna zp\u016fsoben\u00e1 \u010dlov\u011bkem\u2122\u201c je m\u00fdtus, kter\u00fd slou\u017e\u00ed pouze ke zvy\u0161ov\u00e1n\u00ed dan\u00ed a omezov\u00e1n\u00ed ob\u010dansk\u00fdch svobod. M\u00edsto toho, aby n\u00e1m politika pom\u00e1hala p\u0159izp\u016fsobit se p\u0159irozen\u00fdm zm\u011bn\u00e1m, okr\u00e1d\u00e1 n\u00e1s o prost\u0159edky, jak tak \u010dinit. Triliony pen\u011bz plynou do ideologick\u00fdch projekt\u016f, kter\u00e9 Evropu o\u017eebra\u010duj\u00ed. Jak m\u016f\u017eeme financovat rozumnou ochranu p\u0159ed katastrofami a funk\u010dn\u00ed infrastrukturu, kdy\u017e jsou na\u0161e spole\u010dnosti v bankrotu? Mo\u017en\u00e1 samozvan\u00fdmi zachr\u00e1nci klimatu, kte\u0159\u00ed n\u00e1s cht\u011bj\u00ed p\u0159ed klimatickou zm\u011bnou\u2122 ochr\u00e1nit t\u00edm, \u017ee n\u00e1s po\u0161lou zp\u011bt do doby kamenn\u00e9?<\/span><\/p>\n<p><span dir=\"auto\">Klimatick\u00fd kult je kultem konce \u010das\u016f, sebevra\u017eedn\u00fdm kultem smrti. K\u00e1ze vinu a pok\u00e1n\u00ed a ob\u011btuje na\u0161i prosperitu a na\u0161e ekonomick\u00e9 \u017eivobyt\u00ed na olt\u00e1\u0159i boha CO\u2082. Ursula von der Leyenov\u00e1 a jej\u00ed bruselsk\u00e1 klika n\u00e1s \u017eenou do otroctv\u00ed a chudoby, zat\u00edmco \u010c\u00edna, Indie a USA vyr\u00e1b\u011bj\u00ed energii ze v\u0161eho, co se jim dostane do rukou. Pro zbytek sv\u011bta slou\u017e\u00edme pouze jako z\u00e1bava a varovn\u00fd p\u0159\u00edb\u011bh. EU chce b\u00fdt do roku 2050 bez emis\u00ed, ale bude svobodn\u00e1 pouze ekonomicky. Modern\u00ed ekonomika bez fosiln\u00edch paliv je\u00a0<\/span><a href=\"https:\/\/cliscep.com\/2025\/10\/02\/the-case-against-net-zero-a-twelfth-update\/\" target=\"_blank\" rel=\"noreferrer noopener\"><span dir=\"auto\">prozat\u00edm nemo\u017en\u00e1<\/span><\/a><span dir=\"auto\"> . Ale co na tom bruselsk\u00e9mu byrokratovi z\u00e1le\u017e\u00ed, kdy\u017e se o n\u011bj t\u0159e realita? Koneckonc\u016f, prosperita ob\u010dan\u016f nen\u00ed pry\u010d. Je jen n\u011bkde jinde. Nap\u0159\u00edklad u p\u0159\u00edjemc\u016f 150 klimatick\u00fdch bilion\u016f. U distributor\u016f t\u011bchto 150 bilion\u016f. A u ob\u010dan\u016f n\u00e1rod\u016f, kter\u00e9 nezni\u010dily sv\u00e9 ekonomiky.<\/span><\/p>\n<h3 id=\"h-klimawahn-ist-der-untergang-europas\" class=\"wp-block-heading\"><span dir=\"auto\">Klimatick\u00e9 \u0161\u00edlenstv\u00ed je p\u00e1dem Evropy<\/span><\/h3>\n<p><span dir=\"auto\">Evropa se mus\u00ed od tohoto \u0161\u00edlenstv\u00ed distancovat. Mus\u00ed se distancovat od t\u011bchto \u0161\u00edlenc\u016f. Pry\u010d s dan\u011bmi z CO\u2082, dotacemi v r\u00e1mci Zelen\u00e9 dohody a dikt\u00e1ty EU. M\u00edsto toho pot\u0159ebujeme drastick\u00e9 da\u0148ov\u00e9 \u0161krty, \u0161irokou v\u00fdrobu energie ze v\u0161ech spolehliv\u00fdch zdroj\u016f a obnoven\u00ed n\u00e1rodn\u00ed suverenity. Jinak n\u00e1\u0161 kontinent skon\u010d\u00ed jako chud\u00fd, nesvobodn\u00fd poz\u016fstatek zanikl\u00e9 kultury. Z\u00e1bavn\u00ed park pro \u010c\u00ed\u0148any, kte\u0159\u00ed s t\u0159esen\u00edm pot\u011b\u0161en\u00ed hled\u00ed na ruiny Evropy. Je\u0161t\u011b m\u00e1me \u010das zastavit hospod\u00e1\u0159sk\u00fd a soci\u00e1ln\u00ed \u00fapadek. Bez CO\u2082 a tepla nen\u00ed \u017eivot. Bez svobody nen\u00ed \u017eivot, kter\u00fd stoj\u00ed za to \u017e\u00edt.<\/span><\/p>\n<p><a href=\"https:\/\/report24.news\/klimawahn-vernichtet-wohlstand-endgueltig-europas-150-billionen-suizid\/\"><em><span dir=\"auto\">Od Chrise Vebera<\/span><\/em><\/a><\/p>\n<p>&nbsp;<\/p>\n","protected":false},"excerpt":{"rendered":"<p>EU n\u00e1s \u017eene do ekonomick\u00e9 propasti. Pod rou\u0161kou klimatick\u00e9 neutrality do roku 2050 pl\u00e1nuje Brusel&#8230;<\/p>\n","protected":false},"author":2,"featured_media":90115,"comment_status":"closed","ping_status":"closed","sticky":false,"template":"","format":"standard","meta":[],"categories":[7],"tags":[6083,1042,41,873],"_links":{"self":[{"href":"https:\/\/www.infokuryr.cz\/n\/wp-json\/wp\/v2\/posts\/90114"}],"collection":[{"href":"https:\/\/www.infokuryr.cz\/n\/wp-json\/wp\/v2\/posts"}],"about":[{"href":"https:\/\/www.infokuryr.cz\/n\/wp-json\/wp\/v2\/types\/post"}],"author":[{"embeddable":true,"href":"https:\/\/www.infokuryr.cz\/n\/wp-json\/wp\/v2\/users\/2"}],"replies":[{"embeddable":true,"href":"https:\/\/www.infokuryr.cz\/n\/wp-json\/wp\/v2\/comments?post=90114"}],"version-history":[{"count":0,"href":"https:\/\/www.infokuryr.cz\/n\/wp-json\/wp\/v2\/posts\/90114\/revisions"}],"wp:featuredmedia":[{"embeddable":true,"href":"https:\/\/www.infokuryr.cz\/n\/wp-json\/wp\/v2\/media\/90115"}],"wp:attachment":[{"href":"https:\/\/www.infokuryr.cz\/n\/wp-json\/wp\/v2\/media?parent=90114"}],"wp:term":[{"taxonomy":"category","embeddable":true,"href":"https:\/\/www.infokuryr.cz\/n\/wp-json\/wp\/v2\/categories?post=90114"},{"taxonomy":"post_tag","embeddable":true,"href":"https:\/\/www.infokuryr.cz\/n\/wp-json\/wp\/v2\/tags?post=90114"}],"curies":[{"name":"wp","href":"https:\/\/api.w.org\/{rel}","templated":true}]}}