{"id":90095,"date":"2025-10-18T00:23:42","date_gmt":"2025-10-17T22:23:42","guid":{"rendered":"https:\/\/www.infokuryr.cz\/n\/?p=90095"},"modified":"2025-10-17T18:43:22","modified_gmt":"2025-10-17T16:43:22","slug":"trumpovo-setkani-s-putinem-v-budapesti-je-pro-eu-velkou-fackou","status":"publish","type":"post","link":"https:\/\/www.infokuryr.cz\/n\/2025\/10\/18\/trumpovo-setkani-s-putinem-v-budapesti-je-pro-eu-velkou-fackou\/","title":{"rendered":"Trumpovo setk\u00e1n\u00ed s Putinem v Budape\u0161ti je pro EU velkou fackou"},"content":{"rendered":"<div id=\"fb-root\"><\/div>\n<p><strong><span dir=\"auto\">Po telefonick\u00e9m rozhovoru s Vladimirem Putinem Donald Trump ozn\u00e1mil, \u017ee se dohodli na brzk\u00e9m setk\u00e1n\u00ed v ma\u010farsk\u00e9 metropoli.<\/span><\/strong><\/p>\n<p><span dir=\"auto\">Ozn\u00e1men\u00ed Donalda Trumpa, \u017ee se v Budape\u0161ti setk\u00e1 s Vladimirem Putinem, aby projednali situaci na Ukrajin\u011b, bude pro Evropu bolestivou ranou.<\/span><\/p>\n<p><span dir=\"auto\">\u201e Trumpovo\u00a0<\/span><a href=\"https:\/\/www.telegraph.co.uk\/world-news\/2025\/10\/16\/trump-meeting-putin-budapest-blow-europe-hungary-orban\/\" target=\"_blank\" rel=\"noopener\"><span dir=\"auto\">setk\u00e1n\u00ed<\/span><\/a><span dir=\"auto\">\u00a0s Putinem v Budape\u0161ti je ranou pro Evropu,\u201c hl\u00e1s\u00e1\u00a0<\/span><em><span dir=\"auto\">The Telegraph<\/span><\/em><span dir=\"auto\">\u00a0a dod\u00e1v\u00e1: \u201eSummit supervelmoc\u00ed v Ma\u010farsku je po\u017eehn\u00e1n\u00edm pro Viktora Orb\u00e1na a velkou pon\u00ed\u017een\u00edm pro EU.\u201c<\/span><\/p>\n<p><span dir=\"auto\">\u201eMa\u010farsk\u00fd premi\u00e9r Viktor Orb\u00e1n se mus\u00ed c\u00edtit jako ko\u010dka, kter\u00e1 dostala smetanu,\u201c poznamen\u00e1v\u00e1 anglick\u00fd den\u00edk, proto\u017ee \u201ePan Orb\u00e1n, \u010dasto han\u011bn jako Putin\u016fv nejbli\u017e\u0161\u00ed spojenec v Evropsk\u00e9 unii (EU), se pravideln\u011b st\u0159et\u00e1val s Volodymyrem Zelensk\u00fdm a odsuzoval z\u00e1padn\u00ed sankce kv\u016fli nez\u00e1konn\u00e9 invazi na Ukrajinu.\u201c<\/span><\/p>\n<p><span dir=\"auto\">\u201eBude to r\u00e1na pro ty v EU, kte\u0159\u00ed doufali, \u017ee pana Orb\u00e1na sesad\u00ed z tr\u016fnu Peter Magyar, proevropsk\u00fd konzervativec, kter\u00fd m\u00e1 v pr\u016fzkumech p\u0159ed nejd\u00e9le vl\u00e1dnouc\u00edm l\u00eddrem bloku n\u00e1skok,\u201c uv\u00e1d\u00ed\u00a0<\/span><em><span dir=\"auto\">The Telegraph<\/span><\/em><span dir=\"auto\">\u00a0.<\/span><\/p>\n<p><span dir=\"auto\">\u201ePr\u00e1v\u011b jsem mluvil s prezidentem Donaldem Trumpem. P\u0159\u00edpravy na m\u00edrov\u00fd summit USA-Rusko prob\u00edhaj\u00ed. Ma\u010farsko je ostrovem M\u00cdRU!\u201c zve\u0159ejnil na X ma\u010farsk\u00fd premi\u00e9r Viktor Orb\u00e1n. Ozn\u00e1mil, \u017ee\u00a0<\/span><a href=\"https:\/\/x.com\/PM_ViktorOrban\/status\/1978902075930009888\" target=\"_blank\" rel=\"noopener\"><span dir=\"auto\">p\u0159\u00edpravy<\/span><\/a><span dir=\"auto\">\u00a0na setk\u00e1n\u00ed rusk\u00e9ho a americk\u00e9ho l\u00eddra Vladimira Putina a Donalda Trumpa ji\u017e za\u010daly.<\/span><\/p>\n<p><span dir=\"auto\">Prezident Trump na sv\u00e9 soci\u00e1ln\u00ed s\u00edti Truth Social\u00a0<\/span><a href=\"https:\/\/truthsocial.com\/@realDonaldTrump\/posts\/115384956858741387\" target=\"_blank\" rel=\"noopener\"><span dir=\"auto\">ozn\u00e1mil<\/span><\/a><span dir=\"auto\">\u00a0: \u201ePr\u00e1v\u011b jsem dokon\u010dil telefonick\u00fd rozhovor s rusk\u00fdm prezidentem Vladimirem Putinem a byl velmi produktivn\u00ed.\u201c<\/span><\/p>\n<p><span dir=\"auto\">Dodal: Prezident Putin mi a Spojen\u00fdm st\u00e1t\u016fm poblahop\u0159\u00e1l k velk\u00e9mu \u00fasp\u011bchu m\u00edru na Bl\u00edzk\u00e9m v\u00fdchod\u011b, snu, o kter\u00e9m \u0159ekl, \u017ee je snem po stalet\u00ed. Jsem si jist\u00fd, \u017ee tento \u00fasp\u011bch na Bl\u00edzk\u00e9m v\u00fdchod\u011b p\u0159isp\u011bje k na\u0161im jedn\u00e1n\u00edm o ukon\u010den\u00ed v\u00e1lky s Ruskem a Ukrajinou. Prezident Putin pod\u011bkoval prvn\u00ed d\u00e1m\u011b Melanii Trumpov\u00e9 za jej\u00ed oddanost d\u011btem. Vyj\u00e1d\u0159il sv\u00e9 uzn\u00e1n\u00ed a \u0159ekl, \u017ee v tomto budeme pokra\u010dovat. Dlouze jsme tak\u00e9 diskutovali o obchodu mezi Ruskem a Spojen\u00fdmi st\u00e1ty po skon\u010den\u00ed v\u00e1lky s Ukrajinou. V d\u016fsledku tohoto hovoru jsme se dohodli na setk\u00e1n\u00ed na\u0161ich hlavn\u00edch poradc\u016f p\u0159\u00ed\u0161t\u00ed t\u00fdden. Prvn\u00ed setk\u00e1n\u00ed Spojen\u00fdch st\u00e1t\u016f povede ministr zahrani\u010d\u00ed Marco Rubio a dal\u0161\u00ed budou jmenov\u00e1ni. M\u00edsto setk\u00e1n\u00ed bude teprve stanoveno. S prezidentem Putinem se pot\u00e9 setk\u00e1me v Budape\u0161ti v Ma\u010farsku na vz\u00e1jemn\u011b dohodnut\u00e9m m\u00edst\u011b, abychom zjistili, zda dok\u00e1\u017eeme ukon\u010dit tuto \u201eneslavnou\u201c v\u00e1lku mezi Ruskem a Ukrajinou. S prezidentem Zelensk\u00fdm se z\u00edtra setk\u00e1me v Ov\u00e1ln\u00e9 pracovn\u011b, abychom projednali m\u016fj rozhovor s prezidentem Putinem a mnoho dal\u0161\u00edch z\u00e1le\u017eitost\u00ed. V\u011b\u0159\u00edm, \u017ee n\u00e1\u0161 dne\u0161n\u00ed telefonick\u00fd rozhovor dos\u00e1hl v\u00fdznamn\u00e9ho pokroku.<\/span><\/p>\n<p><span dir=\"auto\">Podle rusk\u00e9ho prezidentsk\u00e9ho asistenta Jurije U\u0161akova byl\u00a0<\/span><a href=\"https:\/\/tass.com\/politics\/2031173\" target=\"_blank\" rel=\"noopener\"><span dir=\"auto\">rozhovor<\/span><\/a><span dir=\"auto\">\u00a0v\u011bcn\u00fd, mimo\u0159\u00e1dn\u011b up\u0159\u00edmn\u00fd a d\u016fv\u011brn\u00fd. Ozn\u00e1mil, \u017ee Moskva a Washington za\u010dnou \u201ebez prodlen\u00ed\u201c s p\u0159\u00edpravami na novou sch\u016fzku rusk\u00e9ho a americk\u00e9ho l\u00eddra, kter\u00e1 by se mohla konat v Budape\u0161ti. Podle rusk\u00e9ho prezidentsk\u00e9ho asistenta se jedn\u00e1 o \u201eskute\u010dn\u011b kl\u00ed\u010dov\u00fd okam\u017eik\u201c.<\/span><\/p>\n<p><span dir=\"auto\">Trump navrhl Budape\u0161\u0165 jako mo\u017en\u00e9 m\u00edsto kon\u00e1n\u00ed summitu a Putin tuto my\u0161lenku \u201eokam\u017eit\u011b podpo\u0159il\u201c, dodala zpr\u00e1va.<\/span><\/p>\n<p><span dir=\"auto\">P\u0159\u00edpravy na setk\u00e1n\u00ed l\u00eddr\u016f za\u010dnou v nadch\u00e1zej\u00edc\u00edch dnech telefonick\u00fdm rozhovorem mezi americk\u00fdm ministrem zahrani\u010d\u00ed Marcem Rubiem a rusk\u00fdm ministrem zahrani\u010d\u00ed Sergejem Lavrovem. \u201eS postupem pr\u00e1ce z\u00e1stupc\u016f, rusk\u00e9ho ministra zahrani\u010d\u00ed a americk\u00e9ho ministra zahrani\u010d\u00ed bude datum summitu pravd\u011bpodobn\u011b up\u0159esn\u011bno,\u201c uvedl U\u0161akov.<\/span><\/p>\n<p><span dir=\"auto\">Na rusk\u00e9 diplomatick\u00e9 front\u011b mluv\u010d\u00ed Kremlu Dmitrij Peskov pr\u00e1v\u011b ozn\u00e1mil, jak uvedla rusk\u00e1 tiskov\u00e1 agentura Tass, \u017ee \u201esetk\u00e1n\u00ed mezi Putinem a Trumpem by se mohlo uskute\u010dnit\u00a0<\/span><a href=\"https:\/\/tass.ru\/politika\/25377649\" target=\"_blank\" rel=\"noopener\"><span dir=\"auto\">v p\u0159\u00ed\u0161t\u00edch dvou t\u00fddnech<\/span><\/a><span dir=\"auto\">\u00a0\u201c.<\/span><\/p>\n<p><em><span dir=\"auto\">Informace z\u00edskan\u00e9 z otev\u0159en\u00fdch <a href=\"https:\/\/www.observateur-continental.fr\/?module=articles&amp;action=view&amp;id=7331\">zdroj\u016f<\/a><\/span><\/em><em>\u00a0<\/em><\/p>\n<p>&nbsp;<\/p>\n","protected":false},"excerpt":{"rendered":"<p>Po telefonick\u00e9m rozhovoru s Vladimirem Putinem Donald Trump ozn\u00e1mil, \u017ee se dohodli na brzk\u00e9m setk\u00e1n\u00ed&#8230;<\/p>\n","protected":false},"author":2,"featured_media":90096,"comment_status":"closed","ping_status":"closed","sticky":false,"template":"","format":"standard","meta":[],"categories":[7],"tags":[41,102,1629,452],"_links":{"self":[{"href":"https:\/\/www.infokuryr.cz\/n\/wp-json\/wp\/v2\/posts\/90095"}],"collection":[{"href":"https:\/\/www.infokuryr.cz\/n\/wp-json\/wp\/v2\/posts"}],"about":[{"href":"https:\/\/www.infokuryr.cz\/n\/wp-json\/wp\/v2\/types\/post"}],"author":[{"embeddable":true,"href":"https:\/\/www.infokuryr.cz\/n\/wp-json\/wp\/v2\/users\/2"}],"replies":[{"embeddable":true,"href":"https:\/\/www.infokuryr.cz\/n\/wp-json\/wp\/v2\/comments?post=90095"}],"version-history":[{"count":0,"href":"https:\/\/www.infokuryr.cz\/n\/wp-json\/wp\/v2\/posts\/90095\/revisions"}],"wp:featuredmedia":[{"embeddable":true,"href":"https:\/\/www.infokuryr.cz\/n\/wp-json\/wp\/v2\/media\/90096"}],"wp:attachment":[{"href":"https:\/\/www.infokuryr.cz\/n\/wp-json\/wp\/v2\/media?parent=90095"}],"wp:term":[{"taxonomy":"category","embeddable":true,"href":"https:\/\/www.infokuryr.cz\/n\/wp-json\/wp\/v2\/categories?post=90095"},{"taxonomy":"post_tag","embeddable":true,"href":"https:\/\/www.infokuryr.cz\/n\/wp-json\/wp\/v2\/tags?post=90095"}],"curies":[{"name":"wp","href":"https:\/\/api.w.org\/{rel}","templated":true}]}}