{"id":90058,"date":"2025-10-17T00:29:58","date_gmt":"2025-10-16T22:29:58","guid":{"rendered":"https:\/\/www.infokuryr.cz\/n\/?p=90058"},"modified":"2025-10-16T14:32:32","modified_gmt":"2025-10-16T12:32:32","slug":"miroslav-petr-na-mol-zfetovana-herecka-promluvila","status":"publish","type":"post","link":"https:\/\/www.infokuryr.cz\/n\/2025\/10\/17\/miroslav-petr-na-mol-zfetovana-herecka-promluvila\/","title":{"rendered":"Miroslav Petr: Na mol zfetovan\u00e1 &#8222;h\u00e9re\u010dka&#8220; promluvila"},"content":{"rendered":"<div id=\"fb-root\"><\/div>\n<p>Soudru\u017eka Kudl\u00e1\u010dkov\u00e1 je psychicky nemocn\u00e1 a bl\u00e1bol\u00ed sam\u00e9 nesmysly. Dokonce p\u0159iznala, \u017ee je narkomanka podle v\u00fdraz\u016f, kter\u00e9 pou\u017e\u00edv\u00e1. Nech\u00e1pe, \u017ee se ztrap\u0148uje p\u0159ed cel\u00fdm n\u00e1rodem. P\u0159i tomhle prohl\u00e1\u0161en\u00ed musela b\u00fdt po\u0159\u00e1dn\u011b zfetovan\u00e1.<\/p>\n<p>St\u0159\u00edzliv\u00e1 by tohle nikdy ne\u0159ekla.<\/p>\n<p>&#8222;Osm let jsem se t\u011b\u0161ila a\u017e p\u016fjde ten krimin\u00e1ln\u00edk Babi\u0161 od v\u00e1lu. Pak jsem byla \u010dty\u0159i roky hrd\u00e1, \u017ee jsem \u010ce\u0161ka. Te\u010f se tam \u0161tosuje krimin\u00e1ln\u00edk znova a za sebou vle\u010de bandu tupejch agent\u016f FSB, pardon, SPD. V sobotu jsem vydundala od kamar\u00e1dky p\u016flku Neurolu, dnes \u010dtvrtku. Jestli jim tohle vyjde sestavit, skon\u010d\u00edm za p\u016fl roku v bambul\u00e1rn\u011b, kde budu lepit sklen\u011bn\u00e9 ozdoby a kreslit slinou na okno Libu\u0161i, jak v\u011b\u0161t\u00ed sl\u00e1vu Prahy. Modl\u00edm se bohu za z\u00e1zrak. Ud\u011bl\u00e1m cokoli a klidn\u011b se nech\u00e1m pok\u0159t\u00edt, zmrsk\u00e1m se d\u016ftkama a provrt\u00e1m si z\u00e1p\u011bst\u00ed akuvrta\u010dkou, kdy\u017e to pom\u016f\u017ee.&#8220; Jak je mo\u017en\u00e9, \u017ee se u\u017e d\u00e1vno nel\u00e9\u010d\u00ed v &#8222;bambul\u00e1rn\u011b&#8220;?<\/p>\n<p>Dle Morning Consult m\u011bl Fiala 17% podpory a ve volb\u00e1ch ho volilo 23,4%. \u017de bych neum\u011bl po\u010d\u00edtat? Na soci\u00e1ln\u00edch s\u00edt\u00edch se \u0161\u00ed\u0159\u00ed informace, \u017ee i dal\u0161\u00ed po\u010dty hlas\u016f nesed\u00ed&#8230;.<\/p>\n<p>N\u011bmecko chce zv\u00fd\u0161it v\u011bk odchodu do penze kv\u016fli rostouc\u00edm vojensk\u00fdm v\u00fddaj\u016fm. U n\u00e1s to \u0159e\u0161ila vl\u00e1da okraden\u00edm d\u016fchodc\u016f.<\/p>\n<p>Prase\u010d\u00ed xicht, kter\u00fd vy\u010d\u00edtal Okamurovi p\u0159edvolebn\u00ed plak\u00e1ty s\u00e1m zcela beztrestn\u011b nab\u00e1d\u00e1 k zast\u0159elen\u00ed jist\u00e9ho politika. Pro\u010d policie, soudy a z\u00e1stupce ml\u010d\u00ed? Kdyby u n\u00e1s existoval aspo\u0148 jeden jedin\u00fd skute\u010dn\u00fd novin\u00e1\u0159, byl by tento soudruh d\u00e1vno za m\u0159\u00ed\u017eemi. I Kmotr, kter\u00fd vy\u010d\u00edtal nab\u00e1d\u00e1n\u00ed\u00a0 vra\u017ed\u011b, najednou ml\u010d\u00ed.<\/p>\n<p>Ve Francii povinn\u011b o\u010dkuj\u00ed\u00a0 v\u0161echny kachny vakc\u00ednou mRNA. Co na to EU?<\/p>\n<p>Vatik\u00e1n za\u0159\u00eddil ve sv\u00e9 knihovn\u011b muslimskou modlitebnu. Kdysi, p\u0159ed d\u00e1vn\u00fdmi a d\u00e1vn\u00fdmi \u010dasy k\u00e1zali zdej\u0161\u00ed skute\u010dn\u00ed pape\u017eov\u00e9, \u017ee existuje jen jeden B\u016fh&#8230;<\/p>\n<p>N\u011bmeck\u00e1 politi\u010dka si adoptovala dceru, kter\u00e9 je sedmn\u00e1ct. Ta svou nevlastn\u00ed matku pobodala. Kdo chce kam&#8230;<\/p>\n<p>\u0160pan\u011blsko na ja\u0159e p\u0159e\u0161lo na tzv. &#8222;obnoviteln\u00e9 zdroje energie.&#8220; U\u017e po n\u011bkolika dnech do\u0161lo k velk\u00e9mu v\u00fdpadku na cel\u00e9m Pyrenejsk\u00e9m poloostrov\u011b kv\u016fli sol\u00e1rn\u00ed energii. Po otev\u0159en\u00ed datov\u00fdch center s velmi vysokou spot\u0159ebou elektrick\u00e9 energie se stanou \u010dast\u00e9 v\u00fdpadky krutou a nevyhnutelnou realitou. P\u0159echodem na elektroauta a na elektrick\u00e1 \u010derpadla vznikne nedostatek el. energie, tj. budou je\u0161t\u011b v\u011bt\u0161\u00ed a \u010dast\u011bj\u0161\u00ed v\u00fdpadky a radik\u00e1ln\u00ed zdra\u017een\u00ed el. energie, tj. op\u011bt zdra\u017een\u00ed \u00fapln\u011b v\u0161eho. Elekt\u0159ina se stane luxusem jen pro vybran\u00e9. Pou\u017e\u00edv\u00e1te snad n\u011bco, co nepot\u0159ebuje elekt\u0159inu?<\/p>\n<p>Jak\u00fdsi Mor\u00e1vek prohl\u00e1sil: &#8222;P\u0159imlouv\u00e1m se za nejlep\u0161\u00edho ministra zahrani\u010d\u00ed planety Lip\u00e1nka.&#8220;<\/p>\n<p>Irsko odm\u00edtlo implementovat na\u0159\u00edzen\u00ed EU o cenzu\u0159e. Jak zareaguje na\u0161e nov\u00e1 vl\u00e1da?<\/p>\n<p>MS v kopan\u00e9 bude odlo\u017eeno o rok kv\u016fli ramad\u00e1nu.<\/p>\n<p>Australsk\u00e9 banky zablokuj\u00ed \u00fa\u010det ka\u017ed\u00e9mu, kdo m\u00e1\u00a0 &#8222;\u0161patn\u00e9&#8220; p\u0159\u00e1tele.<\/p>\n<p>V Brit\u00e1nii museli politici ustoupit od povinn\u00e9ho digit\u00e1ln\u00edho ID kv\u016fli velk\u00e9mu odporu lid\u00ed.<\/p>\n<p>Syrsk\u00fd Mohamad byl um\u00edst\u011bn do vazby a\u017e po sp\u00e1ch\u00e1n\u00ed 200 zlo\u010din\u016f.<\/p>\n<p>Polsk\u00fd prezident poslal EU dopis, ve kter\u00e9 nesouhlas\u00ed s migra\u010dn\u00edm paktem. N\u00e1\u0161 V\u00edtek a voj\u00e1k para\u0161utista jsou zbab\u011bl\u00ed n\u011bco podobn\u00e9ho ud\u011blat.<\/p>\n<p>&#8222;H\u00e9\u00e9\u00e9rec Bolek kolaboval uprost\u0159ed p\u0159edstaven\u00ed. Herci dob\u0159e v\u011bd\u00ed, \u017ee p\u0159ed p\u0159edstaven\u00edm se nem\u00e1 chlastat&#8230;<\/p>\n<p>M\u00e9dia jsou pln\u00e1 Turkov\u00fdch v\u00fdrok\u016f z doby, kdy mu bylo 24 let. Kdo z n\u00e1s ned\u011blal v tomto v\u011bku n\u011bjak\u00e9 hlouposti. Na internetu je, jak Turkovi p\u0159ej\u00ed cik\u00e1n\u00ed v\u0161e nejlep\u0161\u00ed. L\u017einen\u00e1vistn\u00edci, tohle je podle v\u00e1s rasismus?<\/p>\n<p>Na druh\u00e9 stran\u011b prostituti \/opravdov\u00ed novin\u00e1\u0159i u\u017e d\u00e1vno vym\u0159eli\/ ml\u010d\u00ed o kampeli\u010dce, bitcoinu a \u0161ifrovan\u00e9m mobilu za 150 tis\u00edc na hran\u00ed d\u011btem&#8230; Kmotr i P\u00e1vek spolu s Babi\u0161em odm\u00edtaj\u00ed odvolat kmotrova kamar\u00e1da, pardon, policejn\u00edho \u0159editele, proto\u017ee n\u011bkdo mus\u00ed kr\u00fdt zlo\u010diny t\u011bchto &#8222;poctiv\u00fdch&#8220; politik\u016f. Dokud nebude tento spolupracovn\u00edk s mafi\u00e1nsk\u00fdmi politiky odvol\u00e1n, nebude fungovat\u00a0 policie jak m\u00e1 podle z\u00e1kona.<\/p>\n<p>V roce 1989 prohl\u00e1sil p\u0159edstavitel OSN: &#8222;Za deset let cel\u00e9 n\u00e1rody zmiz\u00ed kv\u016fli glob\u00e1ln\u00edmu oteplov\u00e1n\u00ed.&#8220; I v \u0161edes\u00e1t\u00fdch letech, kdy se za\u010daly u n\u00e1s stav\u011bt panel\u00e1kov\u00e1 s\u00eddli\u0161t\u011b, se \u0159\u00edkalo, \u017ee tyto budovy vydr\u017e\u00ed jen t\u0159icet let. Kupodivu, uplynulo 65 rok\u016f, a \u017e\u00e1dn\u00fd panel\u00e1k nespadl.<\/p>\n<p>Pravdol\u00e1ska\u0159sk\u00e1 soudru\u017eka Dr\u00e1bov\u00e1 pr\u00fd radila, jak se maj\u00ed lid\u00e9 z\u00e1sobovat p\u0159ed black-outem, m\u00edsto toho, aby prosadila, aby Temel\u00edn stav\u011bla stejn\u00e1 firma kv\u016fli n\u00e1hradn\u00edm d\u00edl\u016fm. Jestli\u017ee nev\u011bd\u011bla o l\u00e1mav\u00fdch ty\u010d\u00edch od jin\u00fdch firem, pak nemohla b\u00fdt \u017e\u00e1dn\u00fd odborn\u00edk. Co d\u011blala cel\u00e9 roky v sen\u00e1tu, kde brala aspo\u0148 150 000 K\u010d?<\/p>\n<p>EU chce zak\u00e1zat inhal\u00e1tory pro astmatiky, kter\u00e9 pr\u00fd \u0161kod\u00ed klimatu. Ze stejn\u00e9ho d\u016fvodu vad\u00ed dokonce operace srdce, kter\u00e9 pr\u00fd zanech\u00e1vaj\u00ed p\u0159\u00edli\u0161 dlouhou uhl\u00edkovou stopu. St\u00e1le v\u011b\u0159\u00edte, \u017ee EU jde tak jako p\u0159i covidu o va\u0161e zdrav\u00ed?<\/p>\n<p>Abstinent V\u00e9na a major Zeman podepsali &#8222;humanit\u00e1rn\u00ed bombardov\u00e1n\u00ed&#8220; Jugosl\u00e1vie. Tehdy prohl\u00e1sil Va\u0161ek, \u017ee &#8222;u\u017e nikdy do \u017e\u00e1dn\u00e9ho paktu nep\u016fjdeme.&#8220; Pro\u010d souhlasil s vstupem do NATO?<\/p>\n<p>Evropsk\u00e1 ekonomika kolabuje d\u00edky elektroaut\u016fm, zato \u010c\u00edna je na sv\u011btov\u00e9m vrcholu ve v\u00fdvoji nejmodern\u011bj\u0161\u00edch aut. Nev\u00edte, kde ud\u011blali na\u0161i soudruzi v socialistick\u00e9 EU chybu?<\/p>\n<p><a href=\"https:\/\/www.czechfreepress.cz\/dalsi-blogy\/na-mol-zfetovana-herecka-promluvila.html\">Miroslav Petr<\/a><\/p>\n<p>&nbsp;<\/p>\n","protected":false},"excerpt":{"rendered":"<p>Soudru\u017eka Kudl\u00e1\u010dkov\u00e1 je psychicky nemocn\u00e1 a bl\u00e1bol\u00ed sam\u00e9 nesmysly. Dokonce p\u0159iznala, \u017ee je narkomanka podle&#8230;<\/p>\n","protected":false},"author":2,"featured_media":51836,"comment_status":"closed","ping_status":"closed","sticky":false,"template":"","format":"standard","meta":[],"categories":[6],"tags":[41,2167,1503,122],"_links":{"self":[{"href":"https:\/\/www.infokuryr.cz\/n\/wp-json\/wp\/v2\/posts\/90058"}],"collection":[{"href":"https:\/\/www.infokuryr.cz\/n\/wp-json\/wp\/v2\/posts"}],"about":[{"href":"https:\/\/www.infokuryr.cz\/n\/wp-json\/wp\/v2\/types\/post"}],"author":[{"embeddable":true,"href":"https:\/\/www.infokuryr.cz\/n\/wp-json\/wp\/v2\/users\/2"}],"replies":[{"embeddable":true,"href":"https:\/\/www.infokuryr.cz\/n\/wp-json\/wp\/v2\/comments?post=90058"}],"version-history":[{"count":0,"href":"https:\/\/www.infokuryr.cz\/n\/wp-json\/wp\/v2\/posts\/90058\/revisions"}],"wp:featuredmedia":[{"embeddable":true,"href":"https:\/\/www.infokuryr.cz\/n\/wp-json\/wp\/v2\/media\/51836"}],"wp:attachment":[{"href":"https:\/\/www.infokuryr.cz\/n\/wp-json\/wp\/v2\/media?parent=90058"}],"wp:term":[{"taxonomy":"category","embeddable":true,"href":"https:\/\/www.infokuryr.cz\/n\/wp-json\/wp\/v2\/categories?post=90058"},{"taxonomy":"post_tag","embeddable":true,"href":"https:\/\/www.infokuryr.cz\/n\/wp-json\/wp\/v2\/tags?post=90058"}],"curies":[{"name":"wp","href":"https:\/\/api.w.org\/{rel}","templated":true}]}}