{"id":90047,"date":"2025-10-17T00:22:29","date_gmt":"2025-10-16T22:22:29","guid":{"rendered":"https:\/\/www.infokuryr.cz\/n\/?p=90047"},"modified":"2025-10-16T11:47:35","modified_gmt":"2025-10-16T09:47:35","slug":"energeticky-expert-vlk-cr-se-musi-inspirovat-cinou-emisni-povolenky-nici-evropu","status":"publish","type":"post","link":"https:\/\/www.infokuryr.cz\/n\/2025\/10\/17\/energeticky-expert-vlk-cr-se-musi-inspirovat-cinou-emisni-povolenky-nici-evropu\/","title":{"rendered":"Energetick\u00fd expert Vlk: \u010cR se mus\u00ed inspirovat \u010c\u00ednou, emisn\u00ed povolenky ni\u010d\u00ed Evropu"},"content":{"rendered":"<div id=\"fb-root\"><\/div>\n<p><strong>Poradce europoslance Ond\u0159eje Knotka (ANO) Vladim\u00edr Vlk upozornil, \u017ee evropsk\u00e1 energetika trp\u00ed chaosem a chyb\u00ed j\u00ed pl\u00e1nov\u00e1n\u00ed. Jako vzor uvedl \u010c\u00ednu, kter\u00e1 systematicky \u0159\u00edd\u00ed sv\u016fj rozvoj.<\/strong><\/p>\n<p>Podle energetick\u00e9ho experta Vladim\u00edra Vlka je glob\u00e1ln\u00ed spr\u00e1va, kterou prosazuje \u010c\u00edna, logick\u00fdm krokem. \u201e\u010c\u00ed\u0148an\u00e9 pl\u00e1nuj\u00ed. My jsme zru\u0161ili st\u00e1tn\u00ed pl\u00e1novac\u00ed komisi a v\u00fdsledek je chaos,\u201c \u0159ekl.<\/p>\n<p>Vlk p\u0159ipomn\u011bl, \u017ee v\u011bt\u0161ina fotovoltaick\u00fdch modul\u016f instalovan\u00fdch v \u010cR poch\u00e1z\u00ed z \u010c\u00edny. Kritizoval tak\u00e9 syst\u00e9m emisn\u00edch povolenek, kter\u00e9 podle n\u011bj dnes slou\u017e\u00ed bank\u00e1m ke spekulac\u00edm. \u201eJe t\u0159eba je zastropovat nebo \u00fapln\u011b st\u00e1hnout ze spotov\u00e9ho trhu,\u201c uvedl.<\/p>\n<p>Jako p\u0159\u00edklad \u0161patn\u00e9ho \u0159\u00edzen\u00ed uvedl blackout z 4. \u010dervence 2025, zp\u016fsoben\u00fd p\u0159etoky elekt\u0159iny z N\u011bmecka a Polska. \u201ePolitici mluv\u00ed do energetiky, ani\u017e by poslouchali odborn\u00edky,\u201c zd\u016fraznil.<\/p>\n<p>Na z\u00e1v\u011br dodal, \u017ee \u010cesko se mus\u00ed inspirovat \u010c\u00ednou a v\u00edce spolupracovat s rozv\u00edjej\u00edc\u00edmi se zem\u011bmi. \u201eJsem zast\u00e1ncem spolupr\u00e1ce s \u010c\u00ednou. Jejich model pl\u00e1nov\u00e1n\u00ed je pro n\u00e1s velkou inspirac\u00ed,\u201c uzav\u0159el.<\/p>\n<p><img decoding=\"async\" loading=\"lazy\" class=\"alignnone size-full wp-image-1185\" src=\"http:\/\/www.infokuryr.cz\/n\/wp-content\/uploads\/2021\/04\/kuryr-podpis.png\" alt=\"\" width=\"84\" height=\"24\" \/><\/p>\n<p>&nbsp;<\/p>\n<p>&nbsp;<\/p>\n","protected":false},"excerpt":{"rendered":"<p>Poradce europoslance Ond\u0159eje Knotka (ANO) Vladim\u00edr Vlk upozornil, \u017ee evropsk\u00e1 energetika trp\u00ed chaosem a chyb\u00ed&#8230;<\/p>\n","protected":false},"author":2,"featured_media":90048,"comment_status":"closed","ping_status":"closed","sticky":false,"template":"","format":"standard","meta":[],"categories":[6],"tags":[30,9671,41,2173],"_links":{"self":[{"href":"https:\/\/www.infokuryr.cz\/n\/wp-json\/wp\/v2\/posts\/90047"}],"collection":[{"href":"https:\/\/www.infokuryr.cz\/n\/wp-json\/wp\/v2\/posts"}],"about":[{"href":"https:\/\/www.infokuryr.cz\/n\/wp-json\/wp\/v2\/types\/post"}],"author":[{"embeddable":true,"href":"https:\/\/www.infokuryr.cz\/n\/wp-json\/wp\/v2\/users\/2"}],"replies":[{"embeddable":true,"href":"https:\/\/www.infokuryr.cz\/n\/wp-json\/wp\/v2\/comments?post=90047"}],"version-history":[{"count":1,"href":"https:\/\/www.infokuryr.cz\/n\/wp-json\/wp\/v2\/posts\/90047\/revisions"}],"predecessor-version":[{"id":90049,"href":"https:\/\/www.infokuryr.cz\/n\/wp-json\/wp\/v2\/posts\/90047\/revisions\/90049"}],"wp:featuredmedia":[{"embeddable":true,"href":"https:\/\/www.infokuryr.cz\/n\/wp-json\/wp\/v2\/media\/90048"}],"wp:attachment":[{"href":"https:\/\/www.infokuryr.cz\/n\/wp-json\/wp\/v2\/media?parent=90047"}],"wp:term":[{"taxonomy":"category","embeddable":true,"href":"https:\/\/www.infokuryr.cz\/n\/wp-json\/wp\/v2\/categories?post=90047"},{"taxonomy":"post_tag","embeddable":true,"href":"https:\/\/www.infokuryr.cz\/n\/wp-json\/wp\/v2\/tags?post=90047"}],"curies":[{"name":"wp","href":"https:\/\/api.w.org\/{rel}","templated":true}]}}