{"id":90046,"date":"2025-10-17T00:19:15","date_gmt":"2025-10-16T22:19:15","guid":{"rendered":"https:\/\/www.infokuryr.cz\/n\/?p=90046"},"modified":"2025-10-16T11:36:54","modified_gmt":"2025-10-16T09:36:54","slug":"jiri-weigl-povolebni-krizovatky","status":"publish","type":"post","link":"https:\/\/www.infokuryr.cz\/n\/2025\/10\/17\/jiri-weigl-povolebni-krizovatky\/","title":{"rendered":"Ji\u0159\u00ed Weigl: Povolebn\u00ed k\u0159i\u017eovatky"},"content":{"rendered":"<div id=\"fb-root\"><\/div>\n<p>Uplynul jeden cel\u00fd t\u00fdden od voleb, kter\u00e9 p\u0159ekreslily politickou mapu v\u00a0na\u0161\u00ed zemi. Z v\u011bt\u0161iny t\u011bch, kte\u0159\u00ed volili proti sou\u010dasn\u00e9 vl\u00e1d\u011b nespokojen\u00ed s\u00a0jej\u00ed politikou, je\u0161t\u011b nevyprchala euforie z\u00a0v\u00fdsledku voleb, p\u0159\u00edznivci dne\u0161n\u00ed vl\u00e1dn\u00ed sestavy naopak d\u00e1vaj\u00ed najevo frustraci a znechucen\u00ed. P\u0159esto se zd\u00e1lo. \u017ee v\u0161e je jasn\u00e9, koalice ANO, SPD a Motorist\u016f evidentn\u00ed a v\u0161e m\u016f\u017ee rychle sm\u011b\u0159ovat k\u00a0brzk\u00e9mu staven\u00ed nov\u00e9 Sn\u011bmovny a k\u00a0nov\u00e9 vl\u00e1d\u011b.<\/p>\n<p>Ud\u00e1losti uplynul\u00e9ho t\u00fddne n\u00e1s v\u0161ak p\u0159esv\u011bd\u010dily, \u017ee v\u0161echno zdaleka nebude tak jednoduch\u00e9. Strany vl\u00e1dn\u00ed kolice uznaly svou por\u00e1\u017eku a Andrej Babi\u0161 je nezpochybniteln\u00fdm v\u00edt\u011bzem voleb, ale to neznamen\u00e1, \u017ee dosavadn\u00ed progresivistick\u00fd politick\u00fd establishment slo\u017eil zbran\u011b. Signifikantn\u00ed bylo u\u017e to, \u017ee zcela jasn\u00e9ho volebn\u00edho v\u00edt\u011bze Babi\u0161e prezident Pavel ofici\u00e1ln\u011b nepov\u011b\u0159il jedn\u00e1n\u00edm o sestaven\u00ed nov\u00e9 vl\u00e1dy. To je tradi\u010dn\u00ed krok, kter\u00fd sice na\u0161e \u00fastava nezn\u00e1, ale p\u0159i\u0161el s\u00a0n\u00edm v\u00a0devades\u00e1t\u00fdch letech prezident V\u00e1clav Havel jako s\u00a0jak\u00fdmsi mezikrokem, kter\u00fd neznamen\u00e1 p\u0159\u00edmo \u00fastavou p\u0159edpokl\u00e1dan\u00e9 jmenov\u00e1n\u00ed premi\u00e9ra, ale vytv\u00e1\u0159\u00ed jak\u00fdsi puvo\u00e1r pro v\u00edt\u011bze voleb k\u00a0veden\u00ed jedn\u00e1n\u00ed sm\u011b\u0159uj\u00edc\u00edch k\u00a0nov\u00e9 vl\u00e1d\u011b. Oba Havlovi n\u00e1stupci tuto tradici po volb\u00e1ch rovn\u011b\u017e dodr\u017eovali a volebn\u00edho v\u00edt\u011bze form\u00e1ln\u011b jedn\u00e1n\u00edm o sestaven\u00ed vl\u00e1dy pov\u011b\u0159ovali. Prezident Petr Pavel nikoliv, co\u017e d\u00e1v\u00e1 tu\u0161it, \u017ee povolebn\u00ed situaci nepova\u017euje za tak jasnou, jak se \u0161irok\u00e9 ve\u0159ejnosti jev\u00ed, a hodl\u00e1 v\u00a0n\u00ed hr\u00e1t jist\u00e9 hry. Tuto domn\u011bnku umo\u017e\u0148uje i j\u00edm stanoven\u00fd term\u00edn svol\u00e1n\u00ed nov\u00e9 sn\u011bmovny a\u017e na 3. listopad, co\u017e je ve zd\u00e1nliv\u011b jasn\u00e9 politick\u00e9 situaci pom\u011brn\u011b dlouh\u00fd odklad, kter\u00fd nazna\u010duje, \u017ee se prezident sna\u017e\u00ed vytv\u00e1\u0159et prostor pro n\u011bjak\u00fd nov\u00fd, pro n\u011bj a politick\u00e9 s\u00edly s\u00a0n\u00edm spojen\u00e9 z\u0159ejm\u011b p\u0159ijateln\u011bj\u0161\u00ed v\u00fdvoj situace.<\/p>\n<p>Ta skute\u010dn\u011b nen\u00ed tak jednoduch\u00e1, jak by se na prvn\u00ed pohled p\u0159i pohledu na volebn\u00ed v\u00fdsledky mohlo zd\u00e1t. Voli\u010di se jasn\u011b vyj\u00e1d\u0159ili pro zm\u011bnu politiky, tak jak ji prov\u00e1d\u011bla sou\u010dasn\u00e1 vl\u00e1dn\u00ed koalice. Jej\u00ed zjevnou nekompetenci v\u00a0kl\u00ed\u010dov\u00fdch hospod\u00e1\u0159sk\u00fdch ot\u00e1zk\u00e1ch nemohlo zakr\u00fdt ani hysterick\u00e9 stra\u0161en\u00ed Ruskem a s\u00e1zka na vyhrocov\u00e1n\u00ed v\u00e1le\u010dn\u00e9ho konfliktu na Ukrajin\u011b. Hnut\u00ed ANO a jeho p\u0159edseda Babi\u0161 p\u0159edstavuj\u00ed v\u00a0tomto ohledu realisti\u010dt\u011bj\u0161\u00ed, pragmati\u010dt\u011bj\u0161\u00ed a p\u0159ece jen kompetentn\u011bj\u0161\u00ed alternativu mainstreamov\u00e9 politiky. Jej\u00ed charakteristikou je v\u0161ak absence jak\u00e9hokoliv ideov\u00e9ho ukotven\u00ed a bezb\u0159ehost pragmatismu schopn\u00e9ho absorbovat cokoliv od leva na pravo. Andrej Babi\u0161 sice zvl\u00e1\u0161tn\u00edm zp\u016fsobem antagonizuje sv\u00e9 politick\u00e9 odp\u016frce, kte\u0159\u00ed v\u016f\u010di n\u011bmu d\u00e1vaj\u00ed najevo a\u017e iracion\u00e1ln\u00ed nen\u00e1vist, ale fakticky v\u011bcn\u011b nereprezentuje \u017e\u00e1dn\u00fd radik\u00e1ln\u00ed rozchod s\u00a0dosavadn\u00ed mainstreamovou politickou prax\u00ed, a to jak ve vnit\u0159n\u00ed, tak v\u00a0zahrani\u010dn\u00ed politice \u2013 deficitn\u00ed rozpo\u010dtov\u00e9 hospoda\u0159en\u00ed, oportunistick\u00fd p\u0159\u00edstup k\u00a0Bruselu a konformismus v\u00a0zahrani\u010dn\u00ed politice jsou mu vlastn\u00ed. Z\u00a0tohoto pohledu byl obraz volebn\u00edho Armageddonu se silami zla v\u00a0\u010dele s\u00a0Babi\u0161em vlekouc\u00edm n\u00e1s na V\u00fdchod, jak jej l\u00ed\u010dil Fiala, zcela absurdn\u00ed. Andrej Babi\u0161 s\u00a0vl\u00e1dn\u00edmi lidovci ji\u017e vl\u00e1dl a nepochybn\u011b by se dok\u00e1zal shodnout i s\u00a0dal\u0161\u00edmi sou\u010d\u00e1stmi dosavadn\u00ed vl\u00e1dn\u00ed koalice.<\/p>\n<p>Problematick\u00e1 nen\u00ed z\u00a0tohoto pohledu ani jinak programov\u011b radik\u00e1ln\u00ed SPD, kter\u00e1 b\u00fdv\u00e1 dosavadn\u00edm medi\u00e1ln\u011b-politick\u00fdm mainstreamem pou\u017e\u00edv\u00e1na jako stra\u0161\u00e1k, kter\u00fd m\u00e1 vznikaj\u00edc\u00ed vl\u00e1du u dom\u00e1c\u00edho v\u011bt\u0161inov\u00e9ho voli\u010de i v\u00a0zahrani\u010d\u00ed diskreditovat. Tomio Okamura je zku\u0161en\u00fd sn\u011bmovn\u00ed matador, kter\u00fd stoj\u00ed v\u00a0\u010dele na \u010desk\u00e9 pom\u011bry relativn\u011b po\u010detn\u00e9 strany, jej\u00ed\u017e \u010dlenov\u00e9 vyjad\u0159uj\u00ed silnou nespokojenost s\u00a0pom\u011bry i dosavadn\u00ed politikou. Dob\u0159e se zabydlil v\u00a0opozi\u010dn\u00ed roli, kter\u00e1 mu jako schopn\u00e9mu r\u00e9torovi sv\u011bd\u010d\u00ed, a jeho strana neopl\u00fdv\u00e1 politick\u00fdmi osobnostmi se zku\u0161enostmi a jasn\u00fdmi vizemi v\u00a0d\u00edl\u010d\u00edch oblastech. V\u00a0uplynul\u00fdch volb\u00e1ch usp\u011bl v\u00fdrazn\u011b m\u00e9n\u011b, ne\u017e se v\u0161eobecn\u011b o\u010dek\u00e1valo, a dob\u0159e v\u00ed, \u017ee vl\u00e1dn\u00ed anga\u017em\u00e1 v\u00a0dne\u0161n\u00ed situaci je sp\u00ed\u0161e ne\u017e \u0161anc\u00ed na \u00fasp\u011bch rizikem zdiskreditov\u00e1n\u00ed se u sv\u00e9ho elektor\u00e1tu \u00fa\u010dast\u00ed na projektu, v\u00a0n\u011bm\u017e bude m\u00edt velice omezen\u00fd vliv.<\/p>\n<p>Proto ned\u011bl\u00e1 Andreji Babi\u0161ovi \u017e\u00e1dn\u00e9 v\u00e1\u017en\u00e9 probl\u00e9my a po drobn\u00fdch peripeti\u00edch d\u00e1v\u00e1 najevo, \u017ee se spokoj\u00ed s\u00a0velmi viditelnou pozic\u00ed p\u0159edsedy Poslaneck\u00e9 sn\u011bmovny, zat\u00edmco vl\u00e1dn\u00ed anga\u017em\u00e1 SPD ponech\u00e1v\u00e1 prost\u0159ednictv\u00edm tzv. expert\u016f v\u00a0podstat\u011b na Andreji Babi\u0161ovi.<\/p>\n<p>V\u00a0nejobt\u00ed\u017en\u011bj\u0161\u00ed situaci jsou paradoxn\u011b Motorist\u00e9 \u2013 jeden z\u00a0evidentn\u00edch v\u00edt\u011bz\u016f voleb. Na rozd\u00edl od ANO a SPD jsou politi\u010dt\u00ed nov\u00e1\u010dci s\u00a0neusazen\u00fdmi vlastn\u00edmi stranick\u00fdmi strukturami a co je nejpodstatn\u011bj\u0161\u00ed \u2013 jsou programovou stranou. Voli\u010dskou podporu pro vstup do Sn\u011bmovny z\u00edskali jako strana kter\u00e1 hl\u00e1s\u00e1 pozitivn\u00ed pravicov\u00fd program opu\u0161t\u011bn\u00fd Fialovou ODS \u2013 ozdraven\u00ed ve\u0159ejn\u00fdch financ\u00ed, nezadlu\u017eenou budoucnost, svobodu slova, odstran\u011bn\u00ed dota\u010dn\u00ed p\u0159eregulovan\u00e9 ekonomiky, radik\u00e1ln\u00ed odpor proti Green Dealu , migraci a bruselsk\u00e9mu dikt\u00e1tu. Proto jim ANO nevyluxovalo voli\u010de jako SPD a STA\u010cILO! . A nav\u00edc sv\u016fj program mysl\u00ed v\u00e1\u017en\u011b. A to je v\u00a0sou\u010dasn\u00e9 konstelaci velmi problematick\u00e9.<\/p>\n<p>Proto je p\u0159\u00edzna\u010dn\u00e9, \u017ee hlavn\u00ed politick\u00fd st\u0159et kolem sestavov\u00e1n\u00ed vl\u00e1dy nen\u00ed dnes veden kv\u016fli pro mainstream \u00fadajn\u011b extr\u00e9mistick\u00e9 SPD, ale kolem vl\u00e1dn\u00edho anga\u017em\u00e1 hlavn\u00edch osobnost\u00ed Motorist\u016f \u2013 Filipa Turka na zahrani\u010d\u00ed a Petra Macinky na \u017eivotn\u00edm prost\u0159ed\u00ed. O vl\u00e1dn\u00ed post, na kter\u00e9m nevadil nezku\u0161en\u00fd juniorn\u00ed asistent euorposlance Pocheho Pet\u0159\u00ed\u010dek, nebo aktivistick\u00fd levi\u010d\u00e1k bakal\u00e1\u0159 Lipavsk\u00fd, se vede proti Filipu Turkovi brut\u00e1ln\u00ed likvida\u010dn\u00ed medi\u00e1ln\u00ed kampa\u0148, kter\u00e1 jej m\u00e1 z\u0159ejm\u011b dostat nejen ze hry o vl\u00e1dn\u00ed k\u0159esla, ale v\u016fbec z\u00a0politiky.<\/p>\n<p>Podobn\u00e9mu tlaku zelen\u00fdch lobby a dal\u0161\u00edch je vystaven Petr Macinka. A Andrej Babi\u0161 d\u00e1v\u00e1 najevo, \u017ee mu nestoj\u00ed za to odol\u00e1vat tlaku na eliminaci l\u00eddr\u016f Motorist\u016f z\u00a0budouc\u00ed vl\u00e1dy. V\u00a0pozad\u00ed je z\u0159ejm\u011b i stejn\u00fd postoj prezidenta Pavla. Pro Motoristy je to kritick\u00e1 situace \u2013 v\u00edt\u011bz voleb d\u00e1v\u00e1 najevo, \u017ee na jejich programov\u00e9 priority (p\u0159edev\u0161\u00edm sni\u017eov\u00e1n\u00ed rozpo\u010dtov\u00e9ho schodku atd.) nehodl\u00e1 br\u00e1t z\u0159etel, co\u017e je pro programov\u011b orientovanou mladou a m\u011blce zakotvenou stranu fat\u00e1ln\u00ed. Babi\u0161 chce m\u00edt svou vl\u00e1du zcela pod kontrolou a nehodl\u00e1 se svazovat n\u011bjak\u00fdmi programov\u00fdmi z\u00e1vazky \u010di \u00fastupky. Proto od po\u010d\u00e1tku zd\u016fraz\u0148oval preferenci jednobarevn\u00e9 men\u0161inov\u00e9 vl\u00e1dy sv\u00e9ho hnut\u00ed podporovan\u00e9 \u010di tolerovan\u00e9 parlamentn\u00edmi partnery. Dnes sice form\u00e1ln\u011b jedn\u00e1 o vl\u00e1d\u011b koali\u010dn\u00ed, ale chce, aby se p\u0159\u00edli\u0161 neodli\u0161ovala od j\u00edm preferovan\u00e9 vl\u00e1dy jednobarevn\u00e9.<\/p>\n<p>Strany dosavadn\u00ed vl\u00e1dn\u00ed koalice se sice zakl\u00ednaj\u00ed nesmi\u0159iteln\u00fdmi postoji k\u00a0Babi\u0161ovi a hnut\u00ed ANO, ale \u010das v\u0161e obru\u0161uje a m\u011bn\u00ed, sta\u0159\u00ed antibabi\u0161ov\u0161t\u00ed l\u00edd\u0159i, jako Petr Fiala a Mark\u00e9ta Pekarov\u00e1 odch\u00e1zej\u00ed, lidovci jsou lidovci, tak\u017ee nikdo nev\u00ed, co p\u0159inese budoucnost.<\/p>\n<p>Motorist\u00e9 dnes stoj\u00ed p\u0159ed velmi t\u011b\u017ekou volbou \u2013 ustoupit a stejn\u011b jako SPD podporovat Babi\u0161ovu kvazijednobarevnou vl\u00e1du nominac\u00ed n\u011bjak\u00fdch \u201eodborn\u00edk\u016f\u201c m\u00edsto sv\u00fdch l\u00eddr\u016f, a tak alespo\u0148 n\u011bjak kr\u00e1tkodob\u011b kapitalizovat sv\u016fj spektakul\u00e1rn\u00ed a ne\u010dekan\u00fd volebn\u00ed \u00fasp\u011bch, nebo p\u0159inutit Babi\u0161e k\u00a0\u00fastupu a akceptovat Turka a Macinku ve vl\u00e1d\u011b s\u00a0t\u00edm, \u017ee mo\u017en\u00fd negativn\u00ed postoj prezidenta k\u00a0jejich jmenov\u00e1n\u00ed m\u016f\u017ee situaci d\u00e1le vyhrotit. I kdyby i touto sout\u011bskou propluli, nen\u00ed v\u016fbec jist\u00e9, jak by mohli tito za\u010d\u00ednaj\u00edc\u00ed politici bez podpory premi\u00e9ra ve velmi exponovan\u00fdch vl\u00e1dn\u00edch func\u00edch \u00fasp\u011b\u0161n\u011b obst\u00e1t a nezpronev\u011b\u0159it se sv\u00e9mu programu.<\/p>\n<p>A kone\u010dn\u011b se nab\u00edz\u00ed t\u0159et\u00ed varianta \u2013 jako \u00fasp\u011b\u0161n\u00e1 mlad\u00e1 pravicov\u00e1 strana odej\u00edt do opozice a soust\u0159edit se na vybudov\u00e1n\u00ed pevn\u00fdch politick\u00fdch z\u00e1klad\u016f sv\u00e9 existence a pokusit se p\u0159evz\u00edt \u00falohu siln\u00e9ho a v\u011brohodn\u00e9ho reprezentanta politick\u00e9 pravice u n\u00e1s, kterou vyklidila ODS. Ka\u017edop\u00e1dn\u011b Motoristy \u010dek\u00e1 hned na po\u010d\u00e1tku velmi t\u011b\u017ek\u00e1, mo\u017en\u00e1 existen\u010dn\u00ed volba.<\/p>\n<p>V\u00fdvoj v\u00a0prvn\u00edm t\u00fddnu po volb\u00e1ch uk\u00e1zal, \u017ee prosazen\u00ed zm\u011bn v\u00a0dosavadn\u00edm sm\u011b\u0159ov\u00e1n\u00ed \u010desk\u00e9 politiky bude podstatn\u011b obt\u00ed\u017en\u011bj\u0161\u00ed, ne\u017e se mnoh\u00fdm mohlo zd\u00e1t v\u00a0euforii o uplynul\u00e9m v\u00edkendu.<\/p>\n<p><em><a href=\"https:\/\/www.institutvk.cz\/clanky\/3247.html\">Ji\u0159\u00ed Weigl,<\/a> 13. 10. 2025<\/em><\/p>\n<p><img decoding=\"async\" loading=\"lazy\" class=\"alignnone size-medium wp-image-19336\" src=\"http:\/\/www.infokuryr.cz\/n\/wp-content\/uploads\/2022\/12\/jiri-weigl-300x198.jpg\" alt=\"\" width=\"300\" height=\"198\" srcset=\"https:\/\/www.infokuryr.cz\/n\/wp-content\/uploads\/2022\/12\/jiri-weigl-300x198.jpg 300w, https:\/\/www.infokuryr.cz\/n\/wp-content\/uploads\/2022\/12\/jiri-weigl.jpg 465w\" sizes=\"(max-width: 300px) 100vw, 300px\" \/><\/p>\n<p>&nbsp;<\/p>\n","protected":false},"excerpt":{"rendered":"<p>Uplynul jeden cel\u00fd t\u00fdden od voleb, kter\u00e9 p\u0159ekreslily politickou mapu v\u00a0na\u0161\u00ed zemi. Z v\u011bt\u0161iny t\u011bch,&#8230;<\/p>\n","protected":false},"author":2,"featured_media":47889,"comment_status":"closed","ping_status":"closed","sticky":false,"template":"","format":"standard","meta":[],"categories":[6],"tags":[1042,122,27],"_links":{"self":[{"href":"https:\/\/www.infokuryr.cz\/n\/wp-json\/wp\/v2\/posts\/90046"}],"collection":[{"href":"https:\/\/www.infokuryr.cz\/n\/wp-json\/wp\/v2\/posts"}],"about":[{"href":"https:\/\/www.infokuryr.cz\/n\/wp-json\/wp\/v2\/types\/post"}],"author":[{"embeddable":true,"href":"https:\/\/www.infokuryr.cz\/n\/wp-json\/wp\/v2\/users\/2"}],"replies":[{"embeddable":true,"href":"https:\/\/www.infokuryr.cz\/n\/wp-json\/wp\/v2\/comments?post=90046"}],"version-history":[{"count":0,"href":"https:\/\/www.infokuryr.cz\/n\/wp-json\/wp\/v2\/posts\/90046\/revisions"}],"wp:featuredmedia":[{"embeddable":true,"href":"https:\/\/www.infokuryr.cz\/n\/wp-json\/wp\/v2\/media\/47889"}],"wp:attachment":[{"href":"https:\/\/www.infokuryr.cz\/n\/wp-json\/wp\/v2\/media?parent=90046"}],"wp:term":[{"taxonomy":"category","embeddable":true,"href":"https:\/\/www.infokuryr.cz\/n\/wp-json\/wp\/v2\/categories?post=90046"},{"taxonomy":"post_tag","embeddable":true,"href":"https:\/\/www.infokuryr.cz\/n\/wp-json\/wp\/v2\/tags?post=90046"}],"curies":[{"name":"wp","href":"https:\/\/api.w.org\/{rel}","templated":true}]}}