{"id":90032,"date":"2025-10-17T00:20:48","date_gmt":"2025-10-16T22:20:48","guid":{"rendered":"https:\/\/www.infokuryr.cz\/n\/?p=90032"},"modified":"2025-10-16T10:39:02","modified_gmt":"2025-10-16T08:39:02","slug":"palestinska-tela-vracena-izraelem-vykazuji-podle-lekaru-znamky-muceni-a-popravy-a-byla-ocislovana","status":"publish","type":"post","link":"https:\/\/www.infokuryr.cz\/n\/2025\/10\/17\/palestinska-tela-vracena-izraelem-vykazuji-podle-lekaru-znamky-muceni-a-popravy-a-byla-ocislovana\/","title":{"rendered":"Palestinsk\u00e1 t\u011bla vr\u00e1cen\u00e1 Izraelem vykazuj\u00ed podle l\u00e9ka\u0159\u016f zn\u00e1mky mu\u010den\u00ed a popravy a byla o\u010d\u00edslov\u00e1na"},"content":{"rendered":"<div id=\"fb-root\"><\/div>\n<div class=\"elementor-element elementor-element-1fb4c2c elementor-widget elementor-widget-theme-post-content\" data-id=\"1fb4c2c\" data-element_type=\"widget\" data-widget_type=\"theme-post-content.default\">\n<div class=\"elementor-widget-container\">\n<p><strong><span dir=\"auto\">T\u00e9m\u011b\u0159 v\u0161ichni m\u011bli pouta, zav\u00e1zan\u00e9 o\u010di a st\u0159eln\u00e1 zran\u011bn\u00ed mezi o\u010dima, \u0159\u00edk\u00e1 l\u00e9ka\u0159 z nemocnice Nasser v Gaze.<\/span><\/strong><\/p>\n<p><span dir=\"auto\">Mnoho z 90 t\u011bl Palestinc\u016f, kter\u00e9 izraelsk\u00e9 \u00fa\u0159ady vr\u00e1tily do Gazy v r\u00e1mci p\u0159\u00edm\u011b\u0159\u00ed, neslo podle l\u00e9ka\u0159\u016f zn\u00e1mky mu\u010den\u00ed a poprav, v\u010detn\u011b\u00a0<\/span><strong><span dir=\"auto\">zav\u00e1zan\u00fdch o\u010d\u00ed, sv\u00e1zan\u00fdch rukou a st\u0159eln\u00fdch zran\u011bn\u00ed hlavy<\/span><\/strong><span dir=\"auto\">\u00a0.<\/span><\/p>\n<p><span dir=\"auto\">V r\u00e1mci p\u0159\u00edm\u011b\u0159\u00ed zprost\u0159edkovan\u00e9ho USA\u00a0<\/span><strong><span dir=\"auto\">p\u0159edal Ham\u00e1s t\u011bla n\u011bkolika rukojm\u00edch<\/span><\/strong><span dir=\"auto\">\u00a0zabit\u00fdch b\u011bhem v\u00e1lky, zat\u00edmco Izrael p\u0159edal t\u011bla\u00a0<\/span><strong><span dir=\"auto\">dvou skupin 45 Palestinc\u016f<\/span><\/strong><span dir=\"auto\">\u00a0zabit\u00fdch b\u011bhem boj\u016f. V\u00fdm\u011bna byla zprost\u0159edkov\u00e1na\u00a0<\/span><strong><span dir=\"auto\">Mezin\u00e1rodn\u00edm v\u00fdborem \u010cerven\u00e9ho k\u0159\u00ed\u017ee (MV\u010cK)<\/span><\/strong><span dir=\"auto\">\u00a0.<\/span><\/p>\n<p><span dir=\"auto\">L\u00e9ka\u0159i v\u00a0<\/span><strong><span dir=\"auto\">nemocnici Nasser<\/span><\/strong><span dir=\"auto\">\u00a0v ji\u017en\u00edm m\u011bst\u011b\u00a0<\/span><strong><span dir=\"auto\">Ch\u00e1n J\u00fanis<\/span><\/strong><span dir=\"auto\">\u00a0, kte\u0159\u00ed p\u0159evzali palestinsk\u00e1 t\u011bla od MV\u010cK, ve st\u0159edu uvedli, \u017ee existuj\u00ed\u00a0<\/span><strong><span dir=\"auto\">zna\u010dn\u00e9 d\u016fkazy o \u0161patn\u00e9m zach\u00e1zen\u00ed a poprav\u00e1ch<\/span><\/strong><span dir=\"auto\">\u00a0a \u017ee \u017e\u00e1dn\u00e9 z t\u011bl nebylo identifikovateln\u00e9.<\/span><\/p>\n<p><em><span dir=\"auto\">\u201eT\u00e9m\u011b\u0159 v\u0161ichni m\u011bli zav\u00e1zan\u00e9 o\u010di, byli sv\u00e1zan\u00ed a m\u011bli st\u0159eln\u00e1 zran\u011bn\u00ed mezi o\u010dima. T\u00e9m\u011b\u0159 v\u0161ichni byli popraveni,\u201c \u0159ekl\u00a0<\/span><strong><span dir=\"auto\">Dr. Ahmed al-Farra<\/span><\/strong><span dir=\"auto\">\u00a0, vedouc\u00ed d\u011btsk\u00e9ho odd\u011blen\u00ed v nemocnici Nasser.<\/span><\/em><\/p>\n<p><span dir=\"auto\">\u201eNalezly se tam tak\u00e9 jizvy a zm\u011bna barvy k\u016f\u017ee, co\u017e nazna\u010dovalo, \u017ee byli p\u0159ed smrt\u00ed biti. Byly tam tak\u00e9 zn\u00e1mky toho, \u017ee jejich t\u011bla byla po smrti zneu\u017e\u00edv\u00e1na.\u201c<\/span><\/p>\n<p><strong><span dir=\"auto\">Farra dodal, \u017ee izraelsk\u00e9 \u00fa\u0159ady p\u0159edaly t\u011bla bez jak\u00e9koli identifikace<\/span><\/strong><span dir=\"auto\">\u00a0a\u00a0\u017ee nemocnice v Gaze, kter\u00e1 byla b\u011bhem dvou let v\u00e1lky t\u011b\u017ece bombardov\u00e1na,\u00a0<\/span><strong><span dir=\"auto\">nem\u011bly \u017e\u00e1dn\u00e9 prost\u0159edky k prov\u00e1d\u011bn\u00ed test\u016f DNA<\/span><\/strong><span dir=\"auto\">\u00a0.<\/span><\/p>\n<p><em><span dir=\"auto\">\u201eZnaj\u00ed toto\u017enost t\u011bchto t\u011bl, ale cht\u011bj\u00ed, aby rodiny trp\u011bly je\u0161t\u011b v\u00edce osudem t\u011bchto ob\u011bt\u00ed,\u201c \u0159ekl l\u00e9ka\u0159.<\/span><\/em><\/p>\n<p><span dir=\"auto\">Veden\u00ed nemocnice Nasser uvedlo, \u017ee t\u011bla, kter\u00e1 byla d\u0159\u00edve ulo\u017eena v izraelsk\u00fdch chladic\u00edch za\u0159\u00edzen\u00edch, byla vr\u00e1cena\u00a0<\/span><strong><span dir=\"auto\">s o\u010d\u00edslovan\u00fdmi \u0161t\u00edtky, ale bez jmen<\/span><\/strong><span dir=\"auto\">\u00a0. L\u00e9ka\u0159i po\u017e\u00e1dali p\u0159\u00edbuzn\u00e9 poh\u0159e\u0161ovan\u00fdch palestinsk\u00fdch mu\u017e\u016f o pomoc s jejich identifikac\u00ed.<\/span><\/p>\n<p><span dir=\"auto\">Izraelsk\u00e9\u00a0<\/span><strong><span dir=\"auto\">obrann\u00e9 s\u00edly (IDF)<\/span><\/strong><span dir=\"auto\">\u00a0postoupily dotazy ohledn\u011b obvin\u011bn\u00ed\u00a0<\/span><strong><span dir=\"auto\">Izraelsk\u00e9 v\u011bze\u0148sk\u00e9 slu\u017eb\u011b<\/span><\/strong><span dir=\"auto\">\u00a0, kterou\u00a0<\/span><em><span dir=\"auto\">den\u00edk The Guardian<\/span><\/em><span dir=\"auto\">\u00a0po\u017e\u00e1dal o koment\u00e1\u0159.<\/span><\/p>\n<p><span dir=\"auto\">Mezin\u00e1rodn\u00ed\u00a0<\/span><strong><span dir=\"auto\">trestn\u00ed soud (ICC)<\/span><\/strong><span dir=\"auto\">\u00a0v sou\u010dasn\u00e9 dob\u011b vy\u0161et\u0159uje\u00a0<\/span><strong><span dir=\"auto\">v\u00e1le\u010dn\u00e9 zlo\u010diny sp\u00e1chan\u00e9 ob\u011bma stranami<\/span><\/strong><span dir=\"auto\">\u00a0b\u011bhem dvoulet\u00e9 v\u00e1lky v Gaze, v\u010detn\u011b\u00a0<\/span><strong><span dir=\"auto\">zabit\u00ed 15 palestinsk\u00fdch zdravotn\u00edk\u016f a z\u00e1chran\u00e1\u0159\u016f,<\/span><\/strong><span dir=\"auto\">\u00a0jejich\u017e t\u011bla byla v b\u0159eznu nalezena v m\u011blk\u00e9m masov\u00e9m hrob\u011b. Veden\u00ed nemocnice uvedlo, \u017ee ob\u011bti m\u011bly\u00a0<\/span><strong><span dir=\"auto\">sv\u00e1zan\u00e9 ruce a nohy<\/span><\/strong><span dir=\"auto\">\u00a0a byly\u00a0<\/span><strong><span dir=\"auto\">st\u0159eleny do hlavy<\/span><\/strong><span dir=\"auto\">\u00a0.<\/span><\/p>\n<p><span dir=\"auto\">N\u00e1vrat t\u011bl na obou stran\u00e1ch konfliktu se uk\u00e1zal\u00a0<\/span><strong><span dir=\"auto\">jako hlavn\u00ed p\u0159ek\u00e1\u017eka<\/span><\/strong><span dir=\"auto\">\u00a0pro napl\u0148ov\u00e1n\u00ed p\u0159\u00edm\u011b\u0159\u00ed, kter\u00e9 vstoupilo v platnost o v\u00edkendu. Izrael ozn\u00e1mil, \u017ee\u00a0<\/span><strong><span dir=\"auto\">zpomal\u00ed<\/span><\/strong><span dir=\"auto\">\u00a0dod\u00e1vky humanit\u00e1rn\u00ed pomoci do Gazy kv\u016fli zpo\u017ed\u011bn\u00ed v\u00a0<\/span><strong><span dir=\"auto\">p\u0159evozu 28 t\u011bl izraelsk\u00fdch rukojm\u00edch, o nich\u017e<\/span><\/strong><span dir=\"auto\">\u00a0se p\u0159edpokl\u00e1d\u00e1, \u017ee byli zabiti b\u011bhem v\u00e1lky \u2013 a uvedl, \u017ee\u00a0<\/span><strong><span dir=\"auto\">jedno z p\u0159edan\u00fdch t\u011bl mezi rukojm\u00edmi nebylo<\/span><\/strong><span dir=\"auto\">\u00a0.<\/span><\/p>\n<p><strong><span dir=\"auto\">Ham\u00e1s<\/span><\/strong><span dir=\"auto\">\u00a0ve st\u0159edu ve\u010der ozn\u00e1mil\u00a0, \u017ee p\u0159edal v\u0161echna t\u011bla zesnul\u00fdch rukojm\u00edch, ke kter\u00fdm m\u011bl p\u0159\u00edstup, zat\u00edmco izraelsk\u00e1 arm\u00e1da potvrdila, \u017ee \u010cerven\u00fd k\u0159\u00ed\u017e v Gaze\u00a0obdr\u017eel\u00a0<\/span><strong><span dir=\"auto\">dal\u0161\u00ed dv\u011b t\u011bla .<\/span><\/strong><\/p>\n<p><span dir=\"auto\">Militantn\u00ed skupina ji\u017e d\u0159\u00edve vr\u00e1tila\u00a0<\/span><strong><span dir=\"auto\">ostatky sedmi z 28 zn\u00e1m\u00fdch zem\u0159el\u00fdch rukojm\u00edch<\/span><\/strong><span dir=\"auto\">\u00a0spolu s osm\u00fdm t\u011blem, o kter\u00e9m Izrael uvedl, \u017ee\u00a0<\/span><strong><span dir=\"auto\">nepat\u0159\u00ed p\u0159edchoz\u00edm rukojm\u00edm.<\/span><\/strong><\/p>\n<p><em><span dir=\"auto\">Julian Borger, hlavn\u00ed mezin\u00e1rodn\u00ed korespondent<\/span><\/em><\/p>\n<\/div>\n<\/div>\n<div class=\"elementor-element elementor-element-8c57238 quelle dc-has-condition dc-condition-empty elementor-widget elementor-widget-heading\" data-id=\"8c57238\" data-element_type=\"widget\" data-widget_type=\"heading.default\">\n<div class=\"elementor-widget-container\">\n<h3 class=\"elementor-heading-title elementor-size-default\"><span style=\"font-size: 10pt;\"><a href=\"https:\/\/archive.is\/I8ZkL\" target=\"_blank\" rel=\"nofollow noopener\"><span dir=\"auto\">Zdroj<\/span><\/a><\/span><\/h3>\n<p>&nbsp;<\/p>\n<\/div>\n<\/div>\n","protected":false},"excerpt":{"rendered":"<p>T\u00e9m\u011b\u0159 v\u0161ichni m\u011bli pouta, zav\u00e1zan\u00e9 o\u010di a st\u0159eln\u00e1 zran\u011bn\u00ed mezi o\u010dima, \u0159\u00edk\u00e1 l\u00e9ka\u0159 z nemocnice&#8230;<\/p>\n","protected":false},"author":2,"featured_media":90033,"comment_status":"closed","ping_status":"closed","sticky":false,"template":"","format":"standard","meta":[],"categories":[7],"tags":[348,9908,625,312,3019],"_links":{"self":[{"href":"https:\/\/www.infokuryr.cz\/n\/wp-json\/wp\/v2\/posts\/90032"}],"collection":[{"href":"https:\/\/www.infokuryr.cz\/n\/wp-json\/wp\/v2\/posts"}],"about":[{"href":"https:\/\/www.infokuryr.cz\/n\/wp-json\/wp\/v2\/types\/post"}],"author":[{"embeddable":true,"href":"https:\/\/www.infokuryr.cz\/n\/wp-json\/wp\/v2\/users\/2"}],"replies":[{"embeddable":true,"href":"https:\/\/www.infokuryr.cz\/n\/wp-json\/wp\/v2\/comments?post=90032"}],"version-history":[{"count":0,"href":"https:\/\/www.infokuryr.cz\/n\/wp-json\/wp\/v2\/posts\/90032\/revisions"}],"wp:featuredmedia":[{"embeddable":true,"href":"https:\/\/www.infokuryr.cz\/n\/wp-json\/wp\/v2\/media\/90033"}],"wp:attachment":[{"href":"https:\/\/www.infokuryr.cz\/n\/wp-json\/wp\/v2\/media?parent=90032"}],"wp:term":[{"taxonomy":"category","embeddable":true,"href":"https:\/\/www.infokuryr.cz\/n\/wp-json\/wp\/v2\/categories?post=90032"},{"taxonomy":"post_tag","embeddable":true,"href":"https:\/\/www.infokuryr.cz\/n\/wp-json\/wp\/v2\/tags?post=90032"}],"curies":[{"name":"wp","href":"https:\/\/api.w.org\/{rel}","templated":true}]}}