{"id":90030,"date":"2025-10-17T00:18:39","date_gmt":"2025-10-16T22:18:39","guid":{"rendered":"https:\/\/www.infokuryr.cz\/n\/?p=90030"},"modified":"2025-10-16T11:37:27","modified_gmt":"2025-10-16T09:37:27","slug":"chytre-lampy-usi-a-oci-vlady","status":"publish","type":"post","link":"https:\/\/www.infokuryr.cz\/n\/2025\/10\/17\/chytre-lampy-usi-a-oci-vlady\/","title":{"rendered":"Chytr\u00e9 lampy: U\u0161i a o\u010di vl\u00e1dy"},"content":{"rendered":"<div id=\"fb-root\"><\/div>\n<div class=\"elementor-element elementor-element-1fb4c2c elementor-widget elementor-widget-theme-post-content\" data-id=\"1fb4c2c\" data-element_type=\"widget\" data-widget_type=\"theme-post-content.default\">\n<div class=\"elementor-widget-container\">\n<p><strong><span dir=\"auto\">Aktu\u00e1ln\u00ed zpr\u00e1va z Nizozemska. Jak\u00e1 je zde situace?<\/span><\/strong><\/p>\n<p><span dir=\"auto\">Obce po cel\u00e9m Nizozemsku nahrazuj\u00ed starom\u00f3dn\u00ed lampy tzv. chytr\u00fdmi sloupy ve\u0159ejn\u00e9ho osv\u011btlen\u00ed. M\u00edstn\u00ed samospr\u00e1vy tvrd\u00ed, \u017ee je to sou\u010d\u00e1st energetick\u00e9 transformace: Podle nizozemsk\u00e9 slu\u017eby pro podnik\u00e1n\u00ed (Rijksdienst voor Ondernemend Nederland) nov\u00e1 LED sv\u011btla sni\u017euj\u00ed spot\u0159ebu elekt\u0159iny o 60 a\u017e 80 procent a poskytuj\u00ed lep\u0161\u00ed sv\u011btlo. Co v\u00e1m obce ne\u0159\u00edkaj\u00ed, je to, \u017ee tyto \u201echytr\u00e9\u201c sloupy ve\u0159ejn\u00e9ho osv\u011btlen\u00ed mohou fungovat jako u\u0161i a o\u010di st\u00e1tu s hromadn\u00fdm dohledem.<\/span><\/p>\n<p><span dir=\"auto\">Woerden, Hoek van Holland, Nissewaard, Nuenen, Baarn, Oude Pekela, Deurne, Breda, Hellendoorn, Rotterdam a Deventer. Toto je jen mal\u00fd v\u00fdb\u011br nizozemsk\u00fdch m\u011bst, kde byly v posledn\u00edch dvou letech instalov\u00e1ny chytr\u00e9 lampy. Roosendaal, kter\u00fd se nach\u00e1z\u00ed v Brabantsku, tak\u00e9 spat\u0159uje nov\u00e9 sv\u011btlo od za\u010d\u00e1tku roku 2025. \u201eP\u0159echod 12 500 sv\u011btel na LED je \u00fakol, ale s vysokou n\u00e1vratnost\u00ed. Nov\u00e9 osv\u011btlen\u00ed vytv\u00e1\u0159\u00ed oboustrann\u011b v\u00fdhodnou situaci. LED osv\u011btlen\u00ed nejen\u017ee spot\u0159ebov\u00e1v\u00e1 m\u00e9n\u011b energie, ale chytr\u00e9 aplikace tak\u00e9 stm\u00edvaj\u00ed sv\u011btla, kdykoli je to mo\u017en\u00e9,\u201c nad\u0161en\u011b \u0159\u00edk\u00e1 na webov\u00fdch str\u00e1nk\u00e1ch obce radn\u00ed pro udr\u017eitelnost z GroenLinks Klaar Koenraad. \u201eTo zase \u0161et\u0159\u00ed dal\u0161\u00ed energii. T\u00edmto zp\u016fsobem i my jako obec d\u011bl\u00e1me krok k dosa\u017een\u00ed na\u0161ich ambic\u00ed v oblasti udr\u017eitelnosti.\u201c<\/span><\/p>\n<p><span dir=\"auto\">Roosendaal se o negativn\u00edch str\u00e1nk\u00e1ch t\u011bchto lamp nezmi\u0148uje. Chytr\u00e9 lampy mohou b\u00fdt vybaveny senzory, jako jsou GPS trackery, senzory teploty, rychlosti, plynu a vlhkosti, senzory a difuz\u00e9ry pachu a dokonce i miniaturn\u00edmi kamerami s biometrick\u00fdm rozpozn\u00e1v\u00e1n\u00edm. FME, podnikatelsk\u00e1 organizace pro technologick\u00fd pr\u016fmysl, a v\u00fdrobce lamp Sustainder naz\u00fdvaj\u00ed chytr\u00e9 lampy \u201eo\u010dima a u\u0161ima\u201c spole\u010dnosti budoucnosti, a to ne bezd\u016fvodn\u011b. Modern\u00ed software pro rozpozn\u00e1v\u00e1n\u00ed ch\u016fze ji\u017e dok\u00e1\u017ee rozpozn\u00e1vat lidi podle stylu ch\u016fze nebo dokonce podle kostn\u00ed struktury. Dodavatel lamp v Roosendaalu, spole\u010dnost InfraMarks, uv\u00e1d\u00ed, \u017ee \u00fa\u0159ad\u016fm poskytuje \u201ecenn\u00e9 informace o \u017eivotn\u00edm prost\u0159ed\u00ed\u201c prost\u0159ednictv\u00edm snadno pou\u017eiteln\u00e9 platformy pro spr\u00e1vu a r\u016fzn\u00fdch senzor\u016f.<\/span><\/p>\n<p><span dir=\"auto\">S ohledem na tuto informaci kritici varuj\u00ed, \u017ee pokud dovol\u00edme, aby tohle v\u0161echno pokra\u010dovalo, lampy budou slou\u017eit jako kontroln\u00ed n\u00e1stroj st\u00e1tu hromadn\u00e9ho sledov\u00e1n\u00ed, kter\u00fd se zav\u00e1d\u00ed p\u0159\u00edmo p\u0159ed na\u0161ima o\u010dima. Po cel\u00e9 zemi proto znepokojen\u00ed ob\u010dan\u00e9 st\u00e1le v\u00edce po\u017eaduj\u00ed transparentnost ohledn\u011b chytr\u00fdch sloup\u016f. V\u011bt\u0161ina m\u00e9di\u00ed a politik\u016f tyto obavy nebere v\u00e1\u017en\u011b. Omroep Brabant dokonce napsal, \u017ee brabantsk\u00e9 obce jsou zaplaveny \u017e\u00e1dostmi o nal\u00e9h\u00e1n\u00ed od \u201ekonspira\u010dn\u00edch teoretik\u016f\u201c. \u201eNejm\u00e9n\u011b devaten\u00e1ct obc\u00ed v Brabantu v posledn\u00edm obdob\u00ed obdr\u017eelo dotazy od konspira\u010dn\u00edch teoretik\u016f, kte\u0159\u00ed se domn\u00edvaj\u00ed, \u017ee v lamp\u00e1ch jsou um\u00edst\u011bny tajn\u00e9 vys\u00edla\u010de 5G.\u201c Omroep Brabant zjevn\u011b nech\u00e1pe, \u017ee Autoriteit Persoonsgegevens (AP), nez\u00e1visl\u00fd dozor\u010d\u00ed org\u00e1n v Nizozemsku, kter\u00fd se zasazuje o ochranu osobn\u00edch \u00fadaj\u016f, ve zpr\u00e1v\u011b z roku 2021 napsal, \u017ee \u201eexistuje riziko, \u017ee se sm\u011b\u0159ujeme ke spole\u010dnosti sledov\u00e1n\u00ed, v n\u00ed\u017e se \u010dlov\u011bk ji\u017e nem\u016f\u017ee voln\u011b pohybovat po ulici.\u201c<\/span><\/p>\n<p><span dir=\"auto\">Toto varov\u00e1n\u00ed je zcela na m\u00edst\u011b, poznamen\u00e1v\u00e1 akademi\u010dka, kter\u00e1 provedla v\u00fdzkum chytr\u00fdch lamp a loni na toto t\u00e9ma napsala kritickou pr\u00e1ci. P\u0159eje si z\u016fstat v anonymit\u011b, proto\u017ee otev\u0159en\u00e1 kritika nedemokratick\u00e9ho rozvoje \u201echytr\u00fdch m\u011bst\u201c s \u201echytr\u00fdmi lampami\u201c nen\u00ed v jej\u00edm oboru zdaleka v\u017edy v\u00edt\u00e1na. \u00da\u0159ady s t\u00edm jist\u011b experimentuj\u00ed ji\u017e v\u00edce ne\u017e deset let, ani\u017e by informovaly ve\u0159ejnost. V\u00fdzkumnice zmi\u0148uje projekt Stratumseind \u200b\u200b\u200b\u200bv Eindhovenu. Mezi lety 2013 a 2018 slou\u017eila nejdel\u0161\u00ed nizozemsk\u00e1 barov\u00e1 ulice dlouh\u00e1 250 metr\u016f jako \u017eiv\u00e1 laborato\u0159 \u2013 bez v\u011bdom\u00ed \u00fa\u010dastn\u00edk\u016f ve\u010d\u00edrku. Velk\u00e9 spole\u010dnosti jako Atos, IBM, Intel, Cisco a Philips ve spolupr\u00e1ci s obc\u00ed shroma\u017e\u010fovaly informace o \u00fa\u010dastn\u00edkech ve\u010d\u00edrku. Dav byl na d\u00e1lku monitorov\u00e1n pomoc\u00ed kamer a mikrofon\u016f instalovan\u00fdch v chytr\u00fdch lamp\u00e1ch. Oper\u00e1to\u0159i experimentovali s \u00fapravou jasu sv\u011btla, aby zjistili, zda to situaci eskaluje nebo deeskaluje. V\u011bdci vyslovili hypot\u00e9zu, \u017ee jasn\u00e9 sv\u011btlo lidem dod\u00e1v\u00e1 sebev\u011bdom\u00ed, m\u00e9n\u011b anonymn\u00ed pocit a stimuluje lep\u0161\u00ed seberegulaci. Pro behavior\u00e1ln\u00ed experimenty byly pou\u017eity r\u016fzn\u00e9 typy senzor\u016f: videokamery, zvukov\u00e9 senzory a kamery, sledov\u00e1n\u00ed Wi-Fi, technologie pro \u201eanal\u00fdzu sentimentu\u201c na soci\u00e1ln\u00edch s\u00edt\u00edch a dokonce i meteorologick\u00e1 stanice pro m\u011b\u0159en\u00ed vlhkosti a sr\u00e1\u017eek. V\u00fdzkumn\u00edci tajn\u011b zaznamen\u00e1vali, kolik lid\u00ed vstoupilo a vystoupilo do stratumseind \u200b\u200b\u200b\u200ba s jakou hustotou. Zaznamen\u00e1vali tak\u00e9 vzorce ch\u016fze lid\u00ed, \u00farove\u0148 stresu v jejich hlase, n\u00e1rodnost a m\u00edsto pobytu n\u00e1v\u0161t\u011bvn\u00edk\u016f na z\u00e1klad\u011b \u00fadaj\u016f o p\u0159edplatn\u00e9m chytr\u00fdch telefon\u016f z\u00edskan\u00fdch prost\u0159ednictv\u00edm Vodafonu a pr\u016fm\u011brnou hladinu hluku na ulici. Pomoc\u00ed tohoto typu dat byla provedena vazba na vliv kriminality v oblasti na z\u00e1klad\u011b policejn\u00edch \u00fadaj\u016f.<\/span><\/p>\n<p><span dir=\"auto\">Data byla pou\u017eita anonymn\u011b, co\u017e znamenalo, \u017ee v\u00fdzkumn\u00edci neporu\u0161ili legislativu GDPR. Podle v\u00fdzkumn\u00edka, kter\u00fd hovo\u0159il s De Andere Krant, se v\u0161ak skr\u00fdv\u00e1 tzv. \u201efunction creep\u201c \u2013 pou\u017e\u00edv\u00e1n\u00ed osobn\u00edch \u00fadaj\u016f, softwaru nebo zdroj\u016f k jin\u00fdm \u00fa\u010del\u016fm, ne\u017e k jak\u00fdm byly p\u016fvodn\u011b zam\u00fd\u0161leny. \u201eJe to p\u0159\u00edb\u011bh \u017e\u00e1by v hork\u00e9 vod\u011b. V ur\u010dit\u00e9m okam\u017eiku infrastruktura sel\u017ee. Kdy\u017e sel\u017ee, policie za\u010dne jednat. A ne\u017e se nad\u011bjete, tak i justice a obhajoba.\u201c<\/span><\/p>\n<p><span dir=\"auto\">Podle jej\u00edho n\u00e1zoru je velk\u00fdm \u00fakolem p\u0159esv\u011bd\u010dit obyvatele, \u017ee by m\u011bli b\u00fdt k tomuto typu obecn\u00edch pl\u00e1n\u016f pozorn\u011bj\u0161\u00ed. \u201eV\u011bt\u0161ina lid\u00ed v\u011b\u0159\u00ed PR historce, \u017ee chytr\u00e9 lampy \u0161et\u0159\u00ed energii. Souhlas\u00edm s t\u00edm, \u017ee \u0161et\u0159\u00ed energii. To je dobr\u00e9. Ale je to skute\u010dn\u00fd d\u016fvod? Je skute\u010dn\u011b energeticky \u00fasporn\u00e9 vym\u011bnit lampy, kter\u00e9 by mohly vydr\u017eet dal\u0161\u00edch patn\u00e1ct let? \u00daspora energie ve v\u00fd\u0161i 60 a\u017e 80 procent mi p\u0159ipad\u00e1 jako le\u017e: Je pravda, \u017ee LED diody \u0161et\u0159\u00ed energii, ale stejn\u011b tak je pravda, \u017ee chytr\u00e1 lampa je na \u00fakor soukrom\u00ed. Pokud je lampa n\u011bjakou dobu po instalaci napln\u011bna senzory, chytr\u00e1 lampa tak\u00e9 spot\u0159ebuje neuv\u011b\u0159iteln\u00e9\u00a0<\/span><em><span dir=\"auto\">mno\u017estv\u00ed<\/span><\/em><span dir=\"auto\"> energie. Zpracov\u00e1n\u00ed v\u0161ech t\u011bchto dat spot\u0159ebuje neuv\u011b\u0159iteln\u00e9 mno\u017estv\u00ed elekt\u0159iny. V tomto p\u0159\u00edpad\u011b jsou slibovan\u00e9 \u00faspory energie pry\u010d a u\u017e neplat\u00ed, \u017ee lampa \u0161et\u0159\u00ed energii. Lid\u00e9 by si tedy m\u011bli polo\u017eit ot\u00e1zku: Vzd\u00e1v\u00e1me se sv\u00e9ho soukrom\u00ed kv\u016fli pr\u00e1zdn\u00e9mu slibu? Etick\u00e1 debata o tomto t\u00e9matu je nal\u00e9hav\u011b nutn\u00e1, ale pak mus\u00ed lid\u00e9 tak\u00e9 pochopit, co se d\u011bje.\u201c<\/span><\/p>\n<p><strong><em><span dir=\"auto\">Ido Dijkstra<\/span><\/em><\/strong><\/p>\n<\/div>\n<\/div>\n<div class=\"elementor-element elementor-element-8c57238 quelle dc-has-condition dc-condition-empty elementor-widget elementor-widget-heading\" data-id=\"8c57238\" data-element_type=\"widget\" data-widget_type=\"heading.default\">\n<div class=\"elementor-widget-container\">\n<h3 class=\"elementor-heading-title elementor-size-default\"><span style=\"font-size: 10pt;\"><a href=\"https:\/\/deanderekrant.nl\/slimme-lantaarnpalen-de-oren-en-ogen-van-de-overheid\/\" target=\"_blank\" rel=\"nofollow noopener\"><span dir=\"auto\">Zdroj<\/span><\/a><\/span><\/h3>\n<p>&nbsp;<\/p>\n<\/div>\n<\/div>\n","protected":false},"excerpt":{"rendered":"<p>Aktu\u00e1ln\u00ed zpr\u00e1va z Nizozemska. Jak\u00e1 je zde situace? Obce po cel\u00e9m Nizozemsku nahrazuj\u00ed starom\u00f3dn\u00ed lampy&#8230;<\/p>\n","protected":false},"author":2,"featured_media":90031,"comment_status":"closed","ping_status":"closed","sticky":false,"template":"","format":"standard","meta":[],"categories":[7],"tags":[2320,9907,2284,99],"_links":{"self":[{"href":"https:\/\/www.infokuryr.cz\/n\/wp-json\/wp\/v2\/posts\/90030"}],"collection":[{"href":"https:\/\/www.infokuryr.cz\/n\/wp-json\/wp\/v2\/posts"}],"about":[{"href":"https:\/\/www.infokuryr.cz\/n\/wp-json\/wp\/v2\/types\/post"}],"author":[{"embeddable":true,"href":"https:\/\/www.infokuryr.cz\/n\/wp-json\/wp\/v2\/users\/2"}],"replies":[{"embeddable":true,"href":"https:\/\/www.infokuryr.cz\/n\/wp-json\/wp\/v2\/comments?post=90030"}],"version-history":[{"count":0,"href":"https:\/\/www.infokuryr.cz\/n\/wp-json\/wp\/v2\/posts\/90030\/revisions"}],"wp:featuredmedia":[{"embeddable":true,"href":"https:\/\/www.infokuryr.cz\/n\/wp-json\/wp\/v2\/media\/90031"}],"wp:attachment":[{"href":"https:\/\/www.infokuryr.cz\/n\/wp-json\/wp\/v2\/media?parent=90030"}],"wp:term":[{"taxonomy":"category","embeddable":true,"href":"https:\/\/www.infokuryr.cz\/n\/wp-json\/wp\/v2\/categories?post=90030"},{"taxonomy":"post_tag","embeddable":true,"href":"https:\/\/www.infokuryr.cz\/n\/wp-json\/wp\/v2\/tags?post=90030"}],"curies":[{"name":"wp","href":"https:\/\/api.w.org\/{rel}","templated":true}]}}