{"id":90016,"date":"2025-10-17T00:11:26","date_gmt":"2025-10-16T22:11:26","guid":{"rendered":"https:\/\/www.infokuryr.cz\/n\/?p=90016"},"modified":"2025-10-16T10:09:06","modified_gmt":"2025-10-16T08:09:06","slug":"ruskem-vedena-unie-euroasijskych-zemi-ktera-je-vytvorena-podle-vzoru-evropske-unie-posiluje-sve-vztahy-s-osn","status":"publish","type":"post","link":"https:\/\/www.infokuryr.cz\/n\/2025\/10\/17\/ruskem-vedena-unie-euroasijskych-zemi-ktera-je-vytvorena-podle-vzoru-evropske-unie-posiluje-sve-vztahy-s-osn\/","title":{"rendered":"Ruskem veden\u00e1 Unie euroasijsk\u00fdch zem\u00ed, kter\u00e1 je vytvo\u0159ena podle vzoru Evropsk\u00e9 unie, posiluje sv\u00e9 vztahy s OSN"},"content":{"rendered":"<div id=\"fb-root\"><\/div>\n<div class=\"elementor-element elementor-element-1fb4c2c elementor-widget elementor-widget-theme-post-content\" data-id=\"1fb4c2c\" data-element_type=\"widget\" data-widget_type=\"theme-post-content.default\">\n<div class=\"elementor-widget-container\" style=\"text-align: left;\">\n<p><strong><span dir=\"auto\">Na ned\u00e1vn\u00e9 akci Euroasijsk\u00e1 hospod\u00e1\u0159sk\u00e1 unie, veden\u00e1 Vladimirem Putinem a vytvo\u0159en\u00e1 podle vzoru Evropsk\u00e9 unie, prok\u00e1zala, \u017ee posiluje sv\u00e9 vazby s Organizac\u00ed spojen\u00fdch n\u00e1rod\u016f. Jde jen o jeden z mnoha region\u00e1ln\u00edch integra\u010dn\u00edch projekt\u016f po cel\u00e9m sv\u011bt\u011b, kter\u00e9 jsou inspirov\u00e1ny Evropskou uni\u00ed.<\/span><\/strong><\/p>\n<p><strong><span dir=\"auto\">Pro\u010d cht\u011bj\u00ed, aby se zem\u011b integrovaly, \u201esd\u00edlely suverenitu\u201c a nechaly se diktovat nevolen\u00fdm org\u00e1nem podobn\u00fdm Evropsk\u00e9 komisi?<\/span><\/strong><\/p>\n<p><strong><span dir=\"auto\">V 70. letech 20. stolet\u00ed zpr\u00e1va pro \u0158\u00edmsk\u00fd klub navrhla rozd\u011blen\u00ed sv\u011bta do deseti region\u016f. Mohla by b\u00fdt region\u00e1ln\u00ed integrace sou\u010d\u00e1st\u00ed dlouhodob\u00e9ho pl\u00e1nu na posun sv\u011bta sm\u011brem ke glob\u00e1ln\u00ed spr\u00e1v\u011b v\u011bc\u00ed ve\u0159ejn\u00fdch? A kam to povede?<\/span><\/strong><\/p>\n<h3><strong><span dir=\"auto\">Obsah<\/span><\/strong><\/h3>\n<ol>\n<li><span dir=\"auto\">Euroasijsk\u00e1 hospod\u00e1\u0159sk\u00e1 unie: Rusk\u00e1 Evropsk\u00e1 unie<\/span><\/li>\n<li><span dir=\"auto\">10 ekonomick\u00fdch region\u016f \u2013 \u201eLidstvo na zlomu\u201c<\/span><\/li>\n<li><span dir=\"auto\">Hranice se p\u0159ekresluj\u00ed, ale po\u010det region\u016f z\u016fst\u00e1v\u00e1 stejn\u00fd<\/span><\/li>\n<\/ol>\n<h3 class=\"wp-block-heading has-medium-font-size\"><strong><span dir=\"auto\">Euroasijsk\u00e1 hospod\u00e1\u0159sk\u00e1 unie: Rusk\u00e1 Evropsk\u00e1 unie<\/span><\/strong><\/h3>\n<p><span dir=\"auto\">Euroasijsk\u00e1 hospod\u00e1\u0159sk\u00e1 unie (\u201eEAEU\u201c) je integrovan\u00fd jednotn\u00fd trh p\u011bti postsov\u011btsk\u00fdch st\u00e1t\u016f. Podporuje voln\u00fd trh se zbo\u017e\u00edm, slu\u017ebami, kapit\u00e1lem a pracovn\u00ed silou mezi sv\u00fdmi \u010dlensk\u00fdmi st\u00e1ty: Ruskem, B\u011bloruskem, Kazachst\u00e1nem, Arm\u00e9ni\u00ed a Kyrgyzst\u00e1nem.<\/span><\/p>\n<p><span dir=\"auto\">Dne 2. \u0159\u00edjna oslavila EAEU sv\u00e9 10. v\u00fdro\u010d\u00ed v\u00fdznamnou akc\u00ed \u201eDny Euroasijsk\u00e9 hospod\u00e1\u0159sk\u00e9 unie (EAEU)\u201c v Pal\u00e1ci n\u00e1rod\u016f, evropsk\u00e9m s\u00eddle Organizace spojen\u00fdch n\u00e1rod\u016f (\u201eOSN\u201c) v \u017denev\u011b ve \u0160v\u00fdcarsku.<\/span><\/p>\n<p><span dir=\"auto\">A\u010dkoli ko\u0159eny EAEU sahaj\u00ed do Spole\u010denstv\u00ed nez\u00e1visl\u00fdch st\u00e1t\u016f, zalo\u017een\u00e9ho v roce 1991, v roce rozpadu Sov\u011btsk\u00e9ho svazu, Smlouva o EAEU byla form\u00e1ln\u011b podeps\u00e1na a\u017e v kv\u011btnu 2014. Rusko, B\u011blorusko a Kazachst\u00e1n byly zakl\u00e1daj\u00edc\u00edmi signat\u00e1\u0159i smlouvy, kter\u00e1 vstoupila v platnost v lednu 2015. Arm\u00e9nie a Kyrgyzst\u00e1n se k n\u00ed p\u0159ipojily pozd\u011bji t\u00e9ho\u017e roku.<\/span><\/p>\n<p><span dir=\"auto\">EAEU nem\u00e1 status \u010dlensk\u00e9ho st\u00e1tu OSN, a\u010dkoli je OSN monitorov\u00e1na a alespo\u0148 do ur\u010dit\u00e9 m\u00edry kontrolov\u00e1na. \u010ctvrte\u010dn\u00ed akce \u201eDny EAEU\u201c se konala v OSN, co\u017e nazna\u010duje, \u017ee se jednalo o akci iniciovanou OSN, do kter\u00e9 se aktivn\u011b zapojily organizace OSN. Tiskov\u00e1 zpr\u00e1va b\u011blorusk\u00e9ho ministerstva zahrani\u010d\u00ed uv\u00e1d\u00ed:<\/span><\/p>\n<p><em><span dir=\"auto\">Panelov\u00e9 diskuse \u201eRegion\u00e1ln\u00ed ekonomick\u00e1 integrace EAEU: Deset let v\u00fdsledk\u016f a perspektivy partnerstv\u00ed\u201c se z\u00fa\u010dastnili vedouc\u00ed p\u0159edstavitel\u00e9 Euroasijsk\u00e9 hospod\u00e1\u0159sk\u00e9 komise a diplomatick\u00fdch mis\u00ed p\u011bti euroasijsk\u00fdch st\u00e1t\u016f \u2013 Arm\u00e9nie, B\u011bloruska, Kazachst\u00e1nu, Kyrgyzst\u00e1nu a Ruska \u2013 a doplnily ji p\u0159\u00edsp\u011bvky vedouc\u00edch p\u0159edstavitel\u016f a expert\u016f p\u0159\u00edslu\u0161n\u00fdch mezin\u00e1rodn\u00edch organizac\u00ed, v\u010detn\u011b Evropsk\u00e9 hospod\u00e1\u0159sk\u00e9 komise OSN, Sv\u011btov\u00e9 obchodn\u00ed organizace, Konference OSN o obchodu a rozvoji, Mezin\u00e1rodn\u00ed organizace pro migraci, Mezin\u00e1rodn\u00ed organizace pr\u00e1ce a Sv\u011btov\u00e9 organizace du\u0161evn\u00edho vlastnictv\u00ed.<\/span><\/em><\/p>\n<p><em><span dir=\"auto\">Zah\u00e1jen\u00ed \u201eDn\u016f Euroasijsk\u00e9 hospod\u00e1\u0159sk\u00e9 unie (EAEU)\u201c se konalo<\/span><\/em><span dir=\"auto\">\u00a0v \u017denev\u011b, na Ministerstvu zahrani\u010dn\u00edch v\u011bc\u00ed B\u011blorusk\u00e9 republiky, 3. \u0159\u00edjna 2025.<\/span><\/p>\n<p><span dir=\"auto\">Pokud v\u00fd\u0161e uveden\u00e9 nen\u00ed dostate\u010dn\u011b p\u0159esv\u011bd\u010div\u00e9, st\u00e1l\u00fd z\u00e1stupce Ruska p\u0159i OSN uvedl:<\/span><\/p>\n<p><em><span dir=\"auto\">Dne\u0161n\u00ed setk\u00e1n\u00ed nejen demonstruje v\u00fdhody \u00fa\u010dasti v EAEU a jej\u00edho efektivn\u00edho integra\u010dn\u00edho modelu pro zemi, ale tak\u00e9 poskytuje vynikaj\u00edc\u00ed p\u0159\u00edle\u017eitost k diskusi o perspektiv\u00e1ch zintenzivn\u011bn\u00ed a prohlouben\u00ed spolupr\u00e1ce Unie s mezin\u00e1rodn\u00edmi organizacemi se s\u00eddlem v \u017denev\u011b.<\/span><\/em><\/p>\n<p><em><span dir=\"auto\">V sou\u010dasn\u00e9 dob\u011b jsou uzav\u0159eny dohody o spolupr\u00e1ci s Evropskou hospod\u00e1\u0159skou komis\u00ed OSN a Konferenc\u00ed OSN o obchodu a rozvoji (UNCTAD) a odpov\u00eddaj\u00edc\u00ed pl\u00e1ny spolupr\u00e1ce na obdob\u00ed 2024\u20132026 se \u00fasp\u011b\u0161n\u011b realizuj\u00ed.<\/span><\/em><\/p>\n<p><em><span dir=\"auto\">Projev velvyslance Gennadije Gatilova na panelov\u00e9 diskusi v r\u00e1mci \u201eDn\u016f EAEU\u201c v kancel\u00e1\u0159i OSN v \u017denev\u011b<\/span><\/em><span dir=\"auto\">\u00a0, St\u00e1l\u00e1 mise Rusk\u00e9 federace p\u0159i kancel\u00e1\u0159i OSN v \u017denev\u011b, 2. \u0159\u00edjna 2025<\/span><\/p>\n<p><span dir=\"auto\">C\u00edlem je vytvo\u0159it spole\u010dn\u00fd trh podobn\u00fd EU. M\u00e1 vlastn\u00ed instituce po vzoru EU, v\u010detn\u011b Euroasijsk\u00e9 hospod\u00e1\u0159sk\u00e9 komise v Moskv\u011b jako regula\u010dn\u00edho org\u00e1nu a Soudu Euroasijsk\u00e9 hospod\u00e1\u0159sk\u00e9 unie se s\u00eddlem v Minsku.<\/span><\/p>\n<p><span dir=\"auto\">\u201eTen druh technokratick\u00e9 infrastruktury a jednotn\u00e9ho trhu, kter\u00fd je z\u00e1kladem EU \u2013 a kter\u00fd se [EAEU] sna\u017eila napodobit \u2013 v\u0161ak st\u00e1le pln\u011b neexistuje,\u201c uv\u00e1d\u00ed Chatham House.<\/span><\/p>\n<p><span dir=\"auto\">Stru\u010dn\u011b \u0159e\u010deno, EAEU je vytvo\u0159ena podle vzoru EU, ale m\u00e1 p\u0159ed sebou je\u0161t\u011b dlouhou cestu. To je pl\u00e1n,\u00a0p\u0159ed kter\u00fdm David Skripa\u010d varoval v rozhovoru pro\u00a0<\/span><em><span dir=\"auto\">Geopolitics &amp; Empire p\u0159ed dv\u011bma lety.<\/span><\/em><\/p>\n<p><span dir=\"auto\">Pot\u00e9, co na p\u0159\u00edkladech uk\u00e1zal, \u017ee Vladimir Putin nepracuje proti globalistick\u00e9 agend\u011b, jak se n\u011bkte\u0159\u00ed domn\u00edvaj\u00ed, ale \u201ev souladu a stoprocentn\u011b v souladu s globalisty\u201c, Skirpac zm\u00ednil EAEU, kterou Putin propagoval. EAEU si podle n\u011bj bere EU za vzor.<\/span><\/p>\n<p><span dir=\"auto\">Hrvoje Mori\u0107how, moder\u00e1tor po\u0159adu \u201e\u00a0<\/span><em><span dir=\"auto\">Geopolitika a imp\u00e9rium<\/span><\/em><span dir=\"auto\">\u00a0\u201c, pouk\u00e1zal na to, \u017ee EAEU nen\u00ed jedin\u00fdm uni\u00ed zem\u00ed, kter\u00e9 si bere EU za vzor.<\/span><\/p>\n<p><span dir=\"auto\">Podle Mori\u0107howa v posledn\u00edch letech r\u016fzn\u00ed jihoameri\u010dt\u00ed politici volaj\u00ed po vytvo\u0159en\u00ed Unie jihoamerick\u00fdch n\u00e1rod\u016f (\u201eUSAN\u201c), n\u011bkdy ozna\u010dovan\u00e9 jako Jihoamerick\u00e1 unie, podle vzoru EU. Je samoz\u0159ejm\u00e9, \u017ee EU a sjednocen\u00ed kontinentu pod jednou vlajkou jsou globalisty pova\u017eov\u00e1ny za z\u00e1\u0159n\u00fd p\u0159\u00edklad nov\u00e9ho sv\u011btov\u00e9ho \u0159\u00e1du.<\/span><\/p>\n<p><span dir=\"auto\">Rada pro zahrani\u010dn\u00ed vztahy potvrzuje Mori\u0107howova prohl\u00e1\u0161en\u00ed. V roce 2010 Rada pro zahrani\u010dn\u00ed vztahy zve\u0159ejnila esej Frasera Camerona, kter\u00e1 hodnotila \u201eperspektivy Evropsk\u00e9 unie jako modelu pro region\u00e1ln\u00ed integra\u010dn\u00ed \u00fasil\u00ed po cel\u00e9m sv\u011bt\u011b\u201c. Cameron napsal:<\/span><\/p>\n<p><span dir=\"auto\">Z\u00e1kladn\u00ed my\u0161lenkou EU je ochota sd\u00edlet suverenitu a jednat prost\u0159ednictv\u00edm siln\u00fdch spole\u010dn\u00fdch instituc\u00ed.<\/span><\/p>\n<p><em><span dir=\"auto\">Mimo Evropu prob\u011bhlo n\u011bkolik pokus\u016f o dosa\u017een\u00ed region\u00e1ln\u00ed integrace \u2013 v\u010detn\u011b Sdru\u017een\u00ed n\u00e1rod\u016f jihov\u00fdchodn\u00ed Asie (ASEAN), Africk\u00e9 unie (AU), Rady pro spolupr\u00e1ci v Persk\u00e9m z\u00e1livu (GCC) a Mercosuru v Ji\u017en\u00ed Americe \u2013 ale v\u0161echny selhaly a nedos\u00e1hly ni\u010deho, co by se ani vzd\u00e1len\u011b bl\u00ed\u017eilo pokroku dosa\u017een\u00e9mu EU.<\/span><\/em><\/p>\n<p><em><span dir=\"auto\">ASEAN je z t\u011bchto iniciativ nejpokro\u010dilej\u0161\u00ed a pravideln\u011b vys\u00edl\u00e1 delegace do Bruselu, aby se inspirovaly zku\u0161enostmi EU. ASEAN v\u0161ak z\u016fst\u00e1v\u00e1 \u010dist\u011b mezivl\u00e1dn\u00ed organizac\u00ed, kter\u00e1 neprojevuje \u017e\u00e1dn\u00fd z\u00e1jem o sd\u00edlen\u00ed suverenity. Situace je podobn\u00e1 i jinde: \u017e\u00e1dn\u00e1 jin\u00e1 region\u00e1ln\u00ed organizace se ani zdaleka nebl\u00ed\u017e\u00ed EU, pokud jde o politickou nebo hospod\u00e1\u0159skou spolupr\u00e1ci, nato\u017e pak integraci.<\/span><\/em><\/p>\n<p><em><span dir=\"auto\">V Asii, Africe, na Bl\u00edzk\u00e9m v\u00fdchod\u011b a v Ji\u017en\u00ed a St\u0159edn\u00ed Americe se objevilo nespo\u010det prohl\u00e1\u0161en\u00ed skupin o vhodnosti u\u017e\u0161\u00ed spolupr\u00e1ce a dokonce integrace, ale historie ukazuje, \u017ee slova nebyla n\u00e1sledov\u00e1na \u010dinmi.<\/span><\/em><\/p>\n<p><em><span dir=\"auto\">Evropsk\u00e1 unie jako model region\u00e1ln\u00ed integrace,<\/span><\/em><span dir=\"auto\">\u00a0Fraser Cameron, Rada pro zahrani\u010dn\u00ed vztahy, z\u00e1\u0159\u00ed 2010<\/span><\/p>\n<p><span dir=\"auto\">Term\u00edn \u201esd\u00edlen\u00e1 suverenita\u201c zn\u00ed jako jin\u00fd n\u00e1zev pro \u201eregion\u00e1ln\u00ed spr\u00e1vu v\u011bc\u00ed ve\u0159ejn\u00fdch\u201c. Cameron konkr\u00e9tn\u011b nevysv\u011btluje, pro\u010d je region\u00e1ln\u00ed integrace nebo \u201esd\u00edlen\u00e1 suverenita\u201c nezbytn\u00e1.<\/span><\/p>\n<p><span dir=\"auto\">Sv\u011btov\u00e1 banka uv\u00e1d\u00ed: \u201eRegion\u00e1ln\u00ed integrace pom\u00e1h\u00e1 zem\u00edm p\u0159ekonat rozd\u00edly, kter\u00e9 br\u00e1n\u00ed toku zbo\u017e\u00ed, slu\u017eeb, kapit\u00e1lu, lid\u00ed a my\u0161lenek.\u201c Zd\u00e1 se, \u017ee Sv\u011btov\u00e1 banka nab\u00edz\u00ed v\u00edce v\u00fdmluv ne\u017e d\u016fvod\u016f. Dosa\u017een\u00ed toho, co Sv\u011btov\u00e1 banka tvrd\u00ed, vy\u017eaduje pouze spolupr\u00e1ci, nikoli region\u00e1ln\u00ed spr\u00e1vu, v n\u00ed\u017e se zem\u011b vzd\u00e1vaj\u00ed sv\u00e9 suverenity nevolen\u00e9mu org\u00e1nu podle vzoru Evropsk\u00e9 komise.<\/span><\/p>\n<p><span dir=\"auto\">Nicm\u00e9n\u011b v roce 2017 se Skupina Sv\u011btov\u00e9 banky zapojila do 130 projekt\u016f zam\u011b\u0159en\u00fdch na region\u00e1ln\u00ed integraci.<\/span><\/p>\n<figure class=\"wp-block-image aligncenter size-large\"><img decoding=\"async\" loading=\"lazy\" class=\"aligncenter\" src=\"https:\/\/expose-news.com\/wp-content\/uploads\/2025\/10\/image-3.png\" alt=\"\" width=\"466\" height=\"578\" \/><figcaption class=\"wp-element-caption\"><em><span dir=\"auto\">Region\u00e1ln\u00ed integrace Skupina Sv\u011btov\u00e9 banky<\/span><\/em><\/figcaption><\/figure>\n<p><span dir=\"auto\">Kniha z roku 2011 s n\u00e1zvem \u201e Region\u00e1ln\u00ed\u00a0<\/span><em><span dir=\"auto\">integrace<\/span><\/em><span dir=\"auto\">\u00a0, ekonomick\u00fd rozvoj a glob\u00e1ln\u00ed spr\u00e1va v\u011bc\u00ed ve\u0159ejn\u00fdch\u201c, kter\u00e1 uv\u00e1d\u00ed dlouh\u00fd seznam p\u0159isp\u011bvatel\u016f, v\u010detn\u011b zam\u011bstnanc\u016f Sv\u011btov\u00e9 banky a OSN, je ohledn\u011b d\u016fvod\u016f region\u00e1ln\u00ed integrace up\u0159\u00edmn\u011bj\u0161\u00ed ne\u017e Sv\u011btov\u00e1 banka. V knize se uv\u00e1d\u00ed:<\/span><\/p>\n<p><em><span dir=\"auto\">Tato kniha se zab\u00fdv\u00e1 \u00fast\u0159edn\u00edm probl\u00e9mem dne\u0161n\u00ed glob\u00e1ln\u00ed ekonomiky: rol\u00ed region\u00e1ln\u00ed integrace pro hospod\u00e1\u0159sk\u00fd rozvoj a glob\u00e1ln\u00ed spr\u00e1vu v\u011bc\u00ed ve\u0159ejn\u00fdch.<\/span><\/em><\/p>\n<p><em><span dir=\"auto\">Zaj\u00edmavou ot\u00e1zkou, zkoumanou v \u010d\u00e1sti II a tak\u00e9 v posledn\u00edch dvou \u010d\u00e1stech t\u00e9to knihy, je, zda region\u00e1ln\u00ed integrace podporuje, nebo br\u00e1n\u00ed rozvoji lep\u0161\u00edch struktur glob\u00e1ln\u00ed spr\u00e1vy.<\/span><\/em><\/p>\n<p><span dir=\"auto\">Region\u00e1ln\u00ed integrace je ve skute\u010dnosti o glob\u00e1ln\u00ed spr\u00e1v\u011b v\u011bc\u00ed ve\u0159ejn\u00fdch.<\/span><\/p>\n<h3 class=\"wp-block-heading has-medium-font-size\"><strong><span dir=\"auto\">10 ekonomick\u00fdch region\u016f \u2013 \u201eLidstvo na zlomu\u201c<\/span><\/strong><\/h3>\n<p><span dir=\"auto\">V roce 1975 zve\u0159ejnil \u0158\u00edmsk\u00fd klub zpr\u00e1vu s n\u00e1zvem \u201eLidstvo v bod\u011b zlomu: Druh\u00e1 zpr\u00e1va \u0158\u00edmsk\u00e9mu klubu\u201c.<\/span><\/p>\n<p><span dir=\"auto\">\u201eTato zpr\u00e1va prokazuje, \u017ee vytvo\u0159en\u00ed \u201aorganick\u00e9\u2018 nebo skute\u010dn\u011b vz\u00e1jemn\u011b z\u00e1visl\u00e9 spole\u010dnosti je jedin\u00fd zp\u016fsob, jak zachr\u00e1nit sv\u011bt p\u0159ed jeho t\u00e9m\u011b\u0159 ohromuj\u00edc\u00edmi glob\u00e1ln\u00edmi probl\u00e9my,\u201c vysv\u011btluje \u0158\u00edmsk\u00fd klub.<\/span><\/p>\n<p><span dir=\"auto\">Term\u00edn \u201eglob\u00e1ln\u00ed problematika\u201c zavedl \u0158\u00edmsk\u00fd klub v 70. letech 20. stolet\u00ed k popisu komplexn\u00edho souboru \u201ez\u00e1sadn\u00edch\u201c probl\u00e9m\u016f \u2013 politick\u00fdch, soci\u00e1ln\u00edch, ekonomick\u00fdch, technologick\u00fdch, ekologick\u00fdch, psychologick\u00fdch a kulturn\u00edch \u2013 kter\u00fdm lidstvo \u010del\u00ed a kter\u00e9 mus\u00ed \u0159e\u0161it. Ve sv\u00e9 zpr\u00e1v\u011b z roku 1991 \u201e\u00a0<\/span><em><span dir=\"auto\">Prvn\u00ed glob\u00e1ln\u00ed revoluce<\/span><\/em><span dir=\"auto\">\u00a0\u201c \u0158\u00edmsk\u00fd klub popisuje \u201eproblematickou\u201c situaci jako \u201emasivn\u00ed a matouc\u00ed sm\u011bs vz\u00e1jemn\u011b propojen\u00fdch a souvisej\u00edc\u00edch obt\u00ed\u017e\u00ed a probl\u00e9m\u016f, kter\u00e9 tvo\u0159\u00ed t\u00ed\u017eivou situaci lidstva\u201c.<\/span><\/p>\n<p><span dir=\"auto\">\u0158\u00edmsk\u00fd klub se touto ot\u00e1zkou poprv\u00e9 zab\u00fdval ve sv\u00e9\u00a0zpr\u00e1v\u011b z roku 1972 s\u00a0<\/span><em><span dir=\"auto\">n\u00e1zvem Meze r\u016fstu, kter\u00e1 zkoumala interakce mezi populac\u00ed, zem\u011bd\u011blskou produkc\u00ed, vy\u010derp\u00e1v\u00e1n\u00edm neobnoviteln\u00fdch zdroj\u016f, pr\u016fmyslovou produkc\u00ed a zne\u010di\u0161t\u011bn\u00edm jako faktory omezuj\u00edc\u00ed r\u016fst planety.<\/span><\/em><\/p>\n<p><span dir=\"auto\">\u201eProblematika\u201c zahrnuje ot\u00e1zky, jako je zm\u011bna klimatu, \u00fabytek biodiverzity, vy\u010derp\u00e1v\u00e1n\u00ed zdroj\u016f, zhor\u0161ov\u00e1n\u00ed \u017eivotn\u00edho prost\u0159ed\u00ed a rizika spojen\u00e1 s nov\u00fdmi technologiemi a nedostate\u010dnou glob\u00e1ln\u00ed spr\u00e1vou v\u011bc\u00ed ve\u0159ejn\u00fdch. Tento koncept se pou\u017e\u00edv\u00e1 ke strukturov\u00e1n\u00ed diskus\u00ed o glob\u00e1ln\u00ed udr\u017eitelnosti a pot\u0159eb\u011b syst\u00e9mov\u00e9ho my\u0161len\u00ed k \u0159e\u0161en\u00ed t\u011bchto v\u00fdzev. Jin\u00fdmi slovy, k \u0159e\u0161en\u00ed vn\u00edman\u00fdch glob\u00e1ln\u00edch probl\u00e9m\u016f je zapot\u0159eb\u00ed jednotn\u00e1 sv\u011btov\u00e1 vl\u00e1da.<\/span><\/p>\n<p><span dir=\"auto\">Zpr\u00e1va \u201e\u00a0<\/span><em><span dir=\"auto\">Lidstvo v bod\u011b obratu<\/span><\/em><span dir=\"auto\">\u00a0\u201c zavedla term\u00edn \u201esv\u011btov\u00e1 resolutique\u201c, kter\u00fd popsala jako \u201esouvisl\u00fd, komplexn\u00ed a simult\u00e1nn\u00ed \u00fatok s c\u00edlem \u0159e\u0161it co nejv\u00edce r\u016fzn\u00fdch prvk\u016f probl\u00e9mu\u201c.<\/span><\/p>\n<p><span dir=\"auto\">Jak by m\u011blo b\u00fdt dosa\u017eeno \u201esv\u011btov\u00e9 resolutique\u201c? Jak\u00a0zd\u016fraznila\u00a0<\/span><em><span dir=\"auto\">Encyklopedie sv\u011btov\u00fdch probl\u00e9m\u016f :<\/span><\/em><\/p>\n<p><em><span dir=\"auto\">Zpr\u00e1va zd\u016fraz\u0148uje, \u017ee \u201en\u00e1\u0161 c\u00edl mus\u00ed b\u00fdt v podstat\u011b normativn\u00ed: mus\u00edme si p\u0159edstavit sv\u011bt, ve kter\u00e9m chceme \u017e\u00edt, zhodnotit materi\u00e1ln\u00ed, lidsk\u00e9 a mor\u00e1ln\u00ed zdroje, aby byla na\u0161e vize realistick\u00e1 a udr\u017eiteln\u00e1, a pot\u00e9 mobilizovat lidskou energii a politickou v\u016fli k vytvo\u0159en\u00ed nov\u00e9 glob\u00e1ln\u00ed spole\u010dnosti\u201c (str. xxiii). Vyz\u00fdv\u00e1 k \u201evytvo\u0159en\u00ed celosv\u011btov\u00e9 solidarity\u201c (str. xxv) a \u201ep\u0159etvo\u0159en\u00ed sv\u011btov\u00e9 spole\u010dnosti\u201c (str. xxvi) prost\u0159ednictv\u00edm \u201ekoordinovan\u00e9 glob\u00e1ln\u00ed strategie\u201c (str. 72).<\/span><\/em><\/p>\n<p><em><span dir=\"auto\">Encyklopedie sv\u011btov\u00fdch probl\u00e9m\u016f \u2013 archivovan\u00e9 informace<\/span><\/em><span dir=\"auto\">\u00a0, Unie mezin\u00e1rodn\u00edch asociac\u00ed<\/span><\/p>\n<p><span dir=\"auto\">Stru\u010dn\u011b \u0159e\u010deno: glob\u00e1ln\u00ed spr\u00e1va v\u011bc\u00ed ve\u0159ejn\u00fdch pod jednou sv\u011btovou vl\u00e1dou.<\/span><\/p>\n<p><span dir=\"auto\">Zpr\u00e1va \u201e\u00a0<\/span><em><span dir=\"auto\">Lidstvo na p\u0159elomu<\/span><\/em><span dir=\"auto\">\u00a0\u201c obsahuje mapu sv\u011bta s n\u00e1zvem \u201eRegionalizace sv\u011btov\u00e9ho syst\u00e9mu\u201c, kter\u00e1 rozd\u011bluje sv\u011bt do deseti region\u016f (viz n\u00ed\u017ee).<\/span><\/p>\n<p><span dir=\"auto\">V p\u0159\u00edloze II jsou v r\u00e1mci \u201eRegionu 5: V\u00fdchodn\u00ed Evropa\u201c uvedeny tyto zem\u011b: Alb\u00e1nie, Bulharsko, \u010ceskoslovensko, N\u011bmeck\u00e1 demokratick\u00e1 republika, Ma\u010farsko, Polsko, Rumunsko a Sov\u011btsk\u00fd svaz.<\/span><\/p>\n<figure class=\"wp-block-image aligncenter size-large\"><img decoding=\"async\" loading=\"lazy\" class=\"aligncenter\" src=\"https:\/\/expose-news.com\/wp-content\/uploads\/2025\/10\/image-4.png\" alt=\"\" width=\"754\" height=\"476\" \/><figcaption class=\"wp-element-caption\"><em><span dir=\"auto\">Lidstvo v bod\u011b zlomu Druh\u00e1 zpr\u00e1va \u0158\u00edmsk\u00e9mu klubu Mihajlo Mesarovi\u0107 a Eduard Pestel 1974, s. 38<\/span><\/em><\/figcaption><\/figure>\n<p><span dir=\"auto\">Ve\u0159ejn\u00e9 kopie knihy \u201e\u00a0<\/span><em><span dir=\"auto\">Lidstvo na zlomu<\/span><\/em><span dir=\"auto\">\u00a0\u201c se t\u011b\u017eko sh\u00e1n\u011bj\u00ed, proto jsme\u00a0jednu kopii p\u0159idali\u00a0<\/span><a href=\"https:\/\/expose-news.com\/wp-content\/uploads\/2025\/10\/mankind-at-the-turning-point-the-second-report-to-the-club.pdf\" target=\"_blank\" rel=\"noreferrer noopener\" data-type=\"link\" data-id=\"https:\/\/expose-news.com\/wp-content\/uploads\/2025\/10\/mankind-at-the-turning-point-the-second-report-to-the-club.pdf\"><span dir=\"auto\">zde .<\/span><\/a><\/p>\n<h3 class=\"wp-block-heading has-medium-font-size\"><strong><span dir=\"auto\">Hranice byly p\u0159ekresleny, ale po\u010det region\u016f z\u016fst\u00e1v\u00e1 nezm\u011bn\u011bn<\/span><\/strong><\/h3>\n<p><span dir=\"auto\">N\u011bkter\u00e9 zem\u011b navr\u017een\u00e9 na region\u00e1ln\u00ed map\u011b v\u00fdchodn\u00ed Evropy \u0158\u00edmsk\u00e9ho klubu ji\u017e neexistuj\u00ed, zat\u00edmco jin\u00e9 se rozd\u011blily na dva nebo v\u00edce st\u00e1t\u016f. A n\u011bkter\u00e9 z nich byly od t\u00e9 doby p\u0159ijaty do EU.<\/span><\/p>\n<p><span dir=\"auto\">Bulharsko, \u010ceskoslovensko (kter\u00e9 se od roku 1993 skl\u00e1d\u00e1 z \u010cesk\u00e9 republiky a Slovenska), N\u011bmeck\u00e1 demokratick\u00e1 republika (nebo V\u00fdchodn\u00ed N\u011bmecko, kter\u00e9 bylo znovu sjednoceno se Z\u00e1padn\u00edm N\u011bmeckem v roce 1990), Ma\u010farsko, Polsko a Rumunsko (star\u0161\u00ed anglick\u00fd pravopis Rumunska) jsou dnes \u010dleny Evropsk\u00e9 unie.<\/span><\/p>\n<p><span dir=\"auto\">V roce 1958 zalo\u017eilo Z\u00e1padn\u00ed N\u011bmecko spolu s p\u011bti dal\u0161\u00edmi evropsk\u00fdmi zem\u011bmi p\u0159edch\u016fdce Evropsk\u00e9 unie (\u201eEU\u201c), Evropsk\u00e9 hospod\u00e1\u0159sk\u00e9 spole\u010denstv\u00ed (\u201eEHS\u201c). Po znovusjednocen\u00ed v\u00fdchodn\u00edho a z\u00e1padn\u00edho N\u011bmecka se N\u011bmecko stalo jedin\u00fdm \u010dlensk\u00fdm st\u00e1tem EHS. \u010cesk\u00e1 republika, Ma\u010farsko, Polsko a Slovensko vstoupily do EU v roce 2004 a Bulharsko a Rumunsko v roce 2007.<\/span><\/p>\n<p><span dir=\"auto\">V roce 2013, pot\u00e9, co se tyto dal\u0161\u00ed zem\u011b p\u0159ipojily k EU, Evropsk\u00e1 komise (\u201eEK\u201c) zve\u0159ejnila mapu sv\u011bta s 10 skupinami st\u00e1t\u016f, 10 regiony, jako ilustraci shrnuj\u00edc\u00ed partnerstv\u00ed, kter\u00e1 EU budovala se sv\u00fdmi partnery v jin\u00fdch regionech.<\/span><\/p>\n<p><span dir=\"auto\">Regiony na map\u011b Evropsk\u00e9 komise (viz n\u00ed\u017ee) jsou podobn\u00e9 t\u011bm, kter\u00e9 navrhl \u0158\u00edmsk\u00fd klub p\u0159ed 40 lety, ale nejsou identick\u00e9. Kniha The\u00a0<\/span><em><span dir=\"auto\">End Times Truth (Pravda o konci sv\u011bta)<\/span><\/em><span dir=\"auto\">\u00a0nazna\u010dovala, \u017ee rozd\u00edl je zp\u016fsoben zm\u011bnami ve sv\u011bt\u011b b\u011bhem tohoto obdob\u00ed.<\/span><\/p>\n<p><span dir=\"auto\">\u201ePrvn\u00ed mapu s rozd\u011blen\u00edm do 10 region\u016f vytvo\u0159il \u0158\u00edmsk\u00fd klub ve sv\u00e9\u00a0zpr\u00e1v\u011b z roku 1973 \u201aRegionalizovan\u00fd a adaptivn\u00ed model glob\u00e1ln\u00edho sv\u011btov\u00e9ho syst\u00e9mu\u2018\u00a0<\/span><em><span dir=\"auto\">[\u00a0<\/span><\/em><sup><span dir=\"auto\">1]<\/span><\/sup><span dir=\"auto\">\u00a0a mapa ES se od tohoto rozd\u011blen\u00ed, kter\u00e9 vych\u00e1z\u00ed ze zm\u011bn b\u011bhem n\u011bkolika desetilet\u00ed hospod\u00e1\u0159sk\u00e9ho r\u016fstu, odchyluje jen nepatrn\u011b,\u201c uvedly noviny.<\/span><\/p>\n<p><sup><span dir=\"auto\">[1]<\/span><\/sup><span dir=\"auto\">\u00a0Pozn\u00e1mka:\u00a0<\/span><em><span dir=\"auto\">Podle Projektu modern\u00ed historie<\/span><\/em><span dir=\"auto\">\u00a0zah\u00e1jil \u0158\u00edmsk\u00fd klub projekt \u201eStrategie pro p\u0159e\u017eit\u00ed\u201c, aby se zab\u00fdval propojen\u00fdmi glob\u00e1ln\u00edmi krizemi zn\u00e1m\u00fdmi jako \u201eSv\u011btov\u00fd probl\u00e9m\u201c, jeho\u017e c\u00edlem bylo vyvinout regionalizovan\u00fd a adaptivn\u00ed model glob\u00e1ln\u00edho sv\u011btov\u00e9ho syst\u00e9mu, kter\u00fd by slou\u017eil jako vod\u00edtko pro dlouhodob\u00e9 pl\u00e1nov\u00e1n\u00ed a \u0159e\u0161en\u00ed konflikt\u016f. Kl\u00ed\u010dov\u00fdm v\u00fdstupem projektu byl \u201eRegionalizovan\u00fd a adaptivn\u00ed model glob\u00e1ln\u00edho sv\u011btov\u00e9ho syst\u00e9mu\u201c, publikovan\u00fd 17. z\u00e1\u0159\u00ed 1973 Mihajlem Mesarovi\u0107em a Eduardem Pestelem. Stejn\u00fd pl\u00e1n byl publikov\u00e1n v publikaci \u201e\u00a0<\/span><em><span dir=\"auto\">Lidstvo v bod\u011b obratu<\/span><\/em><span dir=\"auto\">\u00a0\u201c.<\/span><\/p>\n<figure class=\"wp-block-image aligncenter size-large\"><img decoding=\"async\" loading=\"lazy\" class=\"aligncenter\" src=\"https:\/\/expose-news.com\/wp-content\/uploads\/2025\/10\/image-5.png\" alt=\"\" width=\"870\" height=\"407\" \/><figcaption class=\"wp-element-caption\"><em><span dir=\"auto\">Mapa sv\u011bta Ekonomika a finance Evropsk\u00e1 komise 21. listopadu 2013<\/span><\/em><\/figcaption><\/figure>\n<p><span dir=\"auto\">Evropsk\u00e1 komise poskytla dal\u0161\u00ed podrobnosti o regionu \u201ev\u00fdchodn\u00ed Evropa, Kavkaz a St\u0159edn\u00ed Asie\u201c (na obr\u00e1zku v\u00fd\u0161e je zn\u00e1zorn\u011bn sv\u011btle modrou barvou):<\/span><\/p>\n<p><em><span dir=\"auto\">Dvan\u00e1ct nov\u011b nez\u00e1visl\u00fdch st\u00e1t\u016f (NIS) v\u00fdchodn\u00ed Evropy, Kavkazu a St\u0159edn\u00ed Asie, kter\u00e9 byly do roku 1991 sou\u010d\u00e1st\u00ed Sov\u011btsk\u00e9ho svazu, je \u010dleny SNS \u2013 Spole\u010denstv\u00ed nez\u00e1visl\u00fdch st\u00e1t\u016f.<\/span><\/em><\/p>\n<p><em><span dir=\"auto\">Tato skupina zem\u00ed zahrnuje Rusko, t\u0159i dal\u0161\u00ed zem\u011b v\u00fdchodn\u00ed Evropy, naz\u00fdvan\u00e9 tak\u00e9 z\u00e1padn\u00ed NIS (B\u011blorusko, Moldavsko a Ukrajina), t\u0159i kavkazsk\u00e9 zem\u011b (Arm\u00e9nie, \u00c1zerb\u00e1jd\u017e\u00e1n a Gruzie) a p\u011bt zem\u00ed St\u0159edn\u00ed Asie (Kazachst\u00e1n, Kyrgyzst\u00e1n, T\u00e1d\u017eikist\u00e1n, Turkmenist\u00e1n a Uzbekist\u00e1n).<\/span><\/em><\/p>\n<p><em><span dir=\"auto\">V\u00fdchodn\u00ed Evropa, Kavkaz a St\u0159edn\u00ed Asie<\/span><\/em><span dir=\"auto\">\u00a0, Ekonomika a finance, Evropsk\u00e1 komise, 21. listopadu 2013<\/span><\/p>\n<p><span dir=\"auto\">Pokud by se takov\u00e1 region\u00e1ln\u00ed mapa na webov\u00fdch str\u00e1nk\u00e1ch EU udr\u017eovala dnes, mohla by se v nadch\u00e1zej\u00edc\u00edch letech zm\u011bnit, jeliko\u017e Moldavsko, Ukrajina a Gruzie z\u00edskaly od EU v letech 2022 a 2023 status kandid\u00e1tsk\u00e9 zem\u011b, co\u017e je podle blogu Evropsk\u00e9ho konsorcia pro politick\u00fd v\u00fdzkum \u201e\u00a0<\/span><em><span dir=\"auto\">The Loop<\/span><\/em><span dir=\"auto\">\u00a0\u201c zp\u016fsobeno \u201erychlou kandidaturou\u201c \u201ezem\u00ed, kter\u00e9 byly kdysi pova\u017eov\u00e1ny za okrajov\u00e9 v procesu roz\u0161i\u0159ov\u00e1n\u00ed [EU]\u201c.<\/span><\/p>\n<p><span dir=\"auto\">Bez ohledu na to, kde jsou tyto region\u00e1ln\u00ed hranice vyty\u010deny, zd\u00e1 se, \u017ee existuje konzistentn\u00ed ideologie seskupov\u00e1n\u00ed zem\u00ed do 10 region\u00e1ln\u00edch spr\u00e1v. P\u0159edstava, \u017ee sv\u011bt je rozd\u011blen do 10 region\u016f, p\u0159ipom\u00edn\u00e1 biblick\u00e1 proroctv\u00ed.<\/span><\/p>\n<p><span dir=\"auto\">Deset roh\u016f \u0161elmy zm\u00edn\u011bn\u00fdch ve Zjeven\u00ed 17 p\u0159edstavuje deset kr\u00e1l\u016f. Tito kr\u00e1lov\u00e9 jsou pops\u00e1ni s jedin\u00fdm c\u00edlem: p\u0159edat svou moc a autoritu \u0161elm\u011b, Antikristovi.<\/span><\/p>\n<p><em><span dir=\"auto\">\u201ePoj\u010f, uk\u00e1\u017eu ti soud t\u00e9 velk\u00e9 nev\u011bstky, kter\u00e1 sed\u00ed na mnoh\u00fdch vod\u00e1ch\u2026 Vid\u011bl jsem \u017eenu sed\u00edc\u00ed na \u0161arlatov\u00e9 \u0161elm\u011b pln\u00e9 rouhav\u00fdch jmen, kter\u00e1 m\u011bla sedm hlav a deset roh\u016f.\u201c \u2013 Zjeven\u00ed 17:1,3<\/span><\/em><\/p>\n<p><em><span dir=\"auto\">\u201eSedm hlav je sedm hor, na kter\u00fdch sed\u00ed \u017eena. Je tam tak\u00e9 sedm kr\u00e1l\u016f. P\u011bt jich padlo, jeden je zde a druh\u00fd je\u0161t\u011b nep\u0159i\u0161el.\u201c \u2013 Zjeven\u00ed 17:9-10<\/span><\/em><\/p>\n<p><em><span dir=\"auto\">\u201eDeset roh\u016f, kter\u00e9 jsi vid\u011bl, je deset kr\u00e1l\u016f, kte\u0159\u00ed je\u0161t\u011b nep\u0159ijali kr\u00e1lovstv\u00ed, ale dostali moc kralovat s \u0161elmou jednu hodinu. Jsou jednoho sm\u00fd\u0161len\u00ed a d\u00e1vaj\u00ed svou moc a autoritu \u0161elm\u011b.\u201c \u2013 Zjeven\u00ed 17:12-13<\/span><\/em><\/p>\n<p><em><span dir=\"auto\">\u201eVody, kter\u00e9 jsi vid\u011bl, kde sed\u00ed ta nev\u011bstka, jsou lid\u00e9, z\u00e1stupy, n\u00e1rody a jazyky. A deset roh\u016f, kter\u00e9 jsi vid\u011bl na \u0161elm\u011b, tu nev\u011bstku nen\u00e1vid\u00ed, zpusto\u0161\u00ed ji a obna\u017e\u00ed, sn\u011bd\u00ed jej\u00ed t\u011blo a sp\u00e1l\u00ed ji ohn\u011bm&#8230; A \u017eena, kterou jsi vid\u011bl, je to velk\u00e9 m\u011bsto, kter\u00e9 vl\u00e1dne nad kr\u00e1li zem\u011b.\u201c \u2013 Zjeven\u00ed 12:15-16,18<\/span><\/em><\/p>\n<p><em><span dir=\"auto\">Zjeven\u00ed 17<\/span><\/em><span dir=\"auto\">\u00a0, Bible Hub<\/span><\/p>\n<p><span dir=\"auto\">Existuj\u00ed r\u016fzn\u00e9 interpretace toho, kter\u00e9 \u201evelk\u00e9 m\u011bsto\u201c je m\u00edn\u011bno ve Zjeven\u00ed 17. Ale bez ohledu na to, o jak\u00e9 m\u011bsto se jedn\u00e1, bez ohledu na to, kde se nach\u00e1z\u00ed jeho centrum moci, jednu v\u011bc m\u016f\u017eeme s jistotou \u0159\u00edci: Bude to zl\u00fd glob\u00e1ln\u00ed syst\u00e9m, dikt\u00e1torsk\u00fd syst\u00e9m jednoho sv\u011bta.<\/span><del><span dir=\"auto\">Vl\u00e1da,<\/span><\/del><span dir=\"auto\">kter\u00fd vl\u00e1dne v\u0161em n\u00e1rod\u016fm sv\u00fdm bezbo\u017en\u00fdm n\u00e1bo\u017eensk\u00fdm syst\u00e9mem.<\/span><\/p>\n<p><strong><em><span dir=\"auto\">Od Rhody Wilsonov\u00e9<\/span><\/em><\/strong><\/p>\n<\/div>\n<\/div>\n<div class=\"elementor-element elementor-element-8c57238 quelle dc-has-condition dc-condition-empty elementor-widget elementor-widget-heading\" data-id=\"8c57238\" data-element_type=\"widget\" data-widget_type=\"heading.default\">\n<div class=\"elementor-widget-container\">\n<h3 class=\"elementor-heading-title elementor-size-default\"><span style=\"font-size: 10pt;\"><a href=\"https:\/\/expose-news.com\/2025\/10\/05\/russian-led-union-of-eurasian-countries\/\" target=\"_blank\" rel=\"nofollow noopener\"><span dir=\"auto\">Zdroj<\/span><\/a><\/span><\/h3>\n<p>&nbsp;<\/p>\n<\/div>\n<\/div>\n","protected":false},"excerpt":{"rendered":"<p>Na ned\u00e1vn\u00e9 akci Euroasijsk\u00e1 hospod\u00e1\u0159sk\u00e1 unie, veden\u00e1 Vladimirem Putinem a vytvo\u0159en\u00e1 podle vzoru Evropsk\u00e9 unie,&#8230;<\/p>\n","protected":false},"author":2,"featured_media":90017,"comment_status":"closed","ping_status":"closed","sticky":false,"template":"","format":"standard","meta":[],"categories":[7],"tags":[1042,760,22,9905],"_links":{"self":[{"href":"https:\/\/www.infokuryr.cz\/n\/wp-json\/wp\/v2\/posts\/90016"}],"collection":[{"href":"https:\/\/www.infokuryr.cz\/n\/wp-json\/wp\/v2\/posts"}],"about":[{"href":"https:\/\/www.infokuryr.cz\/n\/wp-json\/wp\/v2\/types\/post"}],"author":[{"embeddable":true,"href":"https:\/\/www.infokuryr.cz\/n\/wp-json\/wp\/v2\/users\/2"}],"replies":[{"embeddable":true,"href":"https:\/\/www.infokuryr.cz\/n\/wp-json\/wp\/v2\/comments?post=90016"}],"version-history":[{"count":0,"href":"https:\/\/www.infokuryr.cz\/n\/wp-json\/wp\/v2\/posts\/90016\/revisions"}],"wp:featuredmedia":[{"embeddable":true,"href":"https:\/\/www.infokuryr.cz\/n\/wp-json\/wp\/v2\/media\/90017"}],"wp:attachment":[{"href":"https:\/\/www.infokuryr.cz\/n\/wp-json\/wp\/v2\/media?parent=90016"}],"wp:term":[{"taxonomy":"category","embeddable":true,"href":"https:\/\/www.infokuryr.cz\/n\/wp-json\/wp\/v2\/categories?post=90016"},{"taxonomy":"post_tag","embeddable":true,"href":"https:\/\/www.infokuryr.cz\/n\/wp-json\/wp\/v2\/tags?post=90016"}],"curies":[{"name":"wp","href":"https:\/\/api.w.org\/{rel}","templated":true}]}}