{"id":90013,"date":"2025-10-16T04:49:55","date_gmt":"2025-10-16T02:49:55","guid":{"rendered":"https:\/\/www.infokuryr.cz\/n\/?p=90013"},"modified":"2025-10-16T04:49:55","modified_gmt":"2025-10-16T02:49:55","slug":"zuctovani-v-portlandu-trump-ukazuje-antife-kde-visi-kladivo","status":"publish","type":"post","link":"https:\/\/www.infokuryr.cz\/n\/2025\/10\/16\/zuctovani-v-portlandu-trump-ukazuje-antife-kde-visi-kladivo\/","title":{"rendered":"Z\u00fa\u010dtov\u00e1n\u00ed v Portlandu \u2013 Trump ukazuje Antif\u011b, kde vis\u00ed kladivo"},"content":{"rendered":"<div id=\"fb-root\"><\/div>\n<p><strong><span dir=\"auto\">Portland je op\u011bt d\u011bji\u0161t\u011bm zorganizovan\u00e9ho n\u00e1sil\u00ed Antify, podporovan\u00e9ho Sorosem a dal\u0161\u00edmi levicov\u00fdmi miliard\u00e1\u0159sk\u00fdmi s\u00edt\u011bmi. Trumpova administrativa reaguje rozhodn\u011b a chr\u00e1n\u00ed agenty ICE a feder\u00e1ln\u00ed budovy.<\/span><\/strong><\/p>\n<p><span dir=\"auto\">Portland neho\u0159\u00ed n\u00e1hodou. Antifa pochoduje, vyzbrojen\u00e1 obu\u0161ky, \u0161t\u00edty a podom\u00e1cku vyroben\u00fdmi plynov\u00fdmi gran\u00e1ty CS, zorganizovan\u00e1 Sorosem a levicov\u00fdmi miliard\u00e1\u0159sk\u00fdmi s\u00edt\u011bmi, kter\u00e9 m\u011bsto vyu\u017e\u00edvaj\u00ed jako testovac\u00ed laborato\u0159 pro\u00a0<\/span><a href=\"https:\/\/report24.news\/trump-erklaert-portland-zum-schlachtfeld-die-anti-antifa-offensive-beginnt\/\"><span dir=\"auto\">chaos a rozpad<\/span><\/a><span dir=\"auto\"> . Ka\u017ed\u00fd, kdo si mysl\u00ed, \u017ee se jedn\u00e1 o spont\u00e1nn\u00ed protesty, podce\u0148uje sofistikovanost t\u00e9to kampan\u011b. Donald Trump si to uv\u011bdomuje a sna\u017e\u00ed se tyto k n\u00e1sil\u00ed n\u00e1chyln\u00e9 levicov\u00e9 extremistick\u00e9 struktury rozb\u00edt.<\/span><\/p>\n<p><span dir=\"auto\">Neust\u00e1l\u00e9 \u00fatoky na feder\u00e1ln\u00ed agentury, zejm\u00e9na na \u00fa\u0159ady ICE, kter\u00e9 od n\u00e1vratu Donalda Trumpa do B\u00edl\u00e9ho domu eskalovaly boj proti neleg\u00e1ln\u00ed imigraci, jsou sou\u010d\u00e1st\u00ed t\u00e9to levicov\u00e9 agendy. Levicov\u00ed extremist\u00e9 se prim\u00e1rn\u011b zaj\u00edmaj\u00ed o zni\u010den\u00ed d\u016fv\u011bry ve st\u00e1tn\u00ed po\u0159\u00e1dek.<\/span><\/p>\n<p><span dir=\"auto\">Eskalace nen\u00ed improvizovan\u00e1, ale \u0159\u00edzen\u00e1 shora. Po Dallasu, po incidentech, p\u0159i kter\u00fdch zem\u0159eli zadr\u017een\u00ed ICE, Trump ukazuje: Ti, kdo rozs\u00e9vaj\u00ed n\u00e1sil\u00ed, se setkaj\u00ed s odhodlan\u00fdm odporem. Feder\u00e1ln\u00ed s\u00edly a N\u00e1rodn\u00ed garda nejsou politick\u00e9 hra\u010dky, ale ochrann\u00fd \u0161t\u00edt proti levicov\u011b extremistick\u00fdm a podvratn\u00fdm struktur\u00e1m.<\/span><\/p>\n<p><span dir=\"auto\">A co d\u011bl\u00e1 levicov\u00e1 m\u011bstsk\u00e1 spr\u00e1va Portlandu? Cht\u011bj\u00ed podniknout pr\u00e1vn\u00ed kroky proti feder\u00e1ln\u00edm \u00fa\u0159edn\u00edk\u016fm, kte\u0159\u00ed se pouze sna\u017e\u00ed chr\u00e1nit feder\u00e1ln\u00ed za\u0159\u00edzen\u00ed p\u0159ed levicov\u00fdmi v\u00fdtr\u017en\u00edky.<\/span><\/p>\n<p><span dir=\"auto\">Ale bez rozbit\u00ed cel\u00fdch levicov\u00fdch finan\u010dn\u00edch s\u00edt\u00ed z\u016fstane boj v ulic\u00edch sisyfovsk\u00fdm \u00fakolem. Eliminace jednotliv\u00fdch levicov\u00fdch v\u00fdtr\u017en\u00edk\u016f ni\u010deho nedos\u00e1hne, pokud nebudou k odpov\u011bdnosti pohn\u00e1ni i finan\u010dn\u00edci, kte\u0159\u00ed za nimi stoj\u00ed. I to\u00a0<\/span><a href=\"https:\/\/report24.news\/antifa-als-terrororganisation-eingestuft-trump-erklaert-der-radikalen-linken-den-krieg\/\"><span dir=\"auto\">u\u017e ale prob\u00edh\u00e1.<\/span><\/a><\/p>\n<p><img decoding=\"async\" loading=\"lazy\" class=\"alignnone size-full wp-image-1185\" src=\"http:\/\/www.infokuryr.cz\/n\/wp-content\/uploads\/2021\/04\/kuryr-podpis.png\" alt=\"\" width=\"84\" height=\"24\" \/><\/p>\n<p>&nbsp;<\/p>\n","protected":false},"excerpt":{"rendered":"<p>Portland je op\u011bt d\u011bji\u0161t\u011bm zorganizovan\u00e9ho n\u00e1sil\u00ed Antify, podporovan\u00e9ho Sorosem a dal\u0161\u00edmi levicov\u00fdmi miliard\u00e1\u0159sk\u00fdmi s\u00edt\u011bmi. Trumpova&#8230;<\/p>\n","protected":false},"author":2,"featured_media":90014,"comment_status":"closed","ping_status":"closed","sticky":false,"template":"","format":"standard","meta":[],"categories":[7],"tags":[70,452,37],"_links":{"self":[{"href":"https:\/\/www.infokuryr.cz\/n\/wp-json\/wp\/v2\/posts\/90013"}],"collection":[{"href":"https:\/\/www.infokuryr.cz\/n\/wp-json\/wp\/v2\/posts"}],"about":[{"href":"https:\/\/www.infokuryr.cz\/n\/wp-json\/wp\/v2\/types\/post"}],"author":[{"embeddable":true,"href":"https:\/\/www.infokuryr.cz\/n\/wp-json\/wp\/v2\/users\/2"}],"replies":[{"embeddable":true,"href":"https:\/\/www.infokuryr.cz\/n\/wp-json\/wp\/v2\/comments?post=90013"}],"version-history":[{"count":0,"href":"https:\/\/www.infokuryr.cz\/n\/wp-json\/wp\/v2\/posts\/90013\/revisions"}],"wp:featuredmedia":[{"embeddable":true,"href":"https:\/\/www.infokuryr.cz\/n\/wp-json\/wp\/v2\/media\/90014"}],"wp:attachment":[{"href":"https:\/\/www.infokuryr.cz\/n\/wp-json\/wp\/v2\/media?parent=90013"}],"wp:term":[{"taxonomy":"category","embeddable":true,"href":"https:\/\/www.infokuryr.cz\/n\/wp-json\/wp\/v2\/categories?post=90013"},{"taxonomy":"post_tag","embeddable":true,"href":"https:\/\/www.infokuryr.cz\/n\/wp-json\/wp\/v2\/tags?post=90013"}],"curies":[{"name":"wp","href":"https:\/\/api.w.org\/{rel}","templated":true}]}}