{"id":8998,"date":"2022-03-10T03:37:15","date_gmt":"2022-03-10T02:37:15","guid":{"rendered":"http:\/\/www.infokuryr.cz\/n\/?p=8998"},"modified":"2022-03-10T04:12:52","modified_gmt":"2022-03-10T03:12:52","slug":"zeman-dal-zelenou-ceskym-neonacistum-pojedou-valcit-na-ukrajinu-v-radach-azova","status":"publish","type":"post","link":"https:\/\/www.infokuryr.cz\/n\/2022\/03\/10\/zeman-dal-zelenou-ceskym-neonacistum-pojedou-valcit-na-ukrajinu-v-radach-azova\/","title":{"rendered":"Zeman dal zelenou \u010desk\u00fdm neonacist\u016fm. Pojedou v\u00e1l\u010dit na Ukrajinu v \u0159ad\u00e1ch Azova?"},"content":{"rendered":"<div id=\"fb-root\"><\/div>\n<p><strong>Slu\u017eba v ciz\u00ed arm\u00e1d\u011b je v \u010cR trestn\u00e1, ale pro \u010cechy, kte\u0159\u00ed pojedou na Ukrajinu bojovat proti Rus\u016fm, Pra\u017esk\u00fd hrad ud\u011blal v\u00fdjimku. Minul\u00fd t\u00fdden prezident Zeman po jedn\u00e1n\u00ed s premi\u00e9rem Fialou zaru\u010dil p\u0159\u00edpadn\u00fdm dobrovoln\u00edk\u016fm beztrestnost, a tak pot\u011b\u0161il \u010desk\u00e9 neonacisty z \u0159ad p\u0159\u00edznivc\u016f batalionu Azov.<\/strong><\/p>\n<p>V roce 2015 t\u0159\u00edlet\u00fdm v\u011bzen\u00edm a \u010dty\u0159mi podm\u00ednkami\u00a0potrestal\u00a0soud p\u011btici \u010dlen\u016f \u010desk\u00e9 bu\u0148ky neonacistick\u00e9 skupiny Wotan Jugend. Podle rozsudku podporovali hnut\u00ed sm\u011b\u0159uj\u00edc\u00ed k potla\u010den\u00ed pr\u00e1v a svobod.<\/p>\n<p>Soud uznal v\u0161ech p\u011bt ob\u017ealovan\u00fdch vinn\u00fdmi z propagace neonacismu. Usv\u011bd\u010dily je pr\u00fd jejich vlastn\u00ed v\u00fdpov\u011bdi, odposlechy a tak\u00e9 v\u011bci s t\u00e9matikou neonacismu a hitlerovsk\u00e9ho N\u011bmecka zabaven\u00e9 p\u0159i domovn\u00edch prohl\u00eddk\u00e1ch.<\/p>\n<p>Dvaadvacetilet\u00fd\u00a0<strong>Sergej Busygin<\/strong>, kter\u00fd m\u011bl trval\u00e9 bydli\u0161t\u011b v \u010cesku, od soudu ode\u0161el s t\u0159\u00edletou podm\u00ednkou. \u010cty\u0159iadvacetilet\u00fd\u00a0<strong>Vojt\u011bch H\u00e1jek<\/strong>\u00a0a o rok mlad\u0161\u00ed\u00a0<strong>Luk\u00e1\u0161 Kolumpek<\/strong>\u00a0dostali dvouletou podm\u00ednku a devaten\u00e1ctilet\u00e9mu\u00a0<strong>Marcelu Palack\u00e9mu<\/strong>\u00a0soud ud\u011blil podm\u00edn\u011bn\u00fd trest 18 m\u011bs\u00edc\u016f. P\u00e1t\u00e9ho ob\u017ealovan\u00e9ho, jednadvacetilet\u00e9ho\u00a0<strong>Daniela Houdka<\/strong>, p\u0159ivedla eskorta z v\u011bzen\u00ed, kde si odpyk\u00e1val trest za n\u00e1sil\u00ed s rasov\u00fdm motivem, a tak vzhledem k p\u0159edchoz\u00ed trestn\u00e9 \u010dinnosti dostal trest odn\u011bt\u00ed svobody na t\u0159i roky.<\/p>\n<p>Neonacistick\u00e1 organizace Wotan Jugend se p\u0159\u00edmo hl\u00e1s\u00ed k nacion\u00e1ln\u00edmu socialismu hitlerovsk\u00e9 t\u0159et\u00ed \u0159\u00ed\u0161e. V \u010cesku aktivn\u011b vystupovala proti p\u0159ist\u011bhovalc\u016fm a \u017did\u016fm. Organizaci vytvo\u0159ili \u010dlenov\u00e9 neonacistick\u00e9 blackmetalov\u00e9 kapely Moloth v roce 2008 v Rusku. L\u00eddr kapely Alexej Levkin byl v \u0159\u00edjnu 2006 spole\u010dn\u011b s n\u011bkolika dal\u0161\u00edmi lidmi uv\u011bzn\u011bn kv\u016fli podez\u0159en\u00ed z vra\u017ed t\u0159\u00ed imigrant\u016f a loupe\u017en\u00e9ho p\u0159epaden\u00ed. V roce 2018 soud zatkl Levkina v nep\u0159\u00edtomnosti kv\u016fli \u00fa\u010dasti v extremistick\u00e9 komunit\u011b Wotan Jugend.<\/p>\n<p>Po st\u00e1tn\u00edm p\u0159evratu na Ukrajin\u011b v roce 2014 organizace uprchla na Ukrajinu. V Kyjev\u011b otev\u0159en\u011b po\u0159\u00e1dali koncerty, na kter\u00e9 se sj\u00ed\u017ed\u011bli neonacist\u00e9 z cel\u00e9 Evropy.\u00a0<strong>Zat\u00edmco v Rusku a \u010cR byli neonacist\u00e9 z Wotan Jugend st\u00edh\u00e1ni, tak na Ukrajin\u011b dokonce dost\u00e1vali st\u00e1tn\u00ed podporu pro sv\u00e9 aktivity<\/strong>. \u010clenov\u00e9 organizace zah\u00e1jili agitaci mezi ultrapravic\u00ed na podporu neonacistick\u00e9ho ozbrojen\u00e9ho \u00fatvaru Azov (v Rusku je zak\u00e1zan\u00fd).<\/p>\n<p>Azov je samostatn\u00fd \u00fatvar Ukrajinsk\u00e9 n\u00e1rodn\u00ed gardy, kter\u00fd vznikl po Majdanu na Ukrajin\u011b v roce 2014, kdy\u017e byly legalizov\u00e1ny polovojensk\u00e9 dobrovoln\u00e9 jednotky. \u00datvar nechvaln\u011b proslul sv\u00fdmi neonacistick\u00fdmi n\u00e1zory, mu\u010den\u00edm lid\u00ed v Donbasu a dal\u0161\u00edm poru\u0161ov\u00e1n\u00edm lidsk\u00fdch pr\u00e1v.<\/p>\n<p>Znakem Azova je runa Wolfsangel, kterou za druh\u00e9 sv\u011btov\u00e9 v\u00e1lky pou\u017e\u00edvala nacistick\u00e1 divize SS Das Reich. \u00da\u0159ad vysok\u00e9ho komisa\u0159e OSN pro lidsk\u00e1 pr\u00e1va prohl\u00e1sil, \u017ee Azov poru\u0161uje pravidla veden\u00ed v\u00e1lky masov\u00fdm rabov\u00e1n\u00edm, mu\u010den\u00edm, \u00fanosy novin\u00e1\u0159\u016f a zn\u00e1sil\u0148ov\u00e1n\u00edm. Americk\u00fd Kongres po\u017eadoval za\u0159azen\u00ed Azova na seznam zahrani\u010dn\u00edch teroristick\u00fdch organizac\u00ed.<\/p>\n<p>Podle rusk\u00e9ho ministerstva obrany a \u00fa\u0159ad\u016f DLR b\u011bhem sou\u010dasn\u00fdch ud\u00e1lost\u00ed na Ukrajin\u011b p\u0159\u00edslu\u0161n\u00edci Azova st\u0159\u00edleli na civilisty, kte\u0159\u00ed se sna\u017eili opustit m\u011bsta humanit\u00e1rn\u00edmi koridory, a um\u00eds\u0165ovali miny do obytn\u00fdch budov v Mariupolu.<\/p>\n<p>Svou podporu neonacist\u016fm z Azova d\u0159\u00edve projevovali i radik\u00e1ln\u00ed fanou\u0161ci pra\u017esk\u00e9 Slavie. Sl\u00e1visti\u010dt\u00ed chulig\u00e1ni ze \u201eSe\u0161\u00edvan\u00e9 ml\u00e1de\u017ee\u201c nap\u0159\u00edklad p\u00f3zovali s vlajkou Azova. Jak\u00a0uv\u00e1d\u00ed\u00a0port\u00e1l antifa.cz, n\u011bkte\u0159\u00ed z nich dokonce v roce 2014 cestovali na Ukrajinu, aby se p\u0159idali k akc\u00edm na Majdanu na stran\u011b ukrajinsk\u00fdch nacionalist\u016f.<\/p>\n<p>Rozhodnut\u00ed Hradu zaru\u010dit beztrestnost dobrovoln\u00edk\u016fm mus\u00ed \u010desk\u00e9 neonacisty t\u011b\u0161it. Situaci na front\u011b nezm\u011bn\u00ed, ale mohou p\u00e1chat v\u00e1le\u010dn\u00e9 zlo\u010diny na civilistech. V ka\u017ed\u00e9m p\u0159\u00edpad\u011b bude pro n\u011b lep\u0161\u00ed, kdy\u017e se nedostanou do zajet\u00ed. Ostatn\u011b, jak uvedlo Ministerstvo obrany Rusk\u00e9 federace, zahrani\u010dn\u00ed \u017eold\u00e1ci nebudou m\u00edt pr\u00e1vo na postaven\u00ed v\u00e1le\u010dn\u00fdch zajatc\u016f\u2026<\/p>\n<p><img decoding=\"async\" loading=\"lazy\" class=\"alignnone size-full wp-image-1185\" src=\"http:\/\/www.infokuryr.cz\/n\/wp-content\/uploads\/2021\/04\/kuryr-podpis.png\" alt=\"\" width=\"84\" height=\"24\" \/><\/p>\n<p>&nbsp;<\/p>\n","protected":false},"excerpt":{"rendered":"<p>Slu\u017eba v ciz\u00ed arm\u00e1d\u011b je v \u010cR trestn\u00e1, ale pro \u010cechy, kte\u0159\u00ed pojedou na Ukrajinu&#8230;<\/p>\n","protected":false},"author":2,"featured_media":9001,"comment_status":"closed","ping_status":"closed","sticky":false,"template":"","format":"standard","meta":[],"categories":[6],"tags":[70,473,113,26,185,1870],"_links":{"self":[{"href":"https:\/\/www.infokuryr.cz\/n\/wp-json\/wp\/v2\/posts\/8998"}],"collection":[{"href":"https:\/\/www.infokuryr.cz\/n\/wp-json\/wp\/v2\/posts"}],"about":[{"href":"https:\/\/www.infokuryr.cz\/n\/wp-json\/wp\/v2\/types\/post"}],"author":[{"embeddable":true,"href":"https:\/\/www.infokuryr.cz\/n\/wp-json\/wp\/v2\/users\/2"}],"replies":[{"embeddable":true,"href":"https:\/\/www.infokuryr.cz\/n\/wp-json\/wp\/v2\/comments?post=8998"}],"version-history":[{"count":0,"href":"https:\/\/www.infokuryr.cz\/n\/wp-json\/wp\/v2\/posts\/8998\/revisions"}],"wp:featuredmedia":[{"embeddable":true,"href":"https:\/\/www.infokuryr.cz\/n\/wp-json\/wp\/v2\/media\/9001"}],"wp:attachment":[{"href":"https:\/\/www.infokuryr.cz\/n\/wp-json\/wp\/v2\/media?parent=8998"}],"wp:term":[{"taxonomy":"category","embeddable":true,"href":"https:\/\/www.infokuryr.cz\/n\/wp-json\/wp\/v2\/categories?post=8998"},{"taxonomy":"post_tag","embeddable":true,"href":"https:\/\/www.infokuryr.cz\/n\/wp-json\/wp\/v2\/tags?post=8998"}],"curies":[{"name":"wp","href":"https:\/\/api.w.org\/{rel}","templated":true}]}}