{"id":89977,"date":"2025-10-16T00:26:30","date_gmt":"2025-10-15T22:26:30","guid":{"rendered":"https:\/\/www.infokuryr.cz\/n\/?p=89977"},"modified":"2025-10-15T16:25:30","modified_gmt":"2025-10-15T14:25:30","slug":"claude-janvier-macron-by-se-mohl-odvolat-na-clanek-16-ktery-by-mu-dal-plnou-moc","status":"publish","type":"post","link":"https:\/\/www.infokuryr.cz\/n\/2025\/10\/16\/claude-janvier-macron-by-se-mohl-odvolat-na-clanek-16-ktery-by-mu-dal-plnou-moc\/","title":{"rendered":"Claude Janvier: Macron by se mohl odvolat na \u010dl\u00e1nek 16, kter\u00fd by mu dal plnou moc"},"content":{"rendered":"<div id=\"fb-root\"><\/div>\n<p><strong><span dir=\"auto\">Spisovatel, esejista, publicista a autor sedmi knih o vlivu bezst\u00e1tn\u00ed glob\u00e1ln\u00ed finan\u010dn\u00ed oligarchie ve sv\u011bt\u011b, o francouzsk\u00e9m a evropsk\u00e9m hlubok\u00e9m st\u00e1tu, o hrozb\u011b NATO, o konfliktu mezi Ruskom a NATO p\u0159es Ukrajinu, o Bl\u00edzk\u00e9m v\u00fdchod\u011b a o mezin\u00e1rodn\u00ed geopolitice, Claude Janvier, se vrac\u00ed, aby odpov\u011bd\u011bl na ot\u00e1zky vyd\u00e1n\u00edm sv\u00e9 nov\u00e9 knihy\u00a0<\/span><em><span dir=\"auto\">L&#8217;\u00c9tat Profond Fran\u00e7ais, Tome 2. Kdo to financuje a pro\u010d?<\/span><\/em><\/strong><\/p>\n<p><strong><span dir=\"auto\">Continental Observer: V kolika metrech hlubok\u00fd je francouzsk\u00fd hlubok\u00fd st\u00e1t?<\/span><\/strong><\/p>\n<p><strong><span dir=\"auto\">Claude Janvier:<\/span><\/strong><span dir=\"auto\">\u00a0Propastn\u00e1 hlubina, jako na\u0161e zem\u011b, politicky, pr\u016fmyslov\u011b, ekonomicky i kulturn\u011b. V naprost\u00e9m \u00fapadku, ale \u2013 a to je znepokojiv\u00e9 \u2013 to nezabr\u00e1n\u00ed hlubok\u00e9mu st\u00e1tu v p\u0159etrv\u00e1v\u00e1n\u00ed. Navzdory v\u0161emu. Neot\u0159esiteln\u00fd.<\/span><\/p>\n<p><strong><span dir=\"auto\">Dostali jste se kone\u010dn\u011b k j\u00e1dru v\u011bci s\u00a0<\/span><em><span dir=\"auto\">knihou Francouzsk\u00fd hlubok\u00fd st\u00e1t, svazek 2<\/span><\/em><span dir=\"auto\">\u00a0?<\/span><\/strong><\/p>\n<p><strong><span dir=\"auto\">CJ:<\/span><\/strong><span dir=\"auto\">\u00a0Odpov\u011b\u010f zn\u00ed ano. V prvn\u00edm a druh\u00e9m d\u00edlu jsme prozkoumali v\u0161e, co se d\u00e1 v\u011bd\u011bt o z\u00e1had\u00e1ch moci. Druh\u00fd d\u00edl se zam\u011b\u0159uje konkr\u00e9tn\u011bji na finan\u010dn\u00edky. Hlavn\u011b na Rothschildy a Henryho Kravise.<\/span><\/p>\n<p><strong><span dir=\"auto\">Existuje je\u0161t\u011b Francie?<\/span><\/strong><\/p>\n<p><strong><span dir=\"auto\">CJ:<\/span><\/strong><span dir=\"auto\">\u00a0Francie je st\u00ednem sv\u00e9ho d\u0159\u00edv\u011bj\u0161\u00edho j\u00e1. Zmizen\u00ed diplomatick\u00e9ho sboru, po kter\u00e9m tou\u017eil Emmanuel Macron, zazvonilo um\u00edr\u00e1\u010dkem pro zahrani\u010dn\u00ed politiku na\u0161\u00ed zem\u011b, kter\u00e1 doposud m\u011bla na mezin\u00e1rodn\u00ed sc\u00e9n\u011b ur\u010ditou v\u00e1hu. Pokud jde o dom\u00e1c\u00ed politiku, mezi inflac\u00ed, rostouc\u00edm dluhem, v\u00fdprodeji pr\u016fmyslu, \u0161\u00ed\u0159en\u00edm lobby kmene Woke a LGBTQ+ na v\u0161ech \u00farovn\u00edch, kolapsem syst\u00e9mu ve\u0159ejn\u00e9ho zdravotnictv\u00ed, desertifikac\u00ed medic\u00edny, obecn\u00fdm \u00fapadkem kultury a IQ, cv\u00e1laj\u00edc\u00ed chudobou, rostouc\u00ed nezam\u011bstnanost\u00ed, nekontrolovanou imigrac\u00ed a bytov\u00fdmi probl\u00e9my 17 milion\u016f Francouz\u016f nejsou v\u00fdsledky skute\u010dn\u011b nijak zvl\u00e1\u0161\u0165 oslniv\u00e9.<\/span><\/p>\n<p><strong><span dir=\"auto\">Mysl\u00edte si, \u017ee bude mo\u017en\u00e9 po Macronovi znovu postavit Francii na nohy?<\/span><\/strong><\/p>\n<p><strong><span dir=\"auto\">CJ:<\/span><\/strong><span dir=\"auto\">\u00a0Ano, pokud existuje unie vlastenc\u016f a Francie se vyhne poru\u010dnictv\u00ed Bruselu jako sv\u00e9ho politick\u00e9ho hlavn\u00edho m\u011bsta a vlivu USA. Pouze opu\u0161t\u011bn\u00ed EU, NATO a infla\u010dn\u00ed a spekulativn\u00ed m\u011bny, kterou je euro, n\u00e1s m\u016f\u017ee dostat z t\u00e9to ba\u017einy. Jinak se Francie nikdy nevzpamatuje. Neexistuj\u00ed \u017e\u00e1dn\u00e9 jin\u00e9 alternativy. Znovuz\u00edsk\u00e1n\u00ed jej\u00ed suverenity je nezbytn\u00e9.<\/span><\/p>\n<p><strong><span dir=\"auto\">Nebylo u\u017e o hlubok\u00e9m st\u00e1tu ve Francii naps\u00e1no v\u0161echno?<\/span><\/strong><\/p>\n<p><strong><span dir=\"auto\">CJ:<\/span><\/strong><span dir=\"auto\">\u00a0Do vyd\u00e1n\u00ed na\u0161ich dvou knih na toto t\u00e9ma ne. Te\u010f ano. Francouzi maj\u00ed v\u0161echny informace, kter\u00e9 pot\u0159ebuj\u00ed k pochopen\u00ed v\u0161ech detail\u016f.<\/span><\/p>\n<p><strong><span dir=\"auto\">Pro\u010d si mysl\u00edte, \u017ee Macron z\u016fstane u moci co nejd\u00e9le?<\/span><\/strong><\/p>\n<p><strong><span dir=\"auto\">CJ:<\/span><\/strong><span dir=\"auto\">\u00a0Emmanuel Macron je opil\u00fd moc\u00ed. Ud\u011bl\u00e1 cokoli, aby u n\u00ed z\u016fstal. To je jedin\u00e9, na \u010dem mu z\u00e1le\u017e\u00ed. Dal\u0161\u00ed pozic\u00ed, kter\u00e1 by mu mohla vyhovovat, by bylo zaujmout m\u00edsto Ursuly von der Leyen a vyd\u00e1vat se za nespornou v\u00e1le\u010dnou v\u016fdkyni EU. Ale prezidentka EU je na tom stejn\u011b jako on. Je opil\u00e1 moc\u00ed a chce ve sv\u00e9 funkci z\u016fstat na dobu neur\u010ditou. \u201eBitva l\u00eddr\u016f\u201c by mohla b\u00fdt z\u00e1bavn\u00e1.<\/span><\/p>\n<p><strong><span dir=\"auto\">Co bude Macron d\u011blat na konci sv\u00e9ho prezidentsk\u00e9ho mand\u00e1tu?<\/span><\/strong><\/p>\n<p><strong><span dir=\"auto\">CJ:<\/span><\/strong><span dir=\"auto\">\u00a0Bude existovat n\u011bkolik mo\u017enost\u00ed.<\/span><\/p>\n<p><span dir=\"auto\">&#8211; V roce 2027, po skon\u010den\u00ed sv\u00fdch dvou funk\u010dn\u00edch obdob\u00ed, nebude moci znovu kandidovat. Pokud jeho p\u0159\u00edtel Richard Ferrand, moud\u0159e dosazen\u00fd Emmanuelem Macronem do \u010dela \u00dastavn\u00ed rady, nezm\u011bn\u00ed \u00fastavu tak, aby mu umo\u017enil kandidovat na t\u0159et\u00ed funk\u010dn\u00ed obdob\u00ed.<\/span><\/p>\n<p><span dir=\"auto\">&#8211; Pokud se tak nestane, poda\u0159\u00ed se mu do Elysejsk\u00e9ho pal\u00e1ce natla\u010dit jednoho ze sv\u00fdch chr\u00e1n\u011bnc\u016f. (Nap\u0159\u00edklad Jeana Castexe)<\/span><\/p>\n<p><span dir=\"auto\">&#8211; A v roce 2032 bude znovu kandidovat<\/span><\/p>\n<p><span dir=\"auto\">&#8211; Nebo zaujme m\u00edsto Ursuly von der Leyenov\u00e9<\/span><\/p>\n<p><span dir=\"auto\">&#8211; Dal\u0161\u00ed alternativa. Prosazov\u00e1n\u00edm v\u011bt\u0161\u00ed vl\u00e1dn\u00ed nestability, a tedy i v\u011bt\u0161\u00edho chaosu a demonstrac\u00ed, by se mohl odvolat na \u010dl\u00e1nek 16, kter\u00fd by mu dal plnou moc na neomezenou dobu.<\/span><\/p>\n<p><span dir=\"auto\">&#8211; Pokra\u010dov\u00e1n\u00ed bude napl\u00e1nov\u00e1no&#8230;<\/span><\/p>\n<p><strong><span dir=\"auto\">Ned\u00e1vno jste nav\u0161t\u00edvil Ukrajinu. Jak\u00e9 byly va\u0161e dojmy? Jsou lid\u00e9 unaven\u00ed z v\u00e1lky? Tou\u017e\u00ed po m\u00edru?<\/span><\/strong><\/p>\n<p><strong><span dir=\"auto\">CJ:<\/span><\/strong><span dir=\"auto\">\u00a0Kdy\u017e jste v Donbasu, riskujete, \u017ee v\u00e1s ka\u017edou chv\u00edli zabije bomba shozen\u00e1 dronem; \u010das od \u010dasu v\u00e1m dojde pitn\u00e1 voda; neust\u00e1le \u017eijete s knedl\u00edkem v \u017ealudku a rodiny s d\u011btmi se neust\u00e1le hrozn\u011b boj\u00ed, \u017ee jim \u0161kola, kam chod\u00ed ka\u017ed\u00e9 r\u00e1no, bude n\u00e1hle zni\u010dena.<\/span><\/p>\n<p><span dir=\"auto\">To v\u0161ak obyvatel\u016fm nebr\u00e1n\u00ed v tom, aby navzdory v\u0161emu chodili do restaurac\u00ed a v\u011bnovali se sv\u00fdm v\u011bcem. Odolnost, odvaha a hou\u017eevnatost obyvatel Don\u011bcku a dal\u0161\u00edch m\u011bst si vy\u017e\u00e1daj\u00ed \u00factu. Je nemo\u017en\u00e9 z\u016fstat stoick\u00fd tv\u00e1\u0159\u00ed v tv\u00e1\u0159 nepopsateln\u00e9mu utrpen\u00ed, kter\u00e9 lid\u00e9 v tomto regionu pro\u017e\u00edvaj\u00ed.<\/span><\/p>\n<p><span dir=\"auto\">Je t\u0159eba si uv\u011bdomit, \u017ee v\u0161ichni lid\u00e9 na Zemi v\u011bt\u0161inou tou\u017e\u00ed po m\u00edru. K v\u00e1lce je v\u0161ak \u017eene men\u0161ina, kter\u00e1 se velmi dob\u0159e zn\u00e1, ale nikdy se navz\u00e1jem nezab\u00edj\u00ed. Tuto kastu zlo\u010dinc\u016f podporuj\u00ed obchodn\u00edci s informa\u010dn\u00edm chaosem, kte\u0159\u00ed jsou tak\u00e9 zodpov\u011bdn\u00ed za miliony \u00famrt\u00ed zp\u016fsoben\u00fdch jejich nesmysln\u00fdmi v\u00e1lkami.<\/span><\/p>\n<p><strong><span dir=\"auto\">L\u00edbilo se ti tam? C\u00edtil ses tam bezpe\u010dn\u011b?<\/span><\/strong><\/p>\n<p><strong><span dir=\"auto\">CJ:<\/span><\/strong><span dir=\"auto\">\u00a0Nen\u00ed nic lep\u0161\u00edho ne\u017e vyrazit do ter\u00e9nu a z\u00edskat tak po\u0159\u00e1dn\u00fd p\u0159ehled o tom, co se tam d\u011bje. \u017divotn\u00ed podm\u00ednky na Donbasu jsou obt\u00ed\u017en\u00e9. \u017divot ve v\u00e1l\u010d\u00edc\u00ed zemi je hrozn\u00fd a komplikovan\u00fd. Nemyslel jsem na svou vlastn\u00ed bezpe\u010dnost. V\u011bd\u011bl jsem, \u017ee m\u016f\u017eu b\u00fdt ka\u017edou chv\u00edli zabit, ale od chv\u00edle, kdy souhlas\u00edte s odjezdem do v\u00e1le\u010dn\u00e9 z\u00f3ny, v\u00edte, co riskujete. Gorlovka, m\u011bsto mu\u010dedn\u00edk\u016f le\u017e\u00edc\u00ed necel\u00fdch 20 km od fronty, bylo velmi n\u00e1ro\u010dn\u00e9, proto\u017ee smrt m\u016f\u017ee ude\u0159it ka\u017edou chv\u00edli. V Gorlovce opravdu nejste v bezpe\u010d\u00ed. Ani v Don\u011bcku, ostatn\u011b. V Mariupolu je to jin\u00e9. Toto m\u011bsto je mimo dosah dron\u016f a c\u00edt\u00edte to hned. Dobr\u00e9 pro obyvatele tohoto m\u011bsta. Ale zk\u00e1za, kterou vid\u00edme, ukazuje, jak k\u0159ehk\u00e9 civilizace jsou. V\u0161echno se m\u016f\u017ee zhroutit b\u011bhem p\u00e1r dn\u00ed. M\u00fdm jedin\u00fdm p\u0159\u00e1n\u00edm je, aby na Ukrajin\u011b co nejd\u0159\u00edve zavl\u00e1dl m\u00edr.<\/span><\/p>\n<p><a href=\"https:\/\/www.observateur-continental.fr\/?module=articles&amp;action=view&amp;id=7311\">Claude Janvier<\/a><\/p>\n<p>&nbsp;<\/p>\n","protected":false},"excerpt":{"rendered":"<p>Spisovatel, esejista, publicista a autor sedmi knih o vlivu bezst\u00e1tn\u00ed glob\u00e1ln\u00ed finan\u010dn\u00ed oligarchie ve sv\u011bt\u011b,&#8230;<\/p>\n","protected":false},"author":2,"featured_media":89978,"comment_status":"closed","ping_status":"closed","sticky":false,"template":"","format":"standard","meta":[],"categories":[7],"tags":[130,307,1052,3041],"_links":{"self":[{"href":"https:\/\/www.infokuryr.cz\/n\/wp-json\/wp\/v2\/posts\/89977"}],"collection":[{"href":"https:\/\/www.infokuryr.cz\/n\/wp-json\/wp\/v2\/posts"}],"about":[{"href":"https:\/\/www.infokuryr.cz\/n\/wp-json\/wp\/v2\/types\/post"}],"author":[{"embeddable":true,"href":"https:\/\/www.infokuryr.cz\/n\/wp-json\/wp\/v2\/users\/2"}],"replies":[{"embeddable":true,"href":"https:\/\/www.infokuryr.cz\/n\/wp-json\/wp\/v2\/comments?post=89977"}],"version-history":[{"count":0,"href":"https:\/\/www.infokuryr.cz\/n\/wp-json\/wp\/v2\/posts\/89977\/revisions"}],"wp:featuredmedia":[{"embeddable":true,"href":"https:\/\/www.infokuryr.cz\/n\/wp-json\/wp\/v2\/media\/89978"}],"wp:attachment":[{"href":"https:\/\/www.infokuryr.cz\/n\/wp-json\/wp\/v2\/media?parent=89977"}],"wp:term":[{"taxonomy":"category","embeddable":true,"href":"https:\/\/www.infokuryr.cz\/n\/wp-json\/wp\/v2\/categories?post=89977"},{"taxonomy":"post_tag","embeddable":true,"href":"https:\/\/www.infokuryr.cz\/n\/wp-json\/wp\/v2\/tags?post=89977"}],"curies":[{"name":"wp","href":"https:\/\/api.w.org\/{rel}","templated":true}]}}