{"id":89964,"date":"2025-10-16T00:24:18","date_gmt":"2025-10-15T22:24:18","guid":{"rendered":"https:\/\/www.infokuryr.cz\/n\/?p=89964"},"modified":"2025-10-15T11:36:37","modified_gmt":"2025-10-15T09:36:37","slug":"kurdsky-vudce-oznamil-prulom-v-rozhovorech-s-damaskem-ale-valka-se-zda-byt-bliz","status":"publish","type":"post","link":"https:\/\/www.infokuryr.cz\/n\/2025\/10\/16\/kurdsky-vudce-oznamil-prulom-v-rozhovorech-s-damaskem-ale-valka-se-zda-byt-bliz\/","title":{"rendered":"Kurdsk\u00fd v\u016fdce ozn\u00e1mil pr\u016flom v rozhovorech s Dama\u0161kem, ale v\u00e1lka se zd\u00e1 b\u00fdt bl\u00ed\u017e"},"content":{"rendered":"<div id=\"fb-root\"><\/div>\n<p><strong><span dir=\"auto\">Vrchn\u00ed velitel Syrsk\u00fdch demokratick\u00fdch sil (SDF) Mazloum Abdi uvedl, \u017ee s prozat\u00edmn\u00ed syrskou vl\u00e1dou vedenou islamisty bylo dosa\u017eeno \u201ep\u0159edb\u011b\u017en\u00e9 dohody\u201c o n\u011bkolika ot\u00e1zk\u00e1ch, v\u010detn\u011b komplexn\u00edho p\u0159\u00edm\u011b\u0159\u00ed a pokra\u010dov\u00e1n\u00ed dialogu na vysok\u00e9 \u00farovni.<\/span><\/strong><\/p>\n<p><span dir=\"auto\">Abdi u\u010dinil p\u0159ekvapiv\u00e9 pozn\u00e1mky v rozhovoru pro kurdskou televizi Ronahi, kter\u00fd byl odvys\u00edl\u00e1n 11. \u0159\u00edjna. Uvedl, \u017ee se v Dama\u0161ku setkal samostatn\u011b s ministrem obrany a \u0161\u00e9fem zpravodajsk\u00e9 slu\u017eby a poznamenal, \u017ee v oblasti spr\u00e1vy v\u011bc\u00ed ve\u0159ejn\u00fdch panuje \u201eporozum\u011bn\u00ed ohledn\u011b principu decentralizace\u201c a \u017ee prob\u00edhaj\u00ed diskuse o interpretaci souvisej\u00edc\u00edch pojm\u016f.<\/span><\/p>\n<p><span dir=\"auto\">V\u016fdce SDF se b\u011bhem stejn\u00e9 n\u00e1v\u0161t\u011bvy Dama\u0161ku 7. \u0159\u00edjna setkal tak\u00e9 s prozat\u00edmn\u00edm prezidentem Ahmadem a\u0161-\u0160ar\u00e1ou, uvedla agentura Agence France-Presse, kter\u00e1 uvedla, \u017ee se sch\u016fzky z\u00fa\u010dastnili tak\u00e9 vyslanec Spojen\u00fdch st\u00e1t\u016f v S\u00fdrii Thomas Burke a velitel \u00fast\u0159edn\u00edho velen\u00ed Brad Cooper.<\/span><\/p>\n<p><span dir=\"auto\">Abdi Ronahimu vysv\u011btlil, \u017ee ob\u011b strany dos\u00e1hly \u00fastn\u00ed dohody o integraci SDF do syrsk\u00e9 arm\u00e1dy, a dodal, \u017ee vl\u00e1da projevila z\u00e1jem o vyu\u017eit\u00ed odborn\u00fdch znalost\u00ed t\u00e9to skupiny.<\/span><\/p>\n<p><span dir=\"auto\">Vojensk\u00fd v\u00fdbor, jeho\u017e sou\u010d\u00e1st\u00ed jsou i z\u00e1stupci sil vnit\u0159n\u00ed bezpe\u010dnosti, se podle n\u011bj brzy vyd\u00e1 do Dama\u0161ku, aby se detaily tohoto spisu zab\u00fdval.<\/span><\/p>\n<p><span dir=\"auto\">Abdi tak\u00e9 prozradil, \u017ee se \u201ediskutuje vojensk\u00e1 a bezpe\u010dnostn\u00ed dohoda\u201c a \u017ee USA navrhly vytvo\u0159en\u00ed spole\u010dn\u00fdch sil mezi SDF a syrskou arm\u00e1dou pro boj proti ISIS.<\/span><\/p>\n<p><span dir=\"auto\">Potvrdil p\u0159ijet\u00ed n\u00e1vrhu Washingtonu, \u201eaby se zajistilo, \u017ee boj proti skupin\u011b bude m\u00edt komplexn\u00ed n\u00e1rodn\u00ed charakter\u201c.<\/span><\/p>\n<p><span dir=\"auto\">Pokud jde o politick\u00fd aspekt, Abdi uvedl, \u017ee c\u00edlem prob\u00edhaj\u00edc\u00edch dohod je zahrnout podm\u00ednky \u201edohody z 10. b\u0159ezna\u201c do nov\u00e9 syrsk\u00e9 \u00fastavy, co\u017e nazna\u010duje, \u017ee nadch\u00e1zej\u00edc\u00ed sch\u016fzky k projedn\u00e1n\u00ed \u00fastavn\u00edch zm\u011bn se budou konat v Dama\u0161ku.<\/span><\/p>\n<p><span dir=\"auto\">Abdi d\u00e1le potvrdil, \u017ee status Rakky, Deir az-Zoru a al-Hasaky \u201esouvis\u00ed se strukturou budouc\u00ed syrsk\u00e9 spr\u00e1vy\u201c, a zd\u016fraznil, \u017ee sta\u017een\u00ed z t\u011bchto oblast\u00ed je \u201enevyjedn\u00e1vateln\u00e9\u201c. Poznamenal, \u017ee z\u00e1stupci Rakky a Deir az-Zoru se z\u00fa\u010dastn\u00ed dal\u0161\u00edho kola sch\u016fzek mezi ob\u011bma stranami.<\/span><\/p>\n<p><span dir=\"auto\">Setk\u00e1n\u00ed v Dama\u0161ku se uskute\u010dnilo po s\u00e9rii smrteln\u00fdch st\u0159et\u016f v Aleppu mezi ob\u011bma stranami, kter\u00e9 za\u010daly blok\u00e1dou kurdsk\u00fdch \u010dtvrt\u00ed vl\u00e1dn\u00edmi silami.<\/span><\/p>\n<p><span dir=\"auto\">V t\u00fddnech p\u0159edch\u00e1zej\u00edc\u00edch st\u0159et\u016fm se posily SDF i syrsk\u00e9 arm\u00e1dy p\u0159esouvaly pod\u00e9l fronty, zejm\u00e9na ve m\u011bst\u011b Deir Haftar, asi 40 kilometr\u016f v\u00fdchodn\u011b od Aleppa.<\/span><\/p>\n<p><span dir=\"auto\">Syrsk\u00fd ministr obrany Marhaf Abu Qasra po setk\u00e1n\u00ed s Abdim v televizi X prohl\u00e1sil, \u017ee se dohodli na \u201ekomplexn\u00edm p\u0159\u00edm\u011b\u0159\u00ed na v\u0161ech os\u00e1ch a m\u00edstech rozm\u00edst\u011bn\u00ed arm\u00e1dy v severn\u00ed a severov\u00fdchodn\u00ed S\u00fdrii\u201c s \u201eokam\u017eit\u00fdm proveden\u00edm\u201c.<\/span><\/p>\n<p><span dir=\"auto\">Ob\u011b strany si v\u0161ak n\u00e1sledn\u011b vym\u011bnily obvin\u011bn\u00ed z poru\u0161ov\u00e1n\u00ed pravidel, p\u0159i\u010dem\u017e zpr\u00e1vy nazna\u010dovaly, \u017ee posily byly st\u00e1le p\u0159iv\u00e1d\u011bny do oblasti kolem Deir Hafer a d\u00e1le na v\u00fdchod a jihov\u00fdchod, pod\u00e9l \u0159eky Eufrat.<\/span><\/p>\n<p><span dir=\"auto\">Abdiho ned\u00e1vn\u00e1 prohl\u00e1\u0161en\u00ed vyza\u0159uj\u00ed velk\u00fd optimismus, ale situace v ter\u00e9nu nazna\u010duje, \u017ee se bl\u00ed\u017e\u00ed bitva mezi SDF a vl\u00e1dou.<\/span><\/p>\n<p><span dir=\"auto\">Za\u010d\u00e1tkem tohoto roku, kdy\u017e se za\u010dalo stup\u0148ovat nap\u011bt\u00ed mezi vl\u00e1dou a Dr\u00fazy, byla ozn\u00e1mena podobn\u00e1 dohoda o integraci \u010dlen\u016f komunity do arm\u00e1dy a bezpe\u010dnostn\u00edch sil. Vl\u00e1da v\u0161ak nikdy ve skute\u010dnosti nepokro\u010dila se svou stranou dohody a v \u010dervenci nakonec zah\u00e1jila rozs\u00e1hl\u00fd \u00fatok na as-Suvajdu, srdce Dr\u00faz\u016f. V bitv\u011b, do kter\u00e9 byl vta\u017een Izrael, byly zabity tis\u00edce lid\u00ed.<\/span><\/p>\n<p><span dir=\"auto\">Je\u0161t\u011b p\u0159edt\u00edm byla voj\u00e1k\u016fm a d\u016fstojn\u00edk\u016fm z b\u00fdval\u00e9 arm\u00e1dy, v\u010detn\u011b \u010dlen\u016f alavitsk\u00e9 komunity, sl\u00edbena amnestie a dokonce jim bylo \u0159e\u010deno, \u017ee n\u011bkte\u0159\u00ed budou v\u00edt\u00e1ni zp\u011bt, ale dodnes jsou st\u00e1le pravideln\u011b zab\u00edjeni nebo zat\u00fdk\u00e1ni v r\u00e1mci neobjasn\u011bn\u00e9 kampan\u011b pomsty.<\/span><\/p>\n<p><span dir=\"auto\">Na vrcholu nap\u011bt\u00ed s SDF a\u0161-\u0160araa nazna\u010dil, \u017ee skupina m\u00e1 na integraci do jeho vl\u00e1dy \u010das do konce roku.<\/span><\/p>\n<p><span dir=\"auto\">I kdyby bylo dosa\u017eeno pln\u00e9 dohody, je velmi nepravd\u011bpodobn\u00e9, \u017ee by vl\u00e1da svou \u010d\u00e1st dohody dodr\u017eela. Ve skute\u010dnosti je pravd\u011bpodobn\u011bj\u0161\u00ed, \u017ee syrsk\u00e1 arm\u00e1da vyu\u017e\u00edv\u00e1 t\u00e9to doby k p\u0159\u00edprav\u011b rozs\u00e1hl\u00e9ho \u00fatoku proti SDF. Abdi \u0161ar\u00edi jist\u011b nev\u011b\u0159\u00ed, ale mo\u017en\u00e1 d\u00e1v\u00e1 m\u00edru \u0161anci, aby si udr\u017eel vztahy s USA.<\/span><\/p>\n<p><img decoding=\"async\" loading=\"lazy\" class=\"alignnone size-full wp-image-1185\" src=\"http:\/\/www.infokuryr.cz\/n\/wp-content\/uploads\/2021\/04\/kuryr-podpis.png\" alt=\"\" width=\"84\" height=\"24\" \/><\/p>\n<p>&nbsp;<\/p>\n","protected":false},"excerpt":{"rendered":"<p>Vrchn\u00ed velitel Syrsk\u00fdch demokratick\u00fdch sil (SDF) Mazloum Abdi uvedl, \u017ee s prozat\u00edmn\u00ed syrskou vl\u00e1dou vedenou&#8230;<\/p>\n","protected":false},"author":2,"featured_media":89965,"comment_status":"closed","ping_status":"closed","sticky":false,"template":"","format":"standard","meta":[],"categories":[7],"tags":[290,147,40],"_links":{"self":[{"href":"https:\/\/www.infokuryr.cz\/n\/wp-json\/wp\/v2\/posts\/89964"}],"collection":[{"href":"https:\/\/www.infokuryr.cz\/n\/wp-json\/wp\/v2\/posts"}],"about":[{"href":"https:\/\/www.infokuryr.cz\/n\/wp-json\/wp\/v2\/types\/post"}],"author":[{"embeddable":true,"href":"https:\/\/www.infokuryr.cz\/n\/wp-json\/wp\/v2\/users\/2"}],"replies":[{"embeddable":true,"href":"https:\/\/www.infokuryr.cz\/n\/wp-json\/wp\/v2\/comments?post=89964"}],"version-history":[{"count":0,"href":"https:\/\/www.infokuryr.cz\/n\/wp-json\/wp\/v2\/posts\/89964\/revisions"}],"wp:featuredmedia":[{"embeddable":true,"href":"https:\/\/www.infokuryr.cz\/n\/wp-json\/wp\/v2\/media\/89965"}],"wp:attachment":[{"href":"https:\/\/www.infokuryr.cz\/n\/wp-json\/wp\/v2\/media?parent=89964"}],"wp:term":[{"taxonomy":"category","embeddable":true,"href":"https:\/\/www.infokuryr.cz\/n\/wp-json\/wp\/v2\/categories?post=89964"},{"taxonomy":"post_tag","embeddable":true,"href":"https:\/\/www.infokuryr.cz\/n\/wp-json\/wp\/v2\/tags?post=89964"}],"curies":[{"name":"wp","href":"https:\/\/api.w.org\/{rel}","templated":true}]}}