{"id":89957,"date":"2025-10-16T00:22:10","date_gmt":"2025-10-15T22:22:10","guid":{"rendered":"https:\/\/www.infokuryr.cz\/n\/?p=89957"},"modified":"2025-10-15T11:28:19","modified_gmt":"2025-10-15T09:28:19","slug":"trump-bude-celit-sve-nejvetsi-vyzve-ohledne-mirove-dohody-s-iranem-teheran-oznacuje-usa-za-predniho-tvurce-terorismu","status":"publish","type":"post","link":"https:\/\/www.infokuryr.cz\/n\/2025\/10\/16\/trump-bude-celit-sve-nejvetsi-vyzve-ohledne-mirove-dohody-s-iranem-teheran-oznacuje-usa-za-predniho-tvurce-terorismu\/","title":{"rendered":"Trump bude \u010delit sv\u00e9 nejv\u011bt\u0161\u00ed v\u00fdzv\u011b ohledn\u011b m\u00edrov\u00e9 dohody s \u00cdr\u00e1nem, Teher\u00e1n ozna\u010duje USA za \u201ep\u0159edn\u00edho tv\u016frce terorismu\u201c"},"content":{"rendered":"<div id=\"fb-root\"><\/div>\n<h3 class=\"s-tagline fw-tagline\"><span dir=\"auto\">\u201eSpojen\u00e9 st\u00e1ty nemaj\u00ed mor\u00e1ln\u00ed pr\u00e1vo obvi\u0148ovat ostatn\u00ed,\u201c uvedlo \u00edr\u00e1nsk\u00e9 ministerstvo zahrani\u010d\u00ed<\/span><\/h3>\n<p><span dir=\"auto\">B\u011bhem pond\u011bln\u00edho projevu v izraelsk\u00e9m Knesetu Trump prohl\u00e1sil, \u017ee chce m\u00edr s \u00cdr\u00e1nem a \u017ee m\u00ed\u010d je na stran\u011b Teher\u00e1nu, aby dos\u00e1hl jak\u00e9koli dohody.<\/span><\/p>\n<p><span dir=\"auto\">\u201eTouha americk\u00e9ho prezidenta po m\u00edru a dialogu je v rozporu s nep\u0159\u00e1telsk\u00fdm a zlo\u010dinn\u00fdm chov\u00e1n\u00edm Spojen\u00fdch st\u00e1t\u016f v\u016f\u010di \u00edr\u00e1nsk\u00e9mu n\u00e1rodu,\u201c uvedlo teher\u00e1nsk\u00e9 ministerstvo zahrani\u010d\u00ed ve sv\u00e9m prohl\u00e1\u0161en\u00ed, citovan\u00e9m zpravodajsk\u00fdm port\u00e1lem\u00a0<\/span><a href=\"https:\/\/dorzeczy.pl\/swiat\/792177\/plan-pokojowy-trumpa-iran-ostro-odpowiada-usa.html\"><span dir=\"auto\">Do Rzeczy<\/span><\/a><span dir=\"auto\">\u00a0.<\/span><\/p>\n<p><span dir=\"auto\">\u201eJak m\u016f\u017eete \u00fato\u010dit na obytn\u00e9 oblasti a jadern\u00e1 za\u0159\u00edzen\u00ed v zemi b\u011bhem politick\u00fdch jedn\u00e1n\u00ed, zab\u00edt p\u0159es 1 000 lid\u00ed, v\u010detn\u011b nevinn\u00fdch \u017een a d\u011bt\u00ed, a pak po\u017eadovat m\u00edr a p\u0159\u00e1telstv\u00ed?\u201c zeptalo se ministerstvo.<\/span><\/p>\n<p><span dir=\"auto\">V polovin\u011b \u010dervna zah\u00e1jil Izrael bezprecedentn\u00ed bombardovac\u00ed kampa\u0148 proti \u00cdr\u00e1nu, \u00fato\u010dil na jadern\u00e1 a vojensk\u00e1 za\u0159\u00edzen\u00ed i na obytn\u00e9 oblasti a zabil v\u00edce ne\u017e 1 000 lid\u00ed.<\/span><\/p>\n<p><span dir=\"auto\">\u00cdr\u00e1n reagoval raketov\u00fdmi \u00fatoky a \u00fatoky dron\u016f, kter\u00e9 v Izraeli zabily des\u00edtky lid\u00ed. P\u0159\u00edm\u011b\u0159\u00ed mezi \u00cdr\u00e1nem a Izraelem plat\u00ed od 24. \u010dervna.<\/span><\/p>\n<p><span dir=\"auto\">Spojen\u00e9 st\u00e1ty tak\u00e9 za\u00fato\u010dily na kl\u00ed\u010dov\u00e1 jadern\u00e1 za\u0159\u00edzen\u00ed v \u00cdr\u00e1nu.<\/span><\/p>\n<p><span dir=\"auto\">Celkov\u011b vzato, dvan\u00e1ctidenn\u00ed v\u00e1lka nesm\u00edrn\u011b zat\u00ed\u017eila vztahy Washingtonu s Teher\u00e1nem a jedn\u00e1n\u00ed o \u00edr\u00e1nsk\u00e9m jadern\u00e9m programu se zastavila.<\/span><\/p>\n<p><span dir=\"auto\">Do Rzeczy s odvol\u00e1n\u00edm na Trump\u016fv projev v izraelsk\u00e9m parlamentu poznamenal, \u017ee americk\u00fd prezident argumentoval, \u017ee \u201enic by regionu neprosp\u011blo v\u00edce, ne\u017e kdyby se \u00edr\u00e1n\u0161t\u00ed v\u016fdci z\u0159ekli terorist\u016f, p\u0159estali vyhro\u017eovat sv\u00fdm soused\u016fm, p\u0159estali financovat ozbrojence a kone\u010dn\u011b uznali pr\u00e1vo Izraele na existenci\u201c.<\/span><\/p>\n<p><span dir=\"auto\">Teher\u00e1n na opl\u00e1tku ozna\u010dil Trumpovy v\u00fdroky za \u201enezodpov\u011bdn\u00e9 a hanebn\u00e9\u201c. Spojen\u00e9 st\u00e1ty tak\u00e9 obvinil z toho, \u017ee jsou \u201ep\u0159edn\u00edm tv\u016frcem terorismu\u201c a podporuj\u00ed \u201eteroristick\u00fd a genocidn\u00ed sionistick\u00fd re\u017eim\u201c.<\/span><\/p>\n<p><span dir=\"auto\">\u201eSpojen\u00e9 st\u00e1ty nemaj\u00ed \u017e\u00e1dn\u00e9 mor\u00e1ln\u00ed pr\u00e1vo obvi\u0148ovat ostatn\u00ed,\u201c uvedlo \u00edr\u00e1nsk\u00e9 ministerstvo zahrani\u010d\u00ed.<\/span><\/p>\n<p><span dir=\"auto\">Trump nyn\u00ed pln\u011b soust\u0159ed\u00ed svou pozornost na dosa\u017een\u00ed m\u00edru na Ukrajin\u011b, co\u017e bude vy\u017eadovat n\u00e1ro\u010dn\u00e1 jedn\u00e1n\u00ed s Moskvou. Z\u00e1rove\u0148 v\u0161ak nazna\u010dil, \u017ee \u00cdr\u00e1n bude dal\u0161\u00ed zast\u00e1vkou v jeho m\u00edrov\u00e9m vlaku, co\u017e by mohlo m\u00edr s Putinem u\u010dinit zd\u00e1nliv\u011b piknikov\u00fdm.\u00a0<\/span><\/p>\n<p><span dir=\"auto\">Arabsk\u00e9 mocnosti byly kl\u00ed\u010dov\u00e9 pro m\u00edrovou dohodu v Gaze, tak\u017ee lze p\u0159edpokl\u00e1dat, \u017ee budou znovu po\u017e\u00e1d\u00e1ny o pomoc p\u0159i jedn\u00e1n\u00edch s Teher\u00e1nem. Na druhou stranu, Moskva a Teher\u00e1n byly v pr\u016fb\u011bhu let strategick\u00fdmi spojenci, zejm\u00e9na proti Z\u00e1padu a NATO, tak\u017ee uzav\u0159en\u00ed dohody s Putinem by mohlo zahrnovat i to, \u017ee by pomohl um\u00edstit tento dlouho chyb\u011bj\u00edc\u00ed d\u00edlek do skl\u00e1da\u010dky m\u00edru na Bl\u00edzk\u00e9m v\u00fdchod\u011b.<\/span><\/p>\n<p><img decoding=\"async\" loading=\"lazy\" class=\"alignnone size-full wp-image-1185\" src=\"http:\/\/www.infokuryr.cz\/n\/wp-content\/uploads\/2021\/04\/kuryr-podpis.png\" alt=\"\" width=\"84\" height=\"24\" \/><\/p>\n<p>&nbsp;<\/p>\n","protected":false},"excerpt":{"rendered":"<p>\u201eSpojen\u00e9 st\u00e1ty nemaj\u00ed mor\u00e1ln\u00ed pr\u00e1vo obvi\u0148ovat ostatn\u00ed,\u201c uvedlo \u00edr\u00e1nsk\u00e9 ministerstvo zahrani\u010d\u00ed B\u011bhem pond\u011bln\u00edho projevu v&#8230;<\/p>\n","protected":false},"author":2,"featured_media":89958,"comment_status":"closed","ping_status":"closed","sticky":false,"template":"","format":"standard","meta":[],"categories":[7],"tags":[38,1226,37],"_links":{"self":[{"href":"https:\/\/www.infokuryr.cz\/n\/wp-json\/wp\/v2\/posts\/89957"}],"collection":[{"href":"https:\/\/www.infokuryr.cz\/n\/wp-json\/wp\/v2\/posts"}],"about":[{"href":"https:\/\/www.infokuryr.cz\/n\/wp-json\/wp\/v2\/types\/post"}],"author":[{"embeddable":true,"href":"https:\/\/www.infokuryr.cz\/n\/wp-json\/wp\/v2\/users\/2"}],"replies":[{"embeddable":true,"href":"https:\/\/www.infokuryr.cz\/n\/wp-json\/wp\/v2\/comments?post=89957"}],"version-history":[{"count":0,"href":"https:\/\/www.infokuryr.cz\/n\/wp-json\/wp\/v2\/posts\/89957\/revisions"}],"wp:featuredmedia":[{"embeddable":true,"href":"https:\/\/www.infokuryr.cz\/n\/wp-json\/wp\/v2\/media\/89958"}],"wp:attachment":[{"href":"https:\/\/www.infokuryr.cz\/n\/wp-json\/wp\/v2\/media?parent=89957"}],"wp:term":[{"taxonomy":"category","embeddable":true,"href":"https:\/\/www.infokuryr.cz\/n\/wp-json\/wp\/v2\/categories?post=89957"},{"taxonomy":"post_tag","embeddable":true,"href":"https:\/\/www.infokuryr.cz\/n\/wp-json\/wp\/v2\/tags?post=89957"}],"curies":[{"name":"wp","href":"https:\/\/api.w.org\/{rel}","templated":true}]}}