{"id":89951,"date":"2025-10-16T00:17:16","date_gmt":"2025-10-15T22:17:16","guid":{"rendered":"https:\/\/www.infokuryr.cz\/n\/?p=89951"},"modified":"2025-10-15T11:11:52","modified_gmt":"2025-10-15T09:11:52","slug":"tucker-carlson-americane-marinuji-ve-lzich-z-neuveritelne-sofistikovane-izraelske-propagandy","status":"publish","type":"post","link":"https:\/\/www.infokuryr.cz\/n\/2025\/10\/16\/tucker-carlson-americane-marinuji-ve-lzich-z-neuveritelne-sofistikovane-izraelske-propagandy\/","title":{"rendered":"Tucker Carlson: Ameri\u010dan\u00e9 \u201emarinuj\u00ed ve l\u017e\u00edch\u201c z \u201eneuv\u011b\u0159iteln\u011b sofistikovan\u00e9 izraelsk\u00e9 propagandy\u201c"},"content":{"rendered":"<div id=\"fb-root\"><\/div>\n<div class=\"elementor-element elementor-element-1fb4c2c elementor-widget elementor-widget-theme-post-content\" data-id=\"1fb4c2c\" data-element_type=\"widget\" data-widget_type=\"theme-post-content.default\">\n<div class=\"elementor-widget-container\">\n<p><span dir=\"auto\">Ameri\u010dt\u00ed v\u016fdci se \u201enesm\u00ed klan\u011bt p\u0159ed Izraelem,\u201c uvedl koment\u00e1tor. Vyzval tak\u00e9 k ukon\u010den\u00ed dvoj\u00edho ob\u010danstv\u00ed a po\u017eadoval, aby se AIPAC zaregistroval jako zahrani\u010dn\u00ed lobby.<\/span><\/p>\n<p><span dir=\"auto\">V monologu, kter\u00fd byl ozna\u010den za \u201emimo\u0159\u00e1dn\u00fd\u201c, Tucker Carlson ost\u0159e kritizoval takzvan\u00fd \u201ezvl\u00e1\u0161tn\u00ed vztah\u201c mezi Spojen\u00fdmi st\u00e1ty a Izraelem. Odsoudil, jak ameri\u010dt\u00ed p\u0159edstavitel\u00e9 dovolili vl\u00e1d\u011b t\u00e9to \u201emalink\u00e9\u201c zem\u011b \u201edegradovat\u201c Spojen\u00e9 st\u00e1ty, cenzurovat ve\u0159ejnost a z\u00e1rove\u0148 je po cel\u00e1 desetilet\u00ed \u201emarinovat\u201c v propagandistick\u00fdch l\u017e\u00edch. Ka\u017ed\u00fd, kdo se by\u0165 jen nepatrn\u011b postav\u00ed proti t\u00e9to agend\u011b, je hanoben jako \u201enacista\u201c nebo \u201eantisemita\u201c.<\/span><\/p>\n<p><span dir=\"auto\">Carlson vyzval k obnoven\u00ed \u201ezdrav\u00ed a rovnov\u00e1hy\u201c ve vztaz\u00edch s Izraelem: z glob\u00e1ln\u00ed perspektivy, obnoven\u00edm n\u00e1rodn\u00ed sebe\u00facty a ukon\u010den\u00edm pod\u0159\u00edzenosti klientsk\u00e9mu st\u00e1tu. USA mus\u00ed obnovit koncept ob\u010danstv\u00ed \u2013 a \u201eresetovat svou teologii\u201c.<\/span><\/p>\n<figure class=\"wp-block-embed is-type-video is-provider-youtube wp-block-embed-youtube wp-embed-aspect-16-9 wp-has-aspect-ratio\">\n<div class=\"wp-block-embed__wrapper\"><iframe loading=\"lazy\" title=\"4 zp\u016fsoby, jak napravit hluboce destruktivn\u00ed a poni\u017euj\u00edc\u00ed vztah Ameriky s Izraelem\" src=\"https:\/\/www.youtube.com\/embed\/ufmw8_fnurk?start=3&amp;feature=oembed\" width=\"800\" height=\"450\" frameborder=\"0\" allowfullscreen=\"allowfullscreen\" data-mce-fragment=\"1\"><\/iframe><\/div>\n<\/figure>\n<p><span dir=\"auto\">\u201eExistuje jen jeden probl\u00e9m, a t\u00edm je Izrael,\u201c \u0159ekl Carlson s odkazem na soci\u00e1ln\u00ed m\u00e9dia, kter\u00e1 ozna\u010dil za \u201ejedin\u00fd zb\u00fdvaj\u00edc\u00ed americk\u00fd zdroj zpr\u00e1v\u201c.<\/span><\/p>\n<p><span dir=\"auto\">Pro srovn\u00e1n\u00ed, Izrael je \u201emal\u00e1 a geopoliticky nev\u00fdznamn\u00e1 zem\u011b\u201c s \u201epouh\u00fdmi dev\u00edti miliony obyvatel\u201c a \u201e\u017e\u00e1dn\u00fdmi v\u00fdznamn\u00fdmi p\u0159\u00edrodn\u00edmi zdroji\u201c. P\u0159esto z\u016fst\u00e1v\u00e1 st\u0159edem pozornosti \u2013 a v\u00fddaj\u016f:\u00a0od 7. \u0159\u00edjna 2023 poskytl vojenskou pomoc v hodnot\u011b p\u0159es\u00a0<\/span><strong><span dir=\"auto\">30 miliard dolar\u016f , co\u017e za 80 let \u010din\u00ed\u00a0<\/span><\/strong><strong><span dir=\"auto\">celkem nejm\u00e9n\u011b 300 miliard dolar\u016f<\/span><\/strong><span dir=\"auto\">\u00a0.<\/span><\/p>\n<p><span dir=\"auto\">\u201eIzrael je zdaleka nejv\u011bt\u0161\u00edm p\u0159\u00edjemcem americk\u00e9 pomoci,\u201c \u0159ekl Carlson. Vzhledem k tomu, \u017ee egyptsk\u00e1 pomoc slou\u017e\u00ed prim\u00e1rn\u011b region\u00e1ln\u00edm z\u00e1jm\u016fm Izraele, mohla by b\u00fdt zahrnuta i ona. \u201eV\u011bnujeme sv\u016fj \u010das, sv\u00e9 pen\u00edze a enormn\u011b riskujeme pro zemi, kter\u00e1 je geopoliticky zcela bezv\u00fdznamn\u00e1.\u201c<\/span><\/p>\n<p><span dir=\"auto\">Tato z\u00e1vislost v\u00e1\u017en\u011b napjala vztahy USA s v\u00fdznamn\u00fdmi zem\u011bmi, jako je \u010c\u00edna a Indie, kter\u00e9 \u2013 stejn\u011b jako v\u011bt\u0161ina sv\u011bta \u2013 byly proti v\u00e1lce v Gaze. Carlson ji popsal jako \u201ene skute\u010dnou v\u00e1lku\u201c, ale sp\u00ed\u0161e jako \u201emasivn\u00ed vys\u00eddlov\u00e1n\u00ed a zab\u00edjen\u00ed civilist\u016f, \u017een a d\u011bt\u00ed ve velk\u00e9m m\u011b\u0159\u00edtku\u201c.<\/span><\/p>\n<p><span dir=\"auto\">V\u011bt\u0161ina Ameri\u010dan\u016f \u201enem\u00e1 tu\u0161en\u00ed, jak nep\u0159im\u011b\u0159en\u00e9\u201c jsou z\u00e1vazky USA v\u016f\u010di Izraeli, \u201eproto\u017ee jsou marinov\u00e1ny v l\u017e\u00edch o tomto vztahu \u2013 ze strany politick\u00e9 t\u0159\u00eddy a m\u00e9di\u00ed\u201c.<\/span><\/p>\n<p><span dir=\"auto\">Odk\u00e1zal na Nikki Haleyovou, kter\u00e1 v roce 2023 prohl\u00e1sila: \u201eNen\u00ed to Izrael, kdo pot\u0159ebuje Ameriku. Amerika pot\u0159ebuje Izrael.\u201c \u201eTo v \u017e\u00e1dn\u00e9m p\u0159\u00edpad\u011b nen\u00ed pravda,\u201c nam\u00edtl Carlson. \u201eIzrael by bez Spojen\u00fdch st\u00e1t\u016f nemohl p\u0159e\u017e\u00edt. Neexistuje sv\u011bt, kde by Amerika pot\u0159ebovala Izrael v\u00edc ne\u017e naopak.\u201c<\/span><\/p>\n<p><span dir=\"auto\">Tato des\u00edtky let trvaj\u00edc\u00ed propaganda vytvo\u0159ila \u201eklima strachu\u201c, v n\u011bm\u017e se sotva kdo odv\u00e1\u017e\u00ed kl\u00e1st kritick\u00e9 ot\u00e1zky \u2013 ze strachu, \u017ee bude ozna\u010den za antisemitu. \u201eToto je stav USA u\u017e v\u00edce ne\u017e 50 let,\u201c \u0159ekl Carlson. \u201eKultura zastra\u0161ov\u00e1n\u00ed. V\u0161ichni se boj\u00ed Izraele, dan\u00e9 problematiky a n\u011bkdy i samotn\u00e9ho st\u00e1tu.\u201c<\/span><\/p>\n<p><span dir=\"auto\">Skute\u010dn\u00fd skand\u00e1l spo\u010d\u00edv\u00e1 v pod\u0159\u00edzenosti americk\u00e9ho veden\u00ed: \u201eNa\u0161i v\u016fdci se po cel\u00e1 desetilet\u00ed nech\u00e1vaj\u00ed poni\u017eovat ciz\u00edm st\u00e1tem.\u201c Mus\u00ed \u201ekone\u010dn\u011b projevit sebe\u00factu a p\u0159estat se nech\u00e1vat ovl\u00e1dat klientsk\u00fdm st\u00e1tem.\u201c<\/span><\/p>\n<p><span dir=\"auto\">P\u0159ipomn\u011bl izraelskou \u0161pion\u00e1\u017e proti USA \u2013 p\u0159\u00edpad Pollard \u2013 \u00fatok na\u00a0<\/span><em><span dir=\"auto\">USS Liberty<\/span><\/em><span dir=\"auto\">\u00a0v roce 1967 a zpr\u00e1vy o izraelsk\u00fdch d\u016fstojn\u00edc\u00edch, kte\u0159\u00ed b\u011bhem ned\u00e1vn\u00e9 v\u00e1lky \u201ek\u0159i\u010deli a d\u00e1vali rozkazy\u201c zam\u011bstnanc\u016fm Pentagonu. \u201e\u010c\u00edm d\u00e9le takov\u00e9 chov\u00e1n\u00ed tolerujete, t\u00edm v\u00edce z n\u011bj m\u00e1te \u2013 a p\u0159esn\u011b to se stalo.\u201c<\/span><\/p>\n<p><span dir=\"auto\">Carlson prohl\u00e1sil, \u017ee ameri\u010dt\u00ed politici mus\u00ed plnit svou \u201eposv\u00e1tnou povinnost\u201c br\u00e1nit Ameri\u010dany \u201eproti v\u0161em ciz\u00edm st\u00e1t\u016fm\u201c, sp\u00ed\u0161e ne\u017e se \u201eklan\u011bt ciz\u00edmu n\u00e1rodu\u201c.<\/span><\/p>\n<p><span dir=\"auto\">Uk\u00e1zal klip, ve kter\u00e9m Benjamin Netanjahu otev\u0159en\u011b diskutuje o cenzurn\u00edch strategi\u00edch s americk\u00fdmi \u201eproizraelsk\u00fdmi influencery\u201c v New Yorku. \u201eP\u0159edstavte si to \u2013 zahrani\u010dn\u00ed v\u016fdce chlub\u00edc\u00ed se cenzurou Ameri\u010dan\u016f,\u201c poznamenal Carlson. \u201eA to ze zem\u011b s dev\u00edti miliony obyvatel, kter\u00e1 je zcela z\u00e1visl\u00e1 na na\u0161ich da\u0148ov\u00fdch poplatn\u00edc\u00edch.\u201c<\/span><\/p>\n<p><span dir=\"auto\">Netanjahu prohl\u00e1sil, \u017ee soci\u00e1ln\u00ed m\u00e9dia mus\u00ed b\u00fdt pou\u017e\u00edv\u00e1na jako \u201ezbran\u011b v informa\u010dn\u00ed v\u00e1lce\u201c a \u017ee p\u0159evzet\u00ed TikToku sionistick\u00fdmi miliard\u00e1\u0159i bylo \u201ez\u00e1sadn\u00ed\u201c. Mluvil tak\u00e9 o ovliv\u0148ov\u00e1n\u00ed Elona Muska \u2013 \u201ep\u0159\u00edtele\u201c \u2013 aby cenzuroval obsah na X.<\/span><\/p>\n<p><span dir=\"auto\">\u201eSvoboda projevu je \u00fast\u0159edn\u00edm z\u00e1kladem Ameriky,\u201c \u0159ekl Carlson. \u201eA tento mu\u017e, jeho\u017e st\u00e1t existuje jen d\u00edky na\u0161\u00ed podpo\u0159e, \u0159\u00edk\u00e1, \u017ee Ameri\u010dan\u00e9 toto pr\u00e1vo nemaj\u00ed.\u201c<\/span><\/p>\n<p><span dir=\"auto\">To vytv\u00e1\u0159\u00ed \u201ebrut\u00e1ln\u00ed propagandistickou kampa\u0148\u201c, v n\u00ed\u017e je ka\u017ed\u00fd, kdo odporuje, \u201eokam\u017eit\u011b pomluven a o\u010dern\u011bn\u201c.<\/span><\/p>\n<p><span dir=\"auto\">Carlson nakonec po\u017eadoval, aby USA obnovily hodnotu ob\u010danstv\u00ed \u2013 rovnost, pr\u00e1vn\u00ed ochranu a svobodu projevu. To zahrnuje\u00a0<\/span><strong><span dir=\"auto\">z\u00e1kaz dvoj\u00edho ob\u010danstv\u00ed<\/span><\/strong><span dir=\"auto\">\u00a0. \u201eNem\u016f\u017eete slou\u017eit dv\u011bma p\u00e1n\u016fm sou\u010dasn\u011b.\u201c Ka\u017ed\u00fd, kdo bojuje v ciz\u00ed arm\u00e1d\u011b, by m\u011bl p\u0159ij\u00edt o americk\u00e9 ob\u010danstv\u00ed.<\/span><\/p>\n<p><strong><span dir=\"auto\">Krom\u011b toho se AIPAC<\/span><\/strong><span dir=\"auto\">\u00a0mus\u00ed\u00a0kone\u010dn\u011b zaregistrovat jako\u00a0<\/span><strong><span dir=\"auto\">zahrani\u010dn\u00ed lobby<\/span><\/strong><span dir=\"auto\">\u00a0podle\u00a0<\/span><em><span dir=\"auto\">z\u00e1kona o registraci zahrani\u010dn\u00edch agent\u016f (FARA)<\/span><\/em><span dir=\"auto\">\u00a0. \u201eJe to jedin\u00e1 lobby ciz\u00ed mocnosti, kter\u00e1 je z toho vy\u0148ata \u2013 a to je absurdn\u00ed.\u201c<\/span><\/p>\n<p><span dir=\"auto\">Na konci se Carlson tak\u00e9 zab\u00fdval n\u00e1bo\u017eensk\u00fdmi ot\u00e1zkami: k\u0159es\u0165ansk\u00fd sionismus, kter\u00fd oslavuje modern\u00ed st\u00e1t Izrael jako n\u00e1bo\u017eensk\u00fd kli\u0161\u00e9, je \u201ehereze\u201c. \u0158ekl, \u017ee je \u201e\u0161\u00edlen\u00e9\u201c tvrdit, \u017ee B\u016fh up\u0159ednost\u0148uje lidi \u201ena z\u00e1klad\u011b jejich DNA\u201c. K\u0159es\u0165anstv\u00ed je univerz\u00e1ln\u00ed \u2013 \u201evyvolen\u00ed jsou ti, kte\u0159\u00ed si zvol\u00ed Je\u017e\u00ed\u0161e\u201c.<\/span><\/p>\n<p><span dir=\"auto\">Ka\u017ed\u00fd, kdo pou\u017e\u00edv\u00e1 v\u00edru k ospravedln\u011bn\u00ed zab\u00edjen\u00ed nevinn\u00fdch, se dopou\u0161t\u00ed kac\u00ed\u0159stv\u00ed. \u201eV k\u0159es\u0165anstv\u00ed je jedna v\u011bc neomyln\u011b jasn\u00e1: k\u0159es\u0165an\u00e9 nemohou tolerovat zab\u00edjen\u00ed nevinn\u00fdch. Te\u010dka.\u201c<\/span><\/p>\n<\/div>\n<\/div>\n<div class=\"elementor-element elementor-element-8c57238 quelle dc-has-condition dc-condition-empty elementor-widget elementor-widget-heading\" data-id=\"8c57238\" data-element_type=\"widget\" data-widget_type=\"heading.default\">\n<div class=\"elementor-widget-container\">\n<h3 class=\"elementor-heading-title elementor-size-default\"><span style=\"font-size: 10pt;\"><a href=\"https:\/\/www.lifesitenews.com\/news\/tucker-carlson-americans-marinate-in-lies-from-israels-incredibly-sophisticated-propaganda\/?utm_source=popular\" target=\"_blank\" rel=\"nofollow noopener\"><span dir=\"auto\">Zdroj<\/span><\/a><\/span><\/h3>\n<p>&nbsp;<\/p>\n<\/div>\n<\/div>\n","protected":false},"excerpt":{"rendered":"<p>Ameri\u010dt\u00ed v\u016fdci se \u201enesm\u00ed klan\u011bt p\u0159ed Izraelem,\u201c uvedl koment\u00e1tor. Vyzval tak\u00e9 k ukon\u010den\u00ed dvoj\u00edho ob\u010danstv\u00ed&#8230;<\/p>\n","protected":false},"author":2,"featured_media":89952,"comment_status":"closed","ping_status":"closed","sticky":false,"template":"","format":"standard","meta":[],"categories":[7],"tags":[7038,107,1051,37],"_links":{"self":[{"href":"https:\/\/www.infokuryr.cz\/n\/wp-json\/wp\/v2\/posts\/89951"}],"collection":[{"href":"https:\/\/www.infokuryr.cz\/n\/wp-json\/wp\/v2\/posts"}],"about":[{"href":"https:\/\/www.infokuryr.cz\/n\/wp-json\/wp\/v2\/types\/post"}],"author":[{"embeddable":true,"href":"https:\/\/www.infokuryr.cz\/n\/wp-json\/wp\/v2\/users\/2"}],"replies":[{"embeddable":true,"href":"https:\/\/www.infokuryr.cz\/n\/wp-json\/wp\/v2\/comments?post=89951"}],"version-history":[{"count":0,"href":"https:\/\/www.infokuryr.cz\/n\/wp-json\/wp\/v2\/posts\/89951\/revisions"}],"wp:featuredmedia":[{"embeddable":true,"href":"https:\/\/www.infokuryr.cz\/n\/wp-json\/wp\/v2\/media\/89952"}],"wp:attachment":[{"href":"https:\/\/www.infokuryr.cz\/n\/wp-json\/wp\/v2\/media?parent=89951"}],"wp:term":[{"taxonomy":"category","embeddable":true,"href":"https:\/\/www.infokuryr.cz\/n\/wp-json\/wp\/v2\/categories?post=89951"},{"taxonomy":"post_tag","embeddable":true,"href":"https:\/\/www.infokuryr.cz\/n\/wp-json\/wp\/v2\/tags?post=89951"}],"curies":[{"name":"wp","href":"https:\/\/api.w.org\/{rel}","templated":true}]}}