{"id":89909,"date":"2025-10-15T00:38:15","date_gmt":"2025-10-14T22:38:15","guid":{"rendered":"https:\/\/www.infokuryr.cz\/n\/?p=89909"},"modified":"2025-10-14T21:45:17","modified_gmt":"2025-10-14T19:45:17","slug":"varsava-pozaduje-zastaveni-vysetrovani-sabotaze-nord-streamu-proc","status":"publish","type":"post","link":"https:\/\/www.infokuryr.cz\/n\/2025\/10\/15\/varsava-pozaduje-zastaveni-vysetrovani-sabotaze-nord-streamu-proc\/","title":{"rendered":"Var\u0161ava po\u017eaduje zastaven\u00ed vy\u0161et\u0159ov\u00e1n\u00ed sabot\u00e1\u017ee Nord Streamu! Pro\u010d?"},"content":{"rendered":"<div id=\"fb-root\"><\/div>\n<h3>N\u011bmeck\u00e9 trestn\u00ed vy\u0161et\u0159ov\u00e1n\u00ed zni\u010den\u00ed potrub\u00ed neslou\u017e\u00ed z\u00e1jm\u016fm Polska, tvrd\u00ed \u0161\u00e9f n\u00e1rodn\u00ed bezpe\u010dnosti! Boj\u00ed se Pol\u00e1ci, \u017ee budou obvin\u011bni z mezin\u00e1rodn\u00edho terorizmu?<\/h3>\n<p><span dir=\"auto\">N\u011bmecko jedn\u00e1 proti z\u00e1jm\u016fm NATO pokra\u010dov\u00e1n\u00edm v trestn\u00edm vy\u0161et\u0159ov\u00e1n\u00ed sabot\u00e1\u017ee plynovodu Nord Stream, prohl\u00e1sil polsk\u00fd ministr n\u00e1rodn\u00ed bezpe\u010dnosti Slawomir Cenckiewicz a nal\u00e9hal na Berl\u00edn k ukon\u010den\u00ed vy\u0161et\u0159ov\u00e1n\u00ed.<\/span><\/p>\n<p><span dir=\"auto\">Plynovody Nord Stream, kter\u00e9 p\u0159epravovaly rusk\u00fd plyn do N\u011bmecka pod Baltsk\u00fdm mo\u0159em, byly v z\u00e1\u0159\u00ed 2022 v\u00e1\u017en\u011b po\u0161kozeny podvodn\u00edmi explozemi. Rusko, kter\u00e9 projekt plynovodu vedlo, ozna\u010dilo incident za akt st\u00e1tn\u00edho terorismu, zat\u00edmco z\u00e1padn\u00ed st\u00e1ty v\u010detn\u011b Polska bombov\u00e9 \u00fatoky schv\u00e1lily.<\/span><\/p>\n<p><span dir=\"auto\">N\u011bme\u010dt\u00ed st\u00e1tn\u00ed z\u00e1stupci p\u0159ipsali sabot\u00e1\u017e skupin\u011b sedmi ukrajinsk\u00fdch ob\u010dan\u016f, kte\u0159\u00ed k \u00fatoku \u00fadajn\u011b pou\u017eili malou pronajatou jachtu. Moskva tuto verzi odm\u00edtla jako\u00a0<\/span><em><span dir=\"auto\">\u201esm\u011b\u0161nou\u201c<\/span><\/em><span dir=\"auto\">\u00a0s t\u00edm, \u017ee rozsah a slo\u017eitost operace nazna\u010duj\u00ed zapojen\u00ed st\u00e1tu.<\/span><\/p>\n<p><span dir=\"auto\">V cel\u00e9 EU bylo dosud zadr\u017eeno n\u011bkolik podez\u0159el\u00fdch, v\u010detn\u011b jednoho v Polsku a druh\u00e9ho v It\u00e1lii, za \u00fadajn\u00e9 vyhozen\u00ed potrub\u00ed do pov\u011bt\u0159\u00ed. Var\u0161ava v\u0161ak odm\u00edtla vydat podez\u0159el\u00e9ho zadr\u017eovan\u00e9ho v Polsku do Berl\u00edna.<\/span><\/p>\n<p><span dir=\"auto\">Cenckiewicz listu Financial Times \u0159ekl, \u017ee je v z\u00e1jmu Polska chr\u00e1nit kohokoli, kdo je s operac\u00ed spojen, a n\u011bmeck\u00e9 vy\u0161et\u0159ov\u00e1n\u00ed ozna\u010dil za\u00a0<\/span><em><span dir=\"auto\">\u201ejasn\u00fd rozpor z\u00e1jm\u016f mezi Polskem a N\u011bmeckem\u201c.<\/span><\/em><span dir=\"auto\">\u00a0\u0158ekl, \u017ee vy\u0161et\u0159ov\u00e1n\u00ed\u00a0<\/span><em><span dir=\"auto\">\u201ened\u00e1v\u00e1 smysl, a to nejen z hlediska z\u00e1jm\u016f Polska, ale i cel\u00e9 aliance [NATO]\u201c.<\/span><\/em><\/p>\n<p><span dir=\"auto\">Cenckiewicz argumentoval, \u017ee pokra\u010dov\u00e1n\u00ed v t\u011bchto p\u0159\u00edpadech\u00a0<\/span><em><span dir=\"auto\">\u201eslou\u017e\u00ed rusk\u00e9 nespravedlnosti\u201c<\/span><\/em><span dir=\"auto\">\u00a0, a po\u017eadoval ukon\u010den\u00ed vy\u0161et\u0159ov\u00e1n\u00ed s t\u00edm, \u017ee Polsko zadr\u017een\u00e9 ukrajinsk\u00e9 podez\u0159el\u00e9 nevyd\u00e1.<\/span><\/p>\n<p><span dir=\"auto\">Polsk\u00fd premi\u00e9r Donald Tusk se tak\u00e9 postavil proti vyd\u00e1n\u00ed a prohl\u00e1sil, \u017ee\u00a0<\/span><em><span dir=\"auto\">\u201eprobl\u00e9m se Nord Streamem 2 nen\u00ed v tom, \u017ee byl vyhozen do pov\u011bt\u0159\u00ed, ale v tom, \u017ee byl postaven.\u201c<\/span><\/em><\/p>\n<p><span dir=\"auto\">Ru\u0161t\u00ed p\u0159edstavitel\u00e9 mezit\u00edm trvaj\u00ed na tom, \u017ee za sabot\u00e1\u017e\u00ed pravd\u011bpodobn\u011b st\u00e1l st\u00e1tn\u00ed \u010dinitel, a obvinili N\u011bmecko ze zatajov\u00e1n\u00ed d\u016fkaz\u016f a vylou\u010den\u00ed Moskvy z vy\u0161et\u0159ov\u00e1n\u00ed.<\/span><\/p>\n<p><span dir=\"auto\">V roce 2023 zve\u0159ejnil zku\u0161en\u00fd americk\u00fd novin\u00e1\u0159 Seymour Hersh zpr\u00e1vu, v n\u00ed\u017e tvrdil, \u017ee USA na p\u0159\u00edkaz tehdej\u0161\u00edho prezidenta Joea Bidena zorganizovaly sabot\u00e1\u017e s vyu\u017eit\u00edm pot\u00e1p\u011b\u010d\u016f n\u00e1mo\u0159nictva s norskou podporou b\u011bhem cvi\u010den\u00ed NATO BALTOPS 22. Washington a Oslo toto tvrzen\u00ed pop\u0159ely.<\/span><\/p>\n<p><img decoding=\"async\" loading=\"lazy\" class=\"alignnone size-full wp-image-1185\" src=\"http:\/\/www.infokuryr.cz\/n\/wp-content\/uploads\/2021\/04\/kuryr-podpis.png\" alt=\"\" width=\"84\" height=\"24\" \/><\/p>\n<p>&nbsp;<\/p>\n","protected":false},"excerpt":{"rendered":"<p>N\u011bmeck\u00e9 trestn\u00ed vy\u0161et\u0159ov\u00e1n\u00ed zni\u010den\u00ed potrub\u00ed neslou\u017e\u00ed z\u00e1jm\u016fm Polska, tvrd\u00ed \u0161\u00e9f n\u00e1rodn\u00ed bezpe\u010dnosti! Boj\u00ed se Pol\u00e1ci,&#8230;<\/p>\n","protected":false},"author":2,"featured_media":23991,"comment_status":"closed","ping_status":"closed","sticky":false,"template":"","format":"standard","meta":[],"categories":[7],"tags":[84,415,31,2703],"_links":{"self":[{"href":"https:\/\/www.infokuryr.cz\/n\/wp-json\/wp\/v2\/posts\/89909"}],"collection":[{"href":"https:\/\/www.infokuryr.cz\/n\/wp-json\/wp\/v2\/posts"}],"about":[{"href":"https:\/\/www.infokuryr.cz\/n\/wp-json\/wp\/v2\/types\/post"}],"author":[{"embeddable":true,"href":"https:\/\/www.infokuryr.cz\/n\/wp-json\/wp\/v2\/users\/2"}],"replies":[{"embeddable":true,"href":"https:\/\/www.infokuryr.cz\/n\/wp-json\/wp\/v2\/comments?post=89909"}],"version-history":[{"count":0,"href":"https:\/\/www.infokuryr.cz\/n\/wp-json\/wp\/v2\/posts\/89909\/revisions"}],"wp:featuredmedia":[{"embeddable":true,"href":"https:\/\/www.infokuryr.cz\/n\/wp-json\/wp\/v2\/media\/23991"}],"wp:attachment":[{"href":"https:\/\/www.infokuryr.cz\/n\/wp-json\/wp\/v2\/media?parent=89909"}],"wp:term":[{"taxonomy":"category","embeddable":true,"href":"https:\/\/www.infokuryr.cz\/n\/wp-json\/wp\/v2\/categories?post=89909"},{"taxonomy":"post_tag","embeddable":true,"href":"https:\/\/www.infokuryr.cz\/n\/wp-json\/wp\/v2\/tags?post=89909"}],"curies":[{"name":"wp","href":"https:\/\/api.w.org\/{rel}","templated":true}]}}