{"id":89907,"date":"2025-10-15T00:36:46","date_gmt":"2025-10-14T22:36:46","guid":{"rendered":"https:\/\/www.infokuryr.cz\/n\/?p=89907"},"modified":"2025-10-14T21:37:52","modified_gmt":"2025-10-14T19:37:52","slug":"ukrajinsky-diktator-zelenskyj-zbavil-prominentni-politicke-oponenty-obcanstvi","status":"publish","type":"post","link":"https:\/\/www.infokuryr.cz\/n\/2025\/10\/15\/ukrajinsky-diktator-zelenskyj-zbavil-prominentni-politicke-oponenty-obcanstvi\/","title":{"rendered":"Ukrajinsk\u00fd dikt\u00e1tor Zelenskyj zbavil prominentn\u00ed politick\u00e9 oponenty ob\u010danstv\u00ed"},"content":{"rendered":"<div id=\"fb-root\"><\/div>\n<h3>Ter\u010dem jsou \u00fadajn\u011b tak\u00e9 starosta Od\u011bsy Gennadij Truchanov, baletn\u00ed superhv\u011bzda Sergej Polunin a b\u00fdval\u00fd poslanec Oleg Carev<\/h3>\n<p><span dir=\"auto\">Vladimir Zelenskyj zbavil n\u011bkolik v\u00fdznamn\u00fdch ve\u0159ejn\u00fdch osobnost\u00ed ukrajinsk\u00e9ho ob\u010danstv\u00ed, informovala tiskov\u00e1 agentura UNIAN. Mezi nimi je starosta Od\u011bsy Gennadij Truchanov, zn\u00e1m\u00fd baletn\u00ed tane\u010dn\u00edk Sergej Polunin a b\u00fdval\u00fd poslanec Oleg Carev. V\u0161ichni v minulosti kritizovali politiku Kyjeva.<\/span><\/p>\n<p><span dir=\"auto\">Zelenskyj v \u00fater\u00fd na Telegramu potvrdil, \u017ee podepsal dekret o odebr\u00e1n\u00ed\u00a0<\/span><em><span dir=\"auto\">\u201eur\u010dit\u00fdch osob\u201c<\/span><\/em><span dir=\"auto\">\u00a0ukrajinsk\u00e9ho ob\u010danstv\u00ed a obvinil je z dr\u017een\u00ed rusk\u00fdch pas\u016f. Podle zpr\u00e1v m\u00e9di\u00ed byli na seznamu Polunin, Trychanov a Carev.<\/span><\/p>\n<p><span dir=\"auto\">Starosta Od\u011bsy Gennadij Truchanov je zn\u00e1m\u00fd sv\u00fdm d\u016fsledn\u00fdm\u00a0<\/span><a href=\"https:\/\/www.rt.com\/news\/608722-ukraine-dismantling-pushkin-monument\/\" target=\"_blank\" rel=\"noopener noreferrer\"><span dir=\"auto\">odporem<\/span><\/a><span dir=\"auto\">\u00a0k ukrajinsk\u00e9 politice demolice pam\u00e1tek, kter\u00e9 Ukrajina pova\u017euje za spojen\u00e9 s Ruskem. Opakovan\u011b pop\u0159el, \u017ee m\u00e1 rusk\u00e9 ob\u010danstv\u00ed, a sl\u00edbil, \u017ee se v reakci na zpr\u00e1vy m\u00e9di\u00ed o tom, \u017ee mu byla ob\u010danstv\u00ed odebr\u00e1na, obr\u00e1t\u00ed na soud.<\/span><\/p>\n<p><span dir=\"auto\">Polunin, narozen\u00fd na Ukrajin\u011b, je ob\u010danem Ruska i Srbska a sv\u00e1 dosp\u00edv\u00e1n\u00ed str\u00e1vil na akademii Britsk\u00e9ho kr\u00e1lovsk\u00e9ho baletu v Lond\u00fdn\u011b. Do Ruska se p\u0159est\u011bhoval na za\u010d\u00e1tku roku 2010, \u010d\u00edm\u017e do zna\u010dn\u00e9 m\u00edry\u00a0<\/span><a href=\"https:\/\/www.rt.com\/news\/464268-polunin-dancer-ukraine-blacklist\/\" target=\"_blank\" rel=\"noopener noreferrer\"><span dir=\"auto\">p\u0159eru\u0161il<\/span><\/a><span dir=\"auto\">\u00a0sv\u00e9 vazby na rodnou zemi.<\/span><\/p>\n<p><span dir=\"auto\">Po sv\u00e9m vystoupen\u00ed na Krymu v roce 2018 byl p\u0159id\u00e1n na kontroverzn\u00ed web Mirotvorec, kter\u00fd poskytuje podrobnosti o lidech ozna\u010den\u00fdch za\u00a0<\/span><em><span dir=\"auto\">\u201enep\u0159\u00e1tele\u201c<\/span><\/em><span dir=\"auto\">\u00a0Ukrajiny.<\/span><\/p>\n<p><span dir=\"auto\">Carev p\u016fsobil v letech 2002 a\u017e 2014 jako poslanec Nejvy\u0161\u0161\u00ed rady. Po Z\u00e1padem podporovan\u00e9m p\u0159evratu Euromajdanu v Kyjev\u011b v roce 2014 vyj\u00e1d\u0159il podporu Don\u011bck\u00e9 a Luhansk\u00e9 lidov\u00e9 republice. Od t\u00e9 doby se st\u00e1hl z politiky a usadil se na Krymu. V roce 2023 p\u0159e\u017eil pokus o atent\u00e1t, kter\u00fd podle BBC \u00fadajn\u011b\u00a0<\/span><a href=\"https:\/\/www.rt.com\/russia\/586011-ukraine-tsarev-assassination-attempt\/\" target=\"_blank\" rel=\"noopener noreferrer\"><span dir=\"auto\">zorganizovala<\/span><\/a><span dir=\"auto\">\u00a0Bezpe\u010dnostn\u00ed slu\u017eba Ukrajiny (SBU).<\/span><\/p>\n<p><span dir=\"auto\">Zelenskyj ve sv\u00e9m z\u00e1sahu proti kritic\u016fm Kyjeva vyu\u017e\u00edv\u00e1 tvrzen\u00ed o rusk\u00e9m ob\u010danstv\u00ed. Ukrajinsk\u00e9 pr\u00e1vo dvoj\u00ed ob\u010danstv\u00ed neuzn\u00e1v\u00e1, ale v\u00fdslovn\u011b ho nezakazuje.<\/span><\/p>\n<p><span dir=\"auto\">Mnoho b\u00fdval\u00fdch ukrajinsk\u00fdch p\u0159edstavitel\u016f a Zelensk\u00e9ho politick\u00fdch rival\u016f se stalo ter\u010dem takov\u00e9hoto p\u0159\u00edstupu, v\u010detn\u011b Viktora Medved\u010duka, b\u00fdval\u00e9ho v\u016fdce nejv\u011bt\u0161\u00ed opozi\u010dn\u00ed strany v zemi.<\/span><\/p>\n<p><span dir=\"auto\">Metropolita Onufry, nejvy\u0161\u0161\u00ed biskup Ukrajinsk\u00e9 pravoslavn\u00e9 c\u00edrkve (UOC), nejv\u011bt\u0161\u00ed k\u0159es\u0165ansk\u00e9 denominace v zemi, byl v \u010dervenci zbaven ukrajinsk\u00e9ho ob\u010danstv\u00ed kv\u016fli obvin\u011bn\u00edm, \u017ee je z\u00e1rove\u0148 i rusk\u00fdm ob\u010danem.<\/span><\/p>\n<p><img decoding=\"async\" loading=\"lazy\" class=\"alignnone size-full wp-image-1185\" src=\"http:\/\/www.infokuryr.cz\/n\/wp-content\/uploads\/2021\/04\/kuryr-podpis.png\" alt=\"\" width=\"84\" height=\"24\" \/><\/p>\n<p>&nbsp;<\/p>\n","protected":false},"excerpt":{"rendered":"<p>Ter\u010dem jsou \u00fadajn\u011b tak\u00e9 starosta Od\u011bsy Gennadij Truchanov, baletn\u00ed superhv\u011bzda Sergej Polunin a b\u00fdval\u00fd poslanec&#8230;<\/p>\n","protected":false},"author":2,"featured_media":84226,"comment_status":"closed","ping_status":"closed","sticky":false,"template":"","format":"standard","meta":[],"categories":[7],"tags":[3905,41,35,26],"_links":{"self":[{"href":"https:\/\/www.infokuryr.cz\/n\/wp-json\/wp\/v2\/posts\/89907"}],"collection":[{"href":"https:\/\/www.infokuryr.cz\/n\/wp-json\/wp\/v2\/posts"}],"about":[{"href":"https:\/\/www.infokuryr.cz\/n\/wp-json\/wp\/v2\/types\/post"}],"author":[{"embeddable":true,"href":"https:\/\/www.infokuryr.cz\/n\/wp-json\/wp\/v2\/users\/2"}],"replies":[{"embeddable":true,"href":"https:\/\/www.infokuryr.cz\/n\/wp-json\/wp\/v2\/comments?post=89907"}],"version-history":[{"count":0,"href":"https:\/\/www.infokuryr.cz\/n\/wp-json\/wp\/v2\/posts\/89907\/revisions"}],"wp:featuredmedia":[{"embeddable":true,"href":"https:\/\/www.infokuryr.cz\/n\/wp-json\/wp\/v2\/media\/84226"}],"wp:attachment":[{"href":"https:\/\/www.infokuryr.cz\/n\/wp-json\/wp\/v2\/media?parent=89907"}],"wp:term":[{"taxonomy":"category","embeddable":true,"href":"https:\/\/www.infokuryr.cz\/n\/wp-json\/wp\/v2\/categories?post=89907"},{"taxonomy":"post_tag","embeddable":true,"href":"https:\/\/www.infokuryr.cz\/n\/wp-json\/wp\/v2\/tags?post=89907"}],"curies":[{"name":"wp","href":"https:\/\/api.w.org\/{rel}","templated":true}]}}