{"id":89902,"date":"2025-10-15T00:33:43","date_gmt":"2025-10-14T22:33:43","guid":{"rendered":"https:\/\/www.infokuryr.cz\/n\/?p=89902"},"modified":"2025-10-14T18:10:11","modified_gmt":"2025-10-14T16:10:11","slug":"na-ukrajine-zavedli-rozvinutou-liberalni-lzidokracie-zrusili-tam-vsechny-volby-za-tohle-bojuji-ceske-elity-2","status":"publish","type":"post","link":"https:\/\/www.infokuryr.cz\/n\/2025\/10\/15\/na-ukrajine-zavedli-rozvinutou-liberalni-lzidokracie-zrusili-tam-vsechny-volby-za-tohle-bojuji-ceske-elity-2\/","title":{"rendered":"Na Ukrajin\u011b zavedli rozvinutou liber\u00e1ln\u00ed l\u017eidokracie \u2013 zru\u0161ili tam v\u0161echny volby. Za tohle bojuj\u00ed \u201e\u010desk\u00e9 elity\u201c?"},"content":{"rendered":"<div id=\"fb-root\"><\/div>\n<p><strong>Na Ukrajin\u011b panuje rozvinut\u00e1 liber\u00e1ln\u00ed l\u017eidokracie, ta se vyzna\u010duje nepot\u0159ebnost\u00ed voleb.<\/strong>\u00a0P\u011bkn\u011b popo\u0159\u00e1dku.<\/p>\n<ol>\n<li>Volby do ukrajinsk\u00e9ho parlamentu (<a href=\"https:\/\/cs.wikipedia.org\/wiki\/Parlamentn%C3%AD_volby_na_Ukrajin%C4%9B_2023\">Ukrajinsk\u00e1 nejvy\u0161\u0161\u00ed rada<\/a>)\u00a0<strong>m\u011bly prob\u011bhnout nejpozd\u011bji 29.10.2023,\u00a0<\/strong>ale byly odlo\u017eeny na \u201eneur\u010dito\u201c po v\u00e1lce\u2026 podle vyj\u00e1d\u0159en\u00ed \u201eukrajinsk\u00fdch\u201c politik\u016f pr\u00fd nejsou moment\u00e1ln\u011b pot\u0159eba.\u00a0<strong>M\u00e1me tedy brzy p\u011bkn\u00e9 v\u00fdro\u010d\u00ed!<\/strong><\/li>\n<li>V<strong>olby prezidenta m\u011bly prob\u011bhnout 31.3.2024<\/strong>, ale prezident Zielenski prohl\u00e1sil, \u017ee pr\u00fd nen\u00ed vhodn\u00e1 doba a tak volby nebudou a op\u011bt se odlo\u017eili na \u201eneur\u010dito\u201c.<\/li>\n<li>Podobn\u00e9 je to s volbami do m\u011bstsk\u00fdch zastupitelstev a starost\u016f, ty se tak\u00e9 odlo\u017eily na\u00a0<strong>\u201eneur\u010dito\u201c..<\/strong><\/li>\n<\/ol>\n<p>Na Ukrajin\u011b<strong>\u00a0tedy vl\u00e1dne prezident, kter\u00fd nem\u00e1 \u017e\u00e1dn\u00fd mand\u00e1t, o z\u00e1konech rozhoduje parlament, kter\u00fd nem\u00e1 \u017e\u00e1dn\u00fd mand\u00e1t a na radnic\u00edch sed\u00ed starostov\u00e9, kte\u0159\u00ed nemaj\u00ed \u017e\u00e1dn\u00fd mand\u00e1t. Cel\u00e1 sou\u010dasn\u00e1 ukrajinsk\u00e1 politick\u00e1 garnitura je bez voli\u010dsk\u00e9 legitimity.<\/strong><\/p>\n<p><strong>Pro\u010d to nevad\u00ed bojovn\u00edk\u016fm za demokracii v Z\u00e1padn\u00ed Evrop\u011b ?<\/strong>\u00a0U Ma\u010farska, Slovenska a nyn\u00ed i \u010ceska si zt\u011b\u017euj\u00ed na \u201e\u0161patn\u00e9 volby\u201c. Kdy\u017e voli\u010d nevol\u00ed jejich kandid\u00e1ty, tak to nen\u00ed demokracie.\u00a0<strong>Kdy\u017e na Ukrajin\u011b nejsou volby v\u016fbec a u moci sed\u00ed jejich loutky, tak to je naopak \u00fa\u017easn\u00e9.<\/strong><\/p>\n<p>Ofici\u00e1ln\u011b se zru\u0161en\u00ed voleb vysv\u011btluje v\u00e1le\u010dn\u00fdm stavem, ale ono by p\u0159ece nebylo t\u011b\u017ek\u00e9 si volby podle pot\u0159eby na\u0161vindlovat. J<strong>de tedy o n\u011bco jin\u00e9ho. Ukrajina se st\u00e1v\u00e1 vzorovou l\u017eidokracii, kde se u\u017e na volby a demokracii nehraje. Ciz\u00ed p\u00e1ni se p\u0159ece nebudou obt\u011b\u017eovat n\u011bjak\u00fdmi volbami?!<\/strong><\/p>\n<p><strong>Na vstup do EU a NATO je ale Ukrajina p\u0159ipraven\u00e1!<\/strong><\/p>\n<p><a href=\"https:\/\/ceskavec.com\/2025\/10\/na-ukrajine-zavedli-rozvinutou-liberalni-lzidokracie-zrusili-tam-vsechny-volby-za-tohle-bojuji-ceske-elity\"><em>Serhej Bondarenko, Kiev<\/em><\/a><\/p>\n<p>&nbsp;<\/p>\n","protected":false},"excerpt":{"rendered":"<p>Na Ukrajin\u011b panuje rozvinut\u00e1 liber\u00e1ln\u00ed l\u017eidokracie, ta se vyzna\u010duje nepot\u0159ebnost\u00ed voleb.\u00a0P\u011bkn\u011b popo\u0159\u00e1dku. Volby do ukrajinsk\u00e9ho&#8230;<\/p>\n","protected":false},"author":2,"featured_media":89903,"comment_status":"closed","ping_status":"closed","sticky":false,"template":"","format":"standard","meta":[],"categories":[6],"tags":[670,35,26,27],"_links":{"self":[{"href":"https:\/\/www.infokuryr.cz\/n\/wp-json\/wp\/v2\/posts\/89902"}],"collection":[{"href":"https:\/\/www.infokuryr.cz\/n\/wp-json\/wp\/v2\/posts"}],"about":[{"href":"https:\/\/www.infokuryr.cz\/n\/wp-json\/wp\/v2\/types\/post"}],"author":[{"embeddable":true,"href":"https:\/\/www.infokuryr.cz\/n\/wp-json\/wp\/v2\/users\/2"}],"replies":[{"embeddable":true,"href":"https:\/\/www.infokuryr.cz\/n\/wp-json\/wp\/v2\/comments?post=89902"}],"version-history":[{"count":0,"href":"https:\/\/www.infokuryr.cz\/n\/wp-json\/wp\/v2\/posts\/89902\/revisions"}],"wp:featuredmedia":[{"embeddable":true,"href":"https:\/\/www.infokuryr.cz\/n\/wp-json\/wp\/v2\/media\/89903"}],"wp:attachment":[{"href":"https:\/\/www.infokuryr.cz\/n\/wp-json\/wp\/v2\/media?parent=89902"}],"wp:term":[{"taxonomy":"category","embeddable":true,"href":"https:\/\/www.infokuryr.cz\/n\/wp-json\/wp\/v2\/categories?post=89902"},{"taxonomy":"post_tag","embeddable":true,"href":"https:\/\/www.infokuryr.cz\/n\/wp-json\/wp\/v2\/tags?post=89902"}],"curies":[{"name":"wp","href":"https:\/\/api.w.org\/{rel}","templated":true}]}}