{"id":8990,"date":"2022-03-10T03:16:54","date_gmt":"2022-03-10T02:16:54","guid":{"rendered":"http:\/\/www.infokuryr.cz\/n\/?p=8990"},"modified":"2022-03-10T03:16:54","modified_gmt":"2022-03-10T02:16:54","slug":"stavka-dopravcu-vyzva-vlade","status":"publish","type":"post","link":"https:\/\/www.infokuryr.cz\/n\/2022\/03\/10\/stavka-dopravcu-vyzva-vlade\/","title":{"rendered":"St\u00e1vka dopravc\u016f, v\u00fdzva vl\u00e1d\u011b"},"content":{"rendered":"<div id=\"fb-root\"><\/div>\n<p>St\u00e1vka dopravc\u016f, v\u00fdzva vl\u00e1d\u011b<\/p>\n<p>Po dvoulet\u00e9m protiz\u00e1konn\u00e9m rabov\u00e1n\u00ed st\u0159edn\u00edho podnik\u00e1n\u00ed p\u0159ich\u00e1z\u00ed dal\u0161\u00ed krize. Oslaben\u00e9 podniky a \u017eivnostn\u00edci \u010del\u00ed prudk\u00e9mu n\u00e1r\u016fstu n\u00e1klad\u016f. R\u016fst cen energi\u00ed, paliv a z\u00e1kladn\u00edch surovin o des\u00edtky, n\u011bkdy i stovky procent je pro mnoh\u00e9 z n\u00e1s likvida\u010dn\u00ed. Vl\u00e1dy okoln\u00edch zem\u00ed jsou si v\u011bdomi, co je p\u00e1te\u0159\u00ed ekonomiky. Proto tak\u00e9 sni\u017euj\u00ed dan\u011b, stropuj\u00ed ceny z\u00e1kladn\u00edch komodit, odkl\u00e1daj\u00ed spl\u00e1tky \u00fav\u011br\u016f. \u010cesk\u00e1 vl\u00e1da se v\u011bnuje zejm\u00e9na v\u00e1lce a katastrofa st\u0159edn\u00edho stavu s dopadem na zbytek spole\u010dnosti ji nech\u00e1v\u00e1 chladnou. Ji\u017e n\u011bkolikr\u00e1t \u017e\u00e1daly odbory a oborov\u00e9 skupiny otev\u0159en\u00e9 jedn\u00e1n\u00ed a pomoc p\u0159i t\u00e9to krizi. Bohu\u017eel to nen\u00ed atraktivn\u00ed t\u00e9ma sou\u010dasnosti. Cena z\u00e1kladn\u00edch vstupn\u00edch n\u00e1klad\u016f jako jsou pohonn\u00e9 hmoty a energie jsou \u010dasovanou bombou pro celou ekonomiku. Jestli se ihned nebudou na\u0161i z\u00e1konod\u00e1rci t\u00edmto probl\u00e9mem zab\u00fdvat, rozto\u010d\u00ed se spir\u00e1la zvy\u0161ov\u00e1n\u00ed cen a n\u00e1sledn\u00e9 chudoby.<\/p>\n<p>Proto vyz\u00fdv\u00e1me\u00a0Vl\u00e1du a Parlament \u010cesk\u00e9 republiky, aby okam\u017eit\u011b zastropovaly\u00a0ceny u pohonn\u00fdch hmot a energi\u00ed a n\u00e1sledn\u011b za\u010daly jednat se z\u00e1stupci jednotliv\u00fdch obor\u016f.<\/p>\n<p>Dnes bude Poslaneck\u00e1 sn\u011bmovna hlasovat o \u010d\u00e1sti z\u00e1chrann\u00fdch opat\u0159en\u00ed. Pokud se poslanci obr\u00e1t\u00ed z\u00e1dy ke sv\u00fdm voli\u010d\u016fm, bude to pro n\u00e1s jasn\u00fd sign\u00e1l pohrd\u00e1n\u00ed probl\u00e9my cel\u00e9 spole\u010dnosti.<\/p>\n<p>V\u00a0p\u0159\u00edpad\u011b dne\u0161n\u00edho zam\u00edtnut\u00ed za stropov\u00e1n\u00ed cen energi\u00ed a pohonn\u00fdch hmot vyhl\u00e1s\u00edme na p\u00e1tek st\u00e1vkovou pohotovost. Ta bude trvat 7 dn\u00ed. Pokud vl\u00e1da ani Parlament nep\u0159ijme ochrann\u00e1 opat\u0159en\u00ed, vyhl\u00e1s\u00edme celorepublikovou st\u00e1vku na n\u00e1sleduj\u00edc\u00ed p\u00e1tek v\u0161ech zasa\u017een\u00fdch odv\u011btv\u00ed. St\u00e1vku bude doprov\u00e1zet demonstrace za sn\u00ed\u017een\u00ed cen energi\u00ed a pohonn\u00fdch hmot, kter\u00e9 devastuj\u00ed rozpo\u010dty rodin v\u00a0cel\u00e9 zemi.<\/p>\n<p>Jakub Olbert<\/p>\n<p>Chc\u00edpl PES<\/p>\n<p><a href=\"http:\/\/go.sparkpostmail.com\/f\/a\/k7IK9WoLPWSVvIYr8x2H2Q~~\/AAA-fAA~\/RgRkCy7EP0Q6aHR0cHM6Ly93d3cuZmFjZWJvb2suY29tL2NoY2lwbHBlcy92aWRlb3MvNDk4MTEyMTc5MTkyMzQ3NFcDc3BjQgpiJ_CpKGLV7Y2LUhZpbmZva3VyeXJAaW5mb2t1cnlyLmN6WAQAAHgf\" target=\"_blank\" rel=\"noopener noreferrer\">D\u011bkujeme, \u017ee se pt\u00e1te, jak m\u016f\u017eete pomoci. Co vlastn\u011b dnes matky s d\u011btmi, nebo samotn\u00e9 d\u011bti bez doprovodu \u010di invalidn\u00ed osoby, pro kter\u00e9 jezd\u00edme na hranice mezi Slovenskem a Ukrajinou nejv\u00edce pot\u0159ebuj\u00ed? P\u0159i n\u00e1stupu se nejv\u00edce ptaj\u00ed po dece, n\u011bco mal\u00e9ho, sladk\u00e9ho pro d\u011bti, tepl\u00fd n\u00e1poj a n\u011bco na bolest hlavy atd..<\/a><\/p>\n<p>Co by n\u00e1m pomohlo:<\/p>\n<p>L\u00e9ky na b\u011b\u017en\u00e9 nachlazen\u00ed, \u010di bolest, plenky, hygienick\u00e9 pot\u0159eby, vlh\u010den\u00e9 ubrousky, balenou vodu, ale po 0,5l. N\u011bjak\u00e9 sladkosti \u010di ovoce pro d\u011bti. Nic pros\u00edm co te\u010de, lep\u00ed atd. D\u00e1le n\u00e1m m\u016f\u017eete p\u0159isp\u011bt na naftu a cestovn\u00ed n\u00e1klady. Jedna cesta n\u00e1s vyjde cca na 35tis. transparentn\u00ed \u00fa\u010det 6084472319\/0800,<\/p>\n<p>Dal\u0161\u00ed term\u00edny cest na Ukrajinu10.3. 16:00,\u00a014.3\u00a0a pak uvid\u00edme. Jezd\u00edme na hrani\u010dn\u00ed p\u0159echod Ub\u013ea. Cestu zp\u011bt se zastavujeme na n\u00e1dra\u017e\u00ed Ko\u0161ice, \u017dilina, Zl\u00edn, Brno, Praha, Jince<\/p>\n<p>Pomoc pros\u00edm noste do pivovaru Mal\u00fd Janek z Jinec, E\u0161kova 33, Jince nebo restaurace \u0160eber\u00e1k, K \u0161eber\u00e1ku 358, Praha 4 -Kunratice.<\/p>\n<p>Ji\u0159\u00ed Jane\u010dek<\/p>\n<ul>\n<li>Jsme proti vyhl\u00e1\u0161en\u00ed nouzov\u00e9ho stavu. Situace ho nevy\u017eaduje. Op\u011bt se do\u010dk\u00e1me nepr\u016fhledn\u00fdch v\u00fdb\u011brov\u00fdch \u0159\u00edzen\u00ed bez uve\u0159ejn\u011bn\u00ed, kter\u00fd nouzov\u00fd stav umo\u017e\u0148uje.<\/li>\n<li>Hon na hnut\u00ed Chc\u00edpl PES\u00a0Zat\u00edmco veden\u00ed a \u010dlenov\u00e9 hnut\u00ed Chc\u00edpl PES v sou\u010dasn\u00fdch dnech tr\u00e1v\u00ed \u010das v autobusu p\u0159i sv\u00e1\u017een\u00ed uprchl\u00edk\u016f z ukrajinsk\u00e9 hranice, po\u0159\u00e1daj\u00ed Hospod\u00e1\u0159sk\u00e9 noviny hon na veden\u00ed hnut\u00ed. Report\u00e9\u0159i tohoto den\u00edku nev\u00e1haj\u00ed zkreslovat informace v z\u00e1jmu sv\u00e9 sledovanosti. Zasahuj\u00ed hluboko do osobn\u00edch a obchodn\u00edch aktivit jednotliv\u00fdch \u010dlen\u016f s c\u00edlem naj\u00edt cokoliv dehonestuj\u00edc\u00edho na lidi, kte\u0159\u00ed u\u017e v\u00edce jak rok bojuj\u00ed za na\u0161e svobody. M\u00edsto, aby pom\u00e1hali lidem, kte\u0159\u00ed se v sou\u010dasn\u00e9 chv\u00edli sna\u017e\u00ed zkr\u00e1tit utrpen\u00ed lid\u00ed zasa\u017een\u00fdch v\u00e1lkou, rozs\u00e9vaj\u00ed nen\u00e1vist a pomluvy.Hnut\u00ed Chc\u00edpl PES i \u010dlenov\u00e9 veden\u00ed se proti t\u011bmto ur\u00e1\u017ek\u00e1m a l\u017e\u00edm budou br\u00e1nit pr\u00e1vn\u00ed cestou. Cht\u011bj\u00ed n\u00e1s uml\u010det a to se jim nepovede!<\/li>\n<\/ul>\n<p>Jakub Olbert Chc\u00edpl PES<\/p>\n<p>Chc\u00edpl PES, kter\u00fd zalo\u017eili \u017eivnostn\u00edci, podnikatel\u00e9 a ob\u010dan\u00e9, kte\u0159\u00ed nesouhlasili s poru\u0161ov\u00e1n\u00edm osobn\u00edch svobod, vypisuj\u00ed sb\u00edrku na pomoc oby\u010dejn\u00fdm lidem zasa\u017een\u00fdch v\u00e1le\u010dn\u00fdm konfliktem. Tato humanit\u00e1rn\u00ed pomoc je ur\u010dena pro v\u0161echny uprchl\u00edky z v\u00fdchodu, a to bez rozd\u00edlu.<\/p>\n<p>V p\u0159\u00edpad\u011b zasl\u00e1n\u00ed daru uve\u010fte ,, dar na pomoc ob\u011btem v\u00e1lky,,. Finan\u010dn\u00ed prost\u0159edky budou pou\u017eity v\u00fdhradn\u011b na ubytov\u00e1n\u00ed, zaji\u0161t\u011bn\u00ed stravov\u00e1n\u00ed \u00a0a dopravy. Ve\u0161ker\u00e9 n\u00e1klady a p\u0159\u00edjmy budou vy\u00fa\u010dtov\u00e1ny a zve\u0159ejn\u011bny na webov\u00fdch str\u00e1nk\u00e1ch. Pivovar Mal\u00fd Janek z Jinec ji\u017e vy\u010dlenil 20 l\u016f\u017eek a dal\u0161\u00ed kolegov\u00e9 se p\u0159id\u00e1vaj\u00ed. \u00a0Dnes nejde o politiku ale o lidi!<\/p>\n<p><a href=\"http:\/\/go.sparkpostmail.com\/f\/a\/ykgjQPMwrdYO_Eq7YOSFBQ~~\/AAA-fAA~\/RgRkCy7EP0QsaHR0cHM6Ly9vdGV2cmVtZWNlc2tvLmN6L3RyYW5zcGFyZW50bmktdWNldC9XA3NwY0IKYifwqShi1e2Ni1IWaW5mb2t1cnlyQGluZm9rdXJ5ci5jelgEAAB4Hw~~\" target=\"_blank\" rel=\"noopener noreferrer\">Transparentn\u00ed \u00fa\u010det hnut\u00ed\u00a0<strong>\u00a0Chc\u00edpl Pes\u00a0<\/strong><\/a>\u00a0jak poskytnout dar<\/p>\n<p><a href=\"http:\/\/go.sparkpostmail.com\/f\/a\/ykgjQPMwrdYO_Eq7YOSFBQ~~\/AAA-fAA~\/RgRkCy7EP0QsaHR0cHM6Ly9vdGV2cmVtZWNlc2tvLmN6L3RyYW5zcGFyZW50bmktdWNldC9XA3NwY0IKYifwqShi1e2Ni1IWaW5mb2t1cnlyQGluZm9rdXJ5ci5jelgEAAB4Hw~~\" target=\"_blank\" rel=\"noopener noreferrer\">6084472319\/0800,\u00a0IBAN CZ30 0800 0000 0060 8447 2319,\u00a0BIC: GIBACZPX<\/a><\/p>\n<p><a href=\"http:\/\/go.sparkpostmail.com\/f\/a\/PyrrMq3MjTigh0gwQfgYcw~~\/AAA-fAA~\/RgRkCy7EP0QjaHR0cHM6Ly9mb3Jtcy5nbGUvYmI0VHRRM2ZielpGRFROZDhXA3NwY0IKYifwqShi1e2Ni1IWaW5mb2t1cnlyQGluZm9rdXJ5ci5jelgEAAB4Hw~~\" target=\"_blank\" rel=\"noopener noreferrer\">M\u00e1m autobus nebo voln\u00e9 ubytovac\u00ed kapacity a chci pomoci oby\u010dejn\u00fdm lidem zasa\u017een\u00fdch v\u00e1le\u010dn\u00fdm konfliktem<\/a><\/p>\n<p><strong>Jakub Olbert a Ji\u0159\u00ed Jane\u010dek, \u00a0Chc\u00edpl PES\u00a0<\/strong><\/p>\n<p><img decoding=\"async\" loading=\"lazy\" class=\"alignnone size-medium wp-image-7137\" src=\"http:\/\/www.infokuryr.cz\/n\/wp-content\/uploads\/2021\/12\/chcipl-pes-300x113.jpg\" alt=\"\" width=\"300\" height=\"113\" srcset=\"https:\/\/www.infokuryr.cz\/n\/wp-content\/uploads\/2021\/12\/chcipl-pes-300x113.jpg 300w, https:\/\/www.infokuryr.cz\/n\/wp-content\/uploads\/2021\/12\/chcipl-pes-768x288.jpg 768w, https:\/\/www.infokuryr.cz\/n\/wp-content\/uploads\/2021\/12\/chcipl-pes.jpg 800w\" sizes=\"(max-width: 300px) 100vw, 300px\" \/><\/p>\n<p>&nbsp;<\/p>\n","protected":false},"excerpt":{"rendered":"<p>St\u00e1vka dopravc\u016f, v\u00fdzva vl\u00e1d\u011b Po dvoulet\u00e9m protiz\u00e1konn\u00e9m rabov\u00e1n\u00ed st\u0159edn\u00edho podnik\u00e1n\u00ed p\u0159ich\u00e1z\u00ed dal\u0161\u00ed krize. Oslaben\u00e9 podniky&#8230;<\/p>\n","protected":false},"author":2,"featured_media":4989,"comment_status":"closed","ping_status":"closed","sticky":false,"template":"","format":"standard","meta":[],"categories":[6],"tags":[558,2036,951,99],"_links":{"self":[{"href":"https:\/\/www.infokuryr.cz\/n\/wp-json\/wp\/v2\/posts\/8990"}],"collection":[{"href":"https:\/\/www.infokuryr.cz\/n\/wp-json\/wp\/v2\/posts"}],"about":[{"href":"https:\/\/www.infokuryr.cz\/n\/wp-json\/wp\/v2\/types\/post"}],"author":[{"embeddable":true,"href":"https:\/\/www.infokuryr.cz\/n\/wp-json\/wp\/v2\/users\/2"}],"replies":[{"embeddable":true,"href":"https:\/\/www.infokuryr.cz\/n\/wp-json\/wp\/v2\/comments?post=8990"}],"version-history":[{"count":0,"href":"https:\/\/www.infokuryr.cz\/n\/wp-json\/wp\/v2\/posts\/8990\/revisions"}],"wp:featuredmedia":[{"embeddable":true,"href":"https:\/\/www.infokuryr.cz\/n\/wp-json\/wp\/v2\/media\/4989"}],"wp:attachment":[{"href":"https:\/\/www.infokuryr.cz\/n\/wp-json\/wp\/v2\/media?parent=8990"}],"wp:term":[{"taxonomy":"category","embeddable":true,"href":"https:\/\/www.infokuryr.cz\/n\/wp-json\/wp\/v2\/categories?post=8990"},{"taxonomy":"post_tag","embeddable":true,"href":"https:\/\/www.infokuryr.cz\/n\/wp-json\/wp\/v2\/tags?post=8990"}],"curies":[{"name":"wp","href":"https:\/\/api.w.org\/{rel}","templated":true}]}}