{"id":89899,"date":"2025-10-15T00:31:54","date_gmt":"2025-10-14T22:31:54","guid":{"rendered":"https:\/\/www.infokuryr.cz\/n\/?p=89899"},"modified":"2025-10-14T18:04:35","modified_gmt":"2025-10-14T16:04:35","slug":"co-se-skutecne-stalo-v-izraeli-7-rijna-analyza-zalozena-na-zprave-chrise-hedgese-s-maxem-blumenthalem","status":"publish","type":"post","link":"https:\/\/www.infokuryr.cz\/n\/2025\/10\/15\/co-se-skutecne-stalo-v-izraeli-7-rijna-analyza-zalozena-na-zprave-chrise-hedgese-s-maxem-blumenthalem\/","title":{"rendered":"Co se skute\u010dn\u011b stalo v Izraeli 7. \u0159\u00edjna: Anal\u00fdza zalo\u017een\u00e1 na zpr\u00e1v\u011b Chrise Hedgese s Maxem Blumenthalem"},"content":{"rendered":"<div id=\"fb-root\"><\/div>\n<p><span dir=\"auto\">7. \u0159\u00edjna 2025, v den, kdy do\u0161lo k vp\u00e1du militant\u016f Ham\u00e1su na izraelsk\u00e9 \u00fazem\u00ed, se mno\u017e\u00ed zpr\u00e1vy nazna\u010duj\u00edc\u00ed, \u017ee izraelsk\u00e1 arm\u00e1da se zam\u011b\u0159ila nejen na bojovn\u00edky Ham\u00e1su, ale i na izraelsk\u00e9 rukojm\u00ed, kter\u00e9 zajali. Tato d\u011bsiv\u00e1 zji\u0161t\u011bn\u00ed poch\u00e1zej\u00ed ze sv\u011bdeck\u00fdch v\u00fdpov\u011bd\u00ed a zpr\u00e1v izraelsk\u00e9ho tisku, kter\u00e9\u00a0v r\u00e1mci\u00a0<em>zpr\u00e1vy Chrise Hedgese zkoumal Max Blumenthal, investigativn\u00ed report\u00e9r den\u00edku\u00a0<\/em><\/span><em><span dir=\"auto\">The Grayzone<\/span><\/em><span dir=\"auto\">\u00a0. N\u00e1sleduj\u00edc\u00ed \u010dl\u00e1nek nab\u00edz\u00ed hloubkovou anal\u00fdzu ud\u00e1lost\u00ed a jejich d\u016fsledk\u016f.<\/span><\/p>\n<figure class=\"wp-block-embed is-type-video is-provider-youtube wp-block-embed-youtube wp-embed-aspect-16-9 wp-has-aspect-ratio\">\n<div class=\"wp-block-embed__wrapper\"><iframe loading=\"lazy\" title=\"Co se doopravdy stalo v Izraeli 7. \u0159\u00edjna? s Maxem Blumenthalem | Zpr\u00e1va Chrise Hedgese\" src=\"https:\/\/www.youtube.com\/embed\/d0gECjlpXF8?feature=oembed\" width=\"800\" height=\"450\" frameborder=\"0\" allowfullscreen=\"allowfullscreen\" data-mce-fragment=\"1\"><\/iframe><\/div>\n<\/figure>\n<h3 class=\"wp-block-heading\"><span dir=\"auto\">Chaotick\u00e9 boje a rozhodnut\u00ed izraelsk\u00fdch velitel\u016f<\/span><\/h3>\n<p><span dir=\"auto\">Tuval Escapa, \u010dlen bezpe\u010dnostn\u00edho t\u00fdmu kibucu Be&#8217;eri, izraelsk\u00e9mu listu\u00a0<\/span><em><span dir=\"auto\">Haaretz<\/span><\/em><span dir=\"auto\">\u00a0\u0159ekl , \u017ee z\u0159\u00eddil horkou linku, aby zajistil koordinaci mezi obyvateli kibucu a izraelskou arm\u00e1dou. Vzhledem k eskaluj\u00edc\u00ed situaci v\u0161ak velitel\u00e9 v poli u\u010dinili drastick\u00e1 rozhodnut\u00ed.<\/span><\/p>\n<p><span dir=\"auto\">Escapa popsal, jak byly domy obsahuj\u00edc\u00ed teroristy i rukojm\u00ed ost\u0159elov\u00e1ny, aby se eliminovala hrozba \u2013 bez ohledu na d\u016fsledky pro rukojm\u00ed. Jin\u00e1 zpr\u00e1va\u00a0<\/span><em><span dir=\"auto\">Haaretzu<\/span><\/em><span dir=\"auto\">\u00a0zmi\u0148uje, \u017ee izrael\u0161t\u00ed velitel\u00e9 na\u0159\u00eddili leteck\u00fd \u00fader na jejich vlastn\u00ed za\u0159\u00edzen\u00ed na hrani\u010dn\u00edm p\u0159echodu Erez do Gazy ve snaze znovu z\u00edskat kontrolu od terorist\u016f. Tato z\u00e1kladna ubytov\u00e1vala civiln\u00ed administrativn\u00ed \u00fa\u0159edn\u00edky a voj\u00e1ky, co\u017e podtrhuje z\u00e1va\u017enost rozhodnut\u00ed.<\/span><\/p>\n<h3 class=\"wp-block-heading\"><span dir=\"auto\">Hannibalova sm\u011brnice: Historick\u00fd kontext<\/span><\/h3>\n<p><span dir=\"auto\">Tato taktika nen\u00ed nov\u00e1. V roce 1986 Izrael zavedl tzv.\u00a0<\/span><strong><span dir=\"auto\">Hannibalovu sm\u011brnici<\/span><\/strong><span dir=\"auto\">\u00a0, pojmenovanou po kart\u00e1ginsk\u00e9m gener\u00e1lovi Hannibalovi, kter\u00fd se otr\u00e1vil, aby se vyhnul zajet\u00ed \u0158\u00edmany. Tato politika umo\u017e\u0148uje pou\u017eit\u00ed maxim\u00e1ln\u00ed s\u00edly k zabr\u00e1n\u011bn\u00ed zajet\u00ed izraelsk\u00fdch voj\u00e1k\u016f nebo civilist\u016f nep\u0159\u00e1teli \u2013 i kdyby to znamenalo smrt zajatc\u016f.<\/span><\/p>\n<p><span dir=\"auto\">V\u00fdrazn\u00fdm p\u0159\u00edkladem byla\u00a0<\/span><strong><span dir=\"auto\">operace Ochrann\u00e1 hrana<\/span><\/strong><span dir=\"auto\">\u00a0v roce 2014, kdy bojovn\u00edci Ham\u00e1su zajali izraelsk\u00e9ho voj\u00e1ka poru\u010d\u00edka Hadara Goldina. V reakci na to Izrael na oblast, kde byl Goldin dr\u017een, zasypal v\u00edce ne\u017e 2 000 bombami, raketami a gran\u00e1ty, co\u017e m\u011blo za n\u00e1sledek jeho smrt a smrt v\u00edce ne\u017e 100 palestinsk\u00fdch civilist\u016f. A\u010dkoli bylo toto na\u0159\u00edzen\u00ed ofici\u00e1ln\u011b zru\u0161eno v roce 2016, ud\u00e1losti ze 7. \u0159\u00edjna vyvol\u00e1vaj\u00ed ot\u00e1zky, zda bylo ml\u010dky obnoveno.<\/span><\/p>\n<h3 class=\"wp-block-heading\"><span dir=\"auto\">Vy\u0161et\u0159ov\u00e1n\u00ed Maxe Blumenthala<\/span><\/h3>\n<p><span dir=\"auto\">Blumenthal, kter\u00fd analyzoval zpr\u00e1vy pro\u00a0<\/span><em><span dir=\"auto\">The Grayzone<\/span><\/em><span dir=\"auto\">\u00a0, poznamen\u00e1v\u00e1, \u017ee ofici\u00e1ln\u00ed tvrzen\u00ed \u2013 \u017ee terorist\u00e9 Ham\u00e1su bez rozd\u00edlu zab\u00edjeli civilisty, zapalovali rodiny a prov\u00e1d\u011bli masakry \u2013 je pravdiv\u00e9 jen \u010d\u00e1ste\u010dn\u011b. I kdy\u017e existuj\u00ed d\u016fkazy o zab\u00edjen\u00ed bojovn\u00edky Ham\u00e1su, rozs\u00e1hl\u00e9 \u0161kody a vysok\u00fd po\u010det izraelsk\u00fdch civiln\u00edch ob\u011bt\u00ed nazna\u010duj\u00ed nep\u0159im\u011b\u0159enou reakci izraelsk\u00e9 arm\u00e1dy.<\/span><\/p>\n<p><span dir=\"auto\">Fotografick\u00e9 d\u016fkazy zve\u0159ejn\u011bn\u00e9 izraelsk\u00fdm ministerstvem zahrani\u010d\u00ed a pozd\u011bji odstran\u011bn\u00e9 ukazuj\u00ed roztaven\u00e1 auta a zuhelnat\u011bl\u00e1 t\u011bla, typick\u00e9 pro\u00a0<\/span><strong><span dir=\"auto\">\u00fatoky raketami Hellfire<\/span><\/strong><span dir=\"auto\">\u00a0z vrtuln\u00edk\u016f Apache \u2013 zbra\u0148, kterou Ham\u00e1s nevlastn\u00ed.<\/span><\/p>\n<h3 class=\"wp-block-heading\"><span dir=\"auto\">Kl\u00ed\u010dov\u00e9 ud\u00e1losti: Erez Crossing, kibuc Be&#8217;eri a hudebn\u00ed festival Nova<\/span><\/h3>\n<p><strong><span dir=\"auto\">P\u0159echod Erez:<\/span><\/strong><span dir=\"auto\">\u00a0Tento \u00fast\u0159edn\u00ed bod obl\u00e9h\u00e1n\u00ed Gazy byl obsazen komandy Ham\u00e1su. Velitel gazsk\u00e9 divize se rozhodl odp\u00e1lit na svou vlastn\u00ed z\u00e1kladnu rakety Hellfire z vrtuln\u00edk\u016f Apache, co\u017e zp\u016fsobilo masivn\u00ed \u0161kody na stavb\u011b a \u010detn\u00e9 ob\u011bti. To znamenalo za\u010d\u00e1tek operace\u00a0<\/span><em><span dir=\"auto\">\u017delezn\u00e9 me\u010de<\/span><\/em><span dir=\"auto\">\u00a0, plo\u0161n\u00e9ho bombardov\u00e1n\u00ed Gazy.<\/span><\/p>\n<p><strong><span dir=\"auto\">Kibuc Be&#8217;eri:<\/span><\/strong><span dir=\"auto\">\u00a0Zde do\u0161lo k v\u011bt\u0161in\u011b civiln\u00edch ob\u011bt\u00ed. Sv\u011bdkyn\u011b Yasmin Poratov\u00e1 vypr\u00e1v\u011bla, jak byla spolu s dal\u0161\u00edmi rukojm\u00edmi dr\u017eena v zajet\u00ed v dom\u011b, dokud nedorazily izraelsk\u00e9 speci\u00e1ln\u00ed jednotky a neost\u0159elovaly budovu tankov\u00fdmi gran\u00e1ty. V\u011bt\u0161ina obyvatel, v\u010detn\u011b jej\u00edho spoutan\u00e9ho partnera, byla zabita. Struktur\u00e1ln\u00ed po\u0161kozen\u00ed nazna\u010duje, \u017ee tankov\u00e1 palba p\u0159esahuje mo\u017enosti Ham\u00e1su.<\/span><\/p>\n<p><strong><span dir=\"auto\">Hudebn\u00ed festival Nova:<\/span><\/strong><span dir=\"auto\">\u00a0Pot\u00e9, co se dob\u0159e vycvi\u010den\u00e1 komanda Ham\u00e1su st\u00e1hla, se z Gazy hrnuly neorganizovan\u00e9 skupiny, v\u010detn\u011b kolemjdouc\u00edch a m\u00e9n\u011b vycvi\u010den\u00fdch bojovn\u00edk\u016f. Videa ukazuj\u00ed, jak se st\u0159\u00edl\u00ed na auta s rukojm\u00edmi, ale t\u011b\u017ece po\u0161kozen\u00e1 vozidla a oho\u0159el\u00e9 mrtvoly nazna\u010duj\u00ed \u00fatoky vrtuln\u00edk\u016f. Piloti Apache hl\u00e1sili palbu, ani\u017e by jasn\u011b rozli\u0161ovali mezi civilisty a bojovn\u00edky, a dostali rozkaz spot\u0159ebovat ve\u0161kerou munici.<\/span><\/p>\n<h3 class=\"wp-block-heading\"><span dir=\"auto\">Propaganda a jej\u00ed d\u016fsledky<\/span><\/h3>\n<p><span dir=\"auto\">Izraelsk\u00e1 vl\u00e1da zneu\u017eila t\u011bchto ud\u00e1lost\u00ed k rozs\u00e1hl\u00e9 propagand\u011b a \u0161\u00ed\u0159ila l\u017ei typu \u201e40 s\u0165at\u00fdch d\u011bt\u00ed\u201c (opakovan\u00e9 prezidentem Bidenem) nebo d\u011bti \u201eupe\u010den\u00e9 v pec\u00edch\u201c. Tyto p\u0159\u00edb\u011bhy byly pozd\u011bji odvol\u00e1ny, ale \u0161\u00ed\u0159ily se nov\u00e9 narativy zalo\u017een\u00e9 na oho\u0159el\u00fdch \u010d\u00e1stech t\u011bl (pravd\u011bpodobn\u011b zp\u016fsoben\u00fdch izraelsk\u00fdmi raketami).<\/span><\/p>\n<p><span dir=\"auto\">Fotografie byly p\u016fvodn\u011b nahr\u00e1ny na webov\u00e9 str\u00e1nky ministerstva zahrani\u010d\u00ed, ale pozd\u011bji byly odstran\u011bny, \u00fadajn\u011b kv\u016fli technick\u00fdm chyb\u00e1m. Tato propaganda ospravedl\u0148ovala prob\u00edhaj\u00edc\u00ed \u00fatoky na Gazu, kter\u00e9 podle jednoho zdroje zabily 20 000 lid\u00ed, co\u017e by se dalo pova\u017eovat\u00a0<\/span><strong><span dir=\"auto\">za genocidu<\/span><\/strong><span dir=\"auto\">\u00a0.<\/span><\/p>\n<h3 class=\"wp-block-heading\"><span dir=\"auto\">D\u016fsledky pro rukojm\u00ed<\/span><\/h3>\n<p><span dir=\"auto\">Rukojm\u00ed v Gaze \u010dek\u00e1 bez\u00fat\u011b\u0161n\u00e1 budoucnost. Star\u0161\u00ed rukojm\u00ed z kibucu Nir Oz ost\u0159e kritizoval Netanjahua a obvinil ho, \u017ee nem\u00e1 z\u00e1jem je zachr\u00e1nit \u2013 p\u0159i bombov\u00fdch \u00fatoc\u00edch ji\u017e zem\u0159elo nejm\u00e9n\u011b 50 rukojm\u00edch.<\/span><\/p>\n<p><span dir=\"auto\">Politick\u00e1 dynamika, umocn\u011bn\u00e1 extr\u00e9mn\u00ed propagandou, znemo\u017e\u0148uje jedn\u00e1n\u00ed. Zajet\u00ed Ham\u00e1su m\u011blo spustit v\u00fdm\u011bnu v\u011bz\u0148\u016f podobnou t\u00e9 v roce 2011 (Gilad \u0160alit za 1027 palestinsk\u00fdch v\u011bz\u0148\u016f), ale Netanjahuova vl\u00e1da zjevn\u011b sleduje c\u00edl\u00a0<\/span><strong><span dir=\"auto\">zm\u011bny re\u017eimu v Gaze<\/span><\/strong><span dir=\"auto\">\u00a0, co\u017e by znamenalo m\u011bs\u00edce ni\u010div\u00e9 v\u00e1lky, v n\u00ed\u017e jsou \u0161ance rukojm\u00edch na p\u0159e\u017eit\u00ed minim\u00e1ln\u00ed.<\/span><\/p>\n<h3 class=\"wp-block-heading\"><span dir=\"auto\">Z\u00e1v\u011br<\/span><\/h3>\n<p><span dir=\"auto\">Ud\u00e1losti ze 7. \u0159\u00edjna odhaluj\u00ed slo\u017eitou sm\u011bs \u00fatok\u016f Ham\u00e1su, izraelsk\u00fdch protiopat\u0159en\u00ed a mo\u017en\u00e9ho obnoven\u00ed Hannibalovy sm\u011brnice.<\/span><\/p>\n<p><span dir=\"auto\">Blumenthalovo vy\u0161et\u0159ov\u00e1n\u00ed nazna\u010duje, \u017ee mnoho izraelsk\u00fdch civilist\u016f a voj\u00e1k\u016f zem\u0159elo v d\u016fsledku\u00a0<\/span><strong><span dir=\"auto\">palby z vlastn\u00edch zdroj\u016f<\/span><\/strong><span dir=\"auto\">\u00a0, zat\u00edmco propaganda tuto realitu zkreslovala, aby ospravedlnila genocidn\u00ed politiku v Gaze.<\/span><\/p>\n<p><span dir=\"auto\">Eskalace by mohla v\u00e9st k\u00a0<\/span><strong><span dir=\"auto\">region\u00e1ln\u00edmu konfliktu<\/span><\/strong><span dir=\"auto\">\u00a0, jeliko\u017e izraelskou spole\u010dnost z\u0159ejm\u011b sv\u00edr\u00e1 vra\u017eedn\u00e1 zu\u0159ivost, \u017eiven\u00e1 podporou Z\u00e1padu. K odhalen\u00ed cel\u00e9 pravdy jsou nal\u00e9hav\u011b pot\u0159ebn\u00e9 dal\u0161\u00ed zpr\u00e1vy a nez\u00e1visl\u00e1 vy\u0161et\u0159ov\u00e1n\u00ed.<\/span><\/p>\n<p><img decoding=\"async\" loading=\"lazy\" class=\"alignnone size-full wp-image-1185\" src=\"http:\/\/www.infokuryr.cz\/n\/wp-content\/uploads\/2021\/04\/kuryr-podpis.png\" alt=\"\" width=\"84\" height=\"24\" \/><\/p>\n<p>&nbsp;<\/p>\n","protected":false},"excerpt":{"rendered":"<p>7. \u0159\u00edjna 2025, v den, kdy do\u0161lo k vp\u00e1du militant\u016f Ham\u00e1su na izraelsk\u00e9 \u00fazem\u00ed, se&#8230;<\/p>\n","protected":false},"author":2,"featured_media":89900,"comment_status":"closed","ping_status":"closed","sticky":false,"template":"","format":"standard","meta":[],"categories":[7],"tags":[1042,347,107,871],"_links":{"self":[{"href":"https:\/\/www.infokuryr.cz\/n\/wp-json\/wp\/v2\/posts\/89899"}],"collection":[{"href":"https:\/\/www.infokuryr.cz\/n\/wp-json\/wp\/v2\/posts"}],"about":[{"href":"https:\/\/www.infokuryr.cz\/n\/wp-json\/wp\/v2\/types\/post"}],"author":[{"embeddable":true,"href":"https:\/\/www.infokuryr.cz\/n\/wp-json\/wp\/v2\/users\/2"}],"replies":[{"embeddable":true,"href":"https:\/\/www.infokuryr.cz\/n\/wp-json\/wp\/v2\/comments?post=89899"}],"version-history":[{"count":0,"href":"https:\/\/www.infokuryr.cz\/n\/wp-json\/wp\/v2\/posts\/89899\/revisions"}],"wp:featuredmedia":[{"embeddable":true,"href":"https:\/\/www.infokuryr.cz\/n\/wp-json\/wp\/v2\/media\/89900"}],"wp:attachment":[{"href":"https:\/\/www.infokuryr.cz\/n\/wp-json\/wp\/v2\/media?parent=89899"}],"wp:term":[{"taxonomy":"category","embeddable":true,"href":"https:\/\/www.infokuryr.cz\/n\/wp-json\/wp\/v2\/categories?post=89899"},{"taxonomy":"post_tag","embeddable":true,"href":"https:\/\/www.infokuryr.cz\/n\/wp-json\/wp\/v2\/tags?post=89899"}],"curies":[{"name":"wp","href":"https:\/\/api.w.org\/{rel}","templated":true}]}}