{"id":89871,"date":"2025-10-15T00:22:10","date_gmt":"2025-10-14T22:22:10","guid":{"rendered":"https:\/\/www.infokuryr.cz\/n\/?p=89871"},"modified":"2025-10-14T12:03:47","modified_gmt":"2025-10-14T10:03:47","slug":"trump-zbavuje-hluboky-stat-moci-nejvyssi-soud-vraci-prezidentovi-plnou-moc","status":"publish","type":"post","link":"https:\/\/www.infokuryr.cz\/n\/2025\/10\/15\/trump-zbavuje-hluboky-stat-moci-nejvyssi-soud-vraci-prezidentovi-plnou-moc\/","title":{"rendered":"Trump zbavuje Hlubok\u00fd st\u00e1t moci: Nejvy\u0161\u0161\u00ed soud vrac\u00ed prezidentovi plnou moc"},"content":{"rendered":"<div id=\"fb-root\"><\/div>\n<p><strong><span dir=\"auto\">Nejvy\u0161\u0161\u00ed soud USA obnovil Trumpovu \u00fastavn\u00ed pravomoc odvol\u00e1vat ne\u017e\u00e1douc\u00ed komisa\u0159e z feder\u00e1ln\u00edch agentur. Poprv\u00e9 za 90 let m\u016f\u017ee prezident vy\u010distit administrativn\u00ed st\u00e1t. Toto rozhodnut\u00ed rozb\u00edj\u00ed ba\u0161ty hlubok\u00e9ho st\u00e1tu a \u010din\u00ed st\u00ednovou vl\u00e1du zranitelnou.<\/span><\/strong><\/p>\n<p><span dir=\"auto\">Existuj\u00ed historick\u00e9 okam\u017eiky, kdy tanky nemus\u00ed valit, aby ot\u0159\u00e1sly re\u017eimem \u2013 sta\u010d\u00ed soudn\u00ed rozhodnut\u00ed. P\u0159esn\u011b to se stalo ve Spojen\u00fdch st\u00e1tech. Nejvy\u0161\u0161\u00ed soud velkolep\u00fdm rozhodnut\u00edm zlomil\u00a0<\/span><a href=\"https:\/\/www.nelsonmullins.com\/insights\/alerts\/additional_nelson_mullins_alerts\/all\/supreme-court-allows-president-trump-to-remove-democratic-cpsc-commissioners\"><span dir=\"auto\">\u0159et\u011bzy<\/span><\/a><span dir=\"auto\"> , kter\u00e9 poutaly prezidenty posledn\u00edch devades\u00e1ti let k administrativn\u00edmu st\u00e1tu. Poprv\u00e9 od roku 1935 m\u016f\u017ee americk\u00fd prezident odvolat nedotknuteln\u00e9 komisa\u0159e byrokratick\u00e9ho st\u00ednov\u00e9ho apar\u00e1tu.<\/span><\/p>\n<p><span dir=\"auto\">Od rozsudku v p\u0159\u00edpadu\u00a0<\/span><em><span dir=\"auto\">Humphrey&#8217;s Executor v. United States<\/span><\/em><span dir=\"auto\">\u00a0z roku 1935 byla v\u00fdkonn\u00e1 moc rukojm\u00edm neomezen\u00e9 byrokratick\u00e9 moci. Nevolen\u00ed \u00fa\u0159edn\u00edci, samozvan\u00ed komisa\u0159i a ideologi\u010dt\u00ed aktivist\u00e9 ve feder\u00e1ln\u00edch agentur\u00e1ch vytv\u00e1\u0159eli politiku proti v\u016fli zvolen\u00e9 vl\u00e1dy. Nemohli b\u00fdt odvol\u00e1ni. Ani lidem. Ani Kongresem. Ani vrchn\u00edm velitelem. Vl\u00e1dli pod \u0161t\u00edtem \u201enez\u00e1vislosti\u201c, co\u017e ve skute\u010dnosti byla jejich imunita v\u016f\u010di demokracii, odpov\u011bdnosti a samospr\u00e1v\u011b. \u201eHlubok\u00fd st\u00e1t\u201c, kter\u00fd si v podstat\u011b mohl d\u011blat, co cht\u011bl.<\/span><\/p>\n<figure class=\"wp-block-embed is-type-rich is-provider-twitter wp-block-embed-twitter\">\n<div class=\"wp-block-embed__wrapper\">\n<div class=\"twitter-tweet twitter-tweet-rendered\"><iframe id=\"twitter-widget-0\" class=\"\" title=\"X P\u0159\u00edsp\u011bvek\" src=\"https:\/\/platform.twitter.com\/embed\/Tweet.html?dnt=true&amp;embedId=twitter-widget-0&amp;features=eyJ0ZndfdGltZWxpbmVfbGlzdCI6eyJidWNrZXQiOltdLCJ2ZXJzaW9uIjpudWxsfSwidGZ3X2ZvbGxvd2VyX2NvdW50X3N1bnNldCI6eyJidWNrZXQiOnRydWUsInZlcnNpb24iOm51bGx9LCJ0ZndfdHdlZXRfZWRpdF9iYWNrZW5kIjp7ImJ1Y2tldCI6Im9uIiwidmVyc2lvbiI6bnVsbH0sInRmd19yZWZzcmNfc2Vzc2lvbiI6eyJidWNrZXQiOiJvbiIsInZlcnNpb24iOm51bGx9LCJ0ZndfZm9zbnJfc29mdF9pbnRlcnZlbnRpb25zX2VuYWJsZWQiOnsiYnVja2V0Ijoib24iLCJ2ZXJzaW9uIjpudWxsfSwidGZ3X21peGVkX21lZGlhXzE1ODk3Ijp7ImJ1Y2tldCI6InRyZWF0bWVudCIsInZlcnNpb24iOm51bGx9LCJ0ZndfZXhwZXJpbWVudHNfY29va2llX2V4cGlyYXRpb24iOnsiYnVja2V0IjoxMjA5NjAwLCJ2ZXJzaW9uIjpudWxsfSwidGZ3X3Nob3dfYmlyZHdhdGNoX3Bpdm90c19lbmFibGVkIjp7ImJ1Y2tldCI6Im9uIiwidmVyc2lvbiI6bnVsbH0sInRmd19kdXBsaWNhdGVfc2NyaWJlc190b19zZXR0aW5ncyI6eyJidWNrZXQiOiJvbiIsInZlcnNpb24iOm51bGx9LCJ0ZndfdXNlX3Byb2ZpbGVfaW1hZ2Vfc2hhcGVfZW5hYmxlZCI6eyJidWNrZXQiOiJvbiIsInZlcnNpb24iOm51bGx9LCJ0ZndfdmlkZW9faGxzX2R5bmFtaWNfbWFuaWZlc3RzXzE1MDgyIjp7ImJ1Y2tldCI6InRydWVfYml0cmF0ZSIsInZlcnNpb24iOm51bGx9LCJ0ZndfbGVnYWN5X3RpbWVsaW5lX3N1bnNldCI6eyJidWNrZXQiOnRydWUsInZlcnNpb24iOm51bGx9LCJ0ZndfdHdlZXRfZWRpdF9mcm9udGVuZCI6eyJidWNrZXQiOiJvbiIsInZlcnNpb24iOm51bGx9fQ%3D%3D&amp;frame=false&amp;hideCard=false&amp;hideThread=false&amp;id=1976857609962418238&amp;lang=cs&amp;origin=https%3A%2F%2Freport24.news%2Ftrump-entmachtet-den-deep-state-oberster-gerichtshof-gibt-praesident-volle-macht-zurueck%2F&amp;sessionId=009db4cbce93676e5701e1bb13794df3f4de2ad6&amp;theme=light&amp;widgetsVersion=2615f7e52b7e0%3A1702314776716&amp;width=550px\" frameborder=\"0\" scrolling=\"no\" allowfullscreen=\"allowfullscreen\" data-tweet-id=\"1976857609962418238\" data-mce-fragment=\"1\"><\/iframe><\/div>\n<\/div>\n<\/figure>\n<p><span dir=\"auto\">Toto kouzlo v\u0161ak bylo zlomeno. Nejvy\u0161\u0161\u00ed soud v historick\u00e9m rozhodnut\u00ed, kter\u00e9 vze\u0161lo 6:3, nyn\u00ed potvrdil, \u017ee prezident Trump m\u00e1 plnou \u00fastavn\u00ed pravomoc odvolat demokratick\u00e9 komisa\u0159e Mary Boyleovou, Richarda Trumku Jr. a Alexandra Hoehna-Sarica z americk\u00e9 Komise pro bezpe\u010dnost spot\u0159ebn\u00edho zbo\u017e\u00ed (CPSC). Nejvy\u0161\u0161\u00ed soud jasn\u011b p\u0159ipomn\u011bl, na co by establishment r\u00e1d zapomn\u011bl: V\u00fdkonn\u00e1 moc Spojen\u00fdch st\u00e1t\u016f spo\u010d\u00edv\u00e1 v rukou prezidenta \u2013 a pouze prezidenta.<\/span><\/p>\n<p><span dir=\"auto\">T\u00edmto rozhodnut\u00edm explodovala v srdci Washingtonu politick\u00e1 v\u00fdbu\u0161nina. Rozbila z\u00e1klady byrokratick\u00e9 vl\u00e1dy: ochranu nevolen\u00fdch p\u0159ed zvolen\u00fdmi. To, co za\u010dalo v p\u0159\u00edpadu CPSC, se jako dominov\u00fd efekt roz\u0161\u00ed\u0159ilo celou feder\u00e1ln\u00ed hydrou: FTC, SEC, NLRB, CDC, FDA, DOE \u2013 stovky pozic v des\u00edtk\u00e1ch agentur nyn\u00ed m\u016f\u017ee prezident odvolat a nahradit. \u201eNedotknuteln\u00ed\u201c se n\u00e1hle st\u00e1vaj\u00ed smrteln\u00fdmi. St\u00ednov\u00e1 vl\u00e1da je zraniteln\u00e1.<\/span><\/p>\n<p><span dir=\"auto\">\u010clov\u011bk mus\u00ed pochopit historick\u00fd rozm\u011br: Od doby, kdy Franklin D. Roosevelt prom\u011bnil americkou byrokracii v politicky kontrolovanou administrativn\u00ed elitu, ka\u017ed\u00e1 vl\u00e1da fungovala v\u00edcem\u00e9n\u011b v z\u00e1kulis\u00ed permanentn\u00ed mocensk\u00e9 struktury, kter\u00e1 nikdy nebyla odvol\u00e1na z funkce a nikdy se nezodpov\u00eddala. Prezidenti se stali maskoty, volen\u00fdmi lidem, ale ovl\u00e1dan\u00fdmi \u00fa\u0159edn\u00edky agentur. Trump je prvn\u00edm prezidentem, kter\u00fd se s touto nestv\u016frou otev\u0159en\u011b utkal. Ale ve sv\u00e9m prvn\u00edm funk\u010dn\u00edm obdob\u00ed mu chyb\u011bla zbra\u0148. Te\u010f ji m\u00e1. Pr\u00e1vnickou gilotinu \u2013 vytvo\u0159enou Nejvy\u0161\u0161\u00edm soudem.<\/span><\/p>\n<p><span dir=\"auto\">Poprv\u00e9 od dob Roosevelta se moc ve Spojen\u00fdch st\u00e1tech vrac\u00ed tam, kam pat\u0159\u00ed od roku 1789: do \u00dastavy. Nevolen\u00ed \u00fa\u0159edn\u00edci nevl\u00e1dnou zvolen\u00fdm politik\u016fm. V\u00fdkonn\u00e1 moc nen\u00ed h\u0159i\u0161t\u011bm progresivn\u00edch komisa\u0159\u016f. Prezident nen\u00ed tajemn\u00edkem st\u00e1tn\u00edch \u00fa\u0159edn\u00edk\u016f \u2013 je jejich nad\u0159\u00edzen\u00fdm.<\/span><\/p>\n<p><img decoding=\"async\" loading=\"lazy\" class=\"alignnone size-full wp-image-1185\" src=\"http:\/\/www.infokuryr.cz\/n\/wp-content\/uploads\/2021\/04\/kuryr-podpis.png\" alt=\"\" width=\"84\" height=\"24\" \/><\/p>\n<p>&nbsp;<\/p>\n","protected":false},"excerpt":{"rendered":"<p>Nejvy\u0161\u0161\u00ed soud USA obnovil Trumpovu \u00fastavn\u00ed pravomoc odvol\u00e1vat ne\u017e\u00e1douc\u00ed komisa\u0159e z feder\u00e1ln\u00edch agentur. Poprv\u00e9 za&#8230;<\/p>\n","protected":false},"author":2,"featured_media":89872,"comment_status":"closed","ping_status":"closed","sticky":false,"template":"","format":"standard","meta":[],"categories":[7],"tags":[2960,1352,37],"_links":{"self":[{"href":"https:\/\/www.infokuryr.cz\/n\/wp-json\/wp\/v2\/posts\/89871"}],"collection":[{"href":"https:\/\/www.infokuryr.cz\/n\/wp-json\/wp\/v2\/posts"}],"about":[{"href":"https:\/\/www.infokuryr.cz\/n\/wp-json\/wp\/v2\/types\/post"}],"author":[{"embeddable":true,"href":"https:\/\/www.infokuryr.cz\/n\/wp-json\/wp\/v2\/users\/2"}],"replies":[{"embeddable":true,"href":"https:\/\/www.infokuryr.cz\/n\/wp-json\/wp\/v2\/comments?post=89871"}],"version-history":[{"count":0,"href":"https:\/\/www.infokuryr.cz\/n\/wp-json\/wp\/v2\/posts\/89871\/revisions"}],"wp:featuredmedia":[{"embeddable":true,"href":"https:\/\/www.infokuryr.cz\/n\/wp-json\/wp\/v2\/media\/89872"}],"wp:attachment":[{"href":"https:\/\/www.infokuryr.cz\/n\/wp-json\/wp\/v2\/media?parent=89871"}],"wp:term":[{"taxonomy":"category","embeddable":true,"href":"https:\/\/www.infokuryr.cz\/n\/wp-json\/wp\/v2\/categories?post=89871"},{"taxonomy":"post_tag","embeddable":true,"href":"https:\/\/www.infokuryr.cz\/n\/wp-json\/wp\/v2\/tags?post=89871"}],"curies":[{"name":"wp","href":"https:\/\/api.w.org\/{rel}","templated":true}]}}