{"id":89867,"date":"2025-10-15T00:20:51","date_gmt":"2025-10-14T22:20:51","guid":{"rendered":"https:\/\/www.infokuryr.cz\/n\/?p=89867"},"modified":"2025-10-14T11:58:30","modified_gmt":"2025-10-14T09:58:30","slug":"o-cem-byl-skandal-ve-vatikanu-muz-moci-na-oltar-baziliky-svateho-petra","status":"publish","type":"post","link":"https:\/\/www.infokuryr.cz\/n\/2025\/10\/15\/o-cem-byl-skandal-ve-vatikanu-muz-moci-na-oltar-baziliky-svateho-petra\/","title":{"rendered":"O \u010dem byl skand\u00e1l ve Vatik\u00e1nu: \u201eMu\u017e\u201c mo\u010d\u00ed na olt\u00e1\u0159 baziliky svat\u00e9ho Petra"},"content":{"rendered":"<div id=\"fb-root\"><\/div>\n<p><strong><span dir=\"auto\">\u201eMu\u017e\u201c, t\u00e9m\u011b\u0159 jist\u011b muslim z Bl\u00edzk\u00e9ho v\u00fdchodu nebo severn\u00ed Afriky, mo\u010d\u00ed b\u011bhem m\u0161e na olt\u00e1\u0159 baziliky svat\u00e9ho Petra ve Vatik\u00e1nu. Ale tat\u00e1\u017e m\u00e9dia, kter\u00e1 spust\u00ed stroj na pobou\u0159en\u00ed poka\u017ed\u00e9, kdy\u017e se p\u0159ed me\u0161itou najde prase\u010d\u00ed hlava, ml\u010d\u00ed. Jsou to jen katol\u00edci&#8230;<\/span><\/strong><\/p>\n<p><span dir=\"auto\">Byl to akt \u010dist\u00e9 provokace, facka v\u0161em k\u0159es\u0165an\u016fm: 11. \u0159\u00edjna 2025 se \u201emu\u017e\u201c (ano, jako obvykle, mainstream p\u00ed\u0161e \u201emu\u017e\u201c pouze tehdy, kdy\u017e mluv\u00ed o jak\u00e9mkoli migrantovi nebo muslimovi) vymo\u010dil se sta\u017een\u00fdmi kalhotami na olt\u00e1\u0159 baziliky svat\u00e9ho Petra uprost\u0159ed\u00a0<\/span><a href=\"https:\/\/nypost.com\/2025\/10\/11\/world-news\/man-urinates-on-altar-at-vatican-citys-st-peters-basilica-during-holy-mass\/\"><span dir=\"auto\">m\u0161e svat\u00e9<\/span><\/a><span dir=\"auto\">\u00a0. \u017d\u00e1dn\u00e1 vlna pobou\u0159en\u00ed, \u017e\u00e1dn\u00e9 pobou\u0159en\u00ed politik\u016f \u2013 jen ticho. Jak hloup\u00ed si o n\u00e1s vlastn\u011b mysl\u00ed? Kdyby n\u011bkdo ud\u011blal tot\u00e9\u017e v me\u0161it\u011b, pachatel\u00e9 by u\u017e byli ve vazb\u011b, m\u00e9dia a politici by se do\u017eadovali maxim\u00e1ln\u00edch trest\u016f a isl\u00e1msk\u00e1 lobby by protestovala zuby nehty.<\/span><\/p>\n<p><span dir=\"auto\">Z\u00e1padn\u00ed pokrytectv\u00ed je nesnesiteln\u00e9. Ti sam\u00ed novin\u00e1\u0159i, politici a nevl\u00e1dn\u00ed organizace, kte\u0159\u00ed ozna\u010duj\u00ed ka\u017edou prase\u010d\u00ed hlavu p\u0159ed me\u0161itou za \u201ezlo\u010din z nen\u00e1visti\u201c, se chovaj\u00ed, jako by mu\u017e mo\u010d\u00edc\u00ed pobl\u00ed\u017e olt\u00e1\u0159e jednoho z nejv\u00fdznamn\u011bj\u0161\u00edch katolick\u00fdch kostel\u016f byl pouze trapn\u00fd incident. To je \u010dist\u011b \u00famysln\u00e9. K\u0159es\u0165ansk\u00e9 symboly jsou znehodnocov\u00e1ny, v\u00edra je zesm\u011b\u0161\u0148ov\u00e1na a kulturn\u00ed p\u00e1te\u0159 jejich vlastn\u00ed civilizace je podkop\u00e1v\u00e1na.<\/span><\/p>\n<p><span dir=\"auto\">Fakta jsou jasn\u00e1. Videa ukazuj\u00ed mu\u017ee, jak b\u011bhem m\u0161e mo\u010d\u00ed na olt\u00e1\u0159 se sta\u017een\u00fdmi kalhotami. Bezpe\u010dnostn\u00ed slo\u017eky zas\u00e1hly, ale jeho identita a p\u016fvod z\u016fstaly nezn\u00e1m\u00e9. Vatik\u00e1n ml\u010del. Srovnejte to s t\u00edmto: Kdy\u017e byly v z\u00e1\u0159\u00ed 2025 p\u0159ed pa\u0159\u00ed\u017esk\u00fdmi me\u0161itami um\u00edst\u011bny prase\u010d\u00ed hlavy, bylo to okam\u017eit\u011b ozna\u010deno za zlo\u010din z nen\u00e1visti, bylo zah\u00e1jeno vy\u0161et\u0159ov\u00e1n\u00ed pro \u201epodn\u011bcov\u00e1n\u00ed k nen\u00e1visti\u201c a ka\u017ed\u00fd incident byl zneu\u017eit m\u00e9dii. Je to jen dvoj\u00ed metr? Ne, jedn\u00e1 se o \u00famysln\u00e9 kulturn\u00ed znehodnocov\u00e1n\u00ed.<\/span><\/p>\n<h4>VIDEO:<\/h4>\n<figure class=\"wp-block-embed is-type-rich is-provider-twitter wp-block-embed-twitter\">\n<div class=\"wp-block-embed__wrapper\">\n<div class=\"twitter-tweet twitter-tweet-rendered\"><iframe id=\"twitter-widget-0\" class=\"\" title=\"X P\u0159\u00edsp\u011bvek\" src=\"https:\/\/platform.twitter.com\/embed\/Tweet.html?dnt=true&amp;embedId=twitter-widget-0&amp;features=eyJ0ZndfdGltZWxpbmVfbGlzdCI6eyJidWNrZXQiOltdLCJ2ZXJzaW9uIjpudWxsfSwidGZ3X2ZvbGxvd2VyX2NvdW50X3N1bnNldCI6eyJidWNrZXQiOnRydWUsInZlcnNpb24iOm51bGx9LCJ0ZndfdHdlZXRfZWRpdF9iYWNrZW5kIjp7ImJ1Y2tldCI6Im9uIiwidmVyc2lvbiI6bnVsbH0sInRmd19yZWZzcmNfc2Vzc2lvbiI6eyJidWNrZXQiOiJvbiIsInZlcnNpb24iOm51bGx9LCJ0ZndfZm9zbnJfc29mdF9pbnRlcnZlbnRpb25zX2VuYWJsZWQiOnsiYnVja2V0Ijoib24iLCJ2ZXJzaW9uIjpudWxsfSwidGZ3X21peGVkX21lZGlhXzE1ODk3Ijp7ImJ1Y2tldCI6InRyZWF0bWVudCIsInZlcnNpb24iOm51bGx9LCJ0ZndfZXhwZXJpbWVudHNfY29va2llX2V4cGlyYXRpb24iOnsiYnVja2V0IjoxMjA5NjAwLCJ2ZXJzaW9uIjpudWxsfSwidGZ3X3Nob3dfYmlyZHdhdGNoX3Bpdm90c19lbmFibGVkIjp7ImJ1Y2tldCI6Im9uIiwidmVyc2lvbiI6bnVsbH0sInRmd19kdXBsaWNhdGVfc2NyaWJlc190b19zZXR0aW5ncyI6eyJidWNrZXQiOiJvbiIsInZlcnNpb24iOm51bGx9LCJ0ZndfdXNlX3Byb2ZpbGVfaW1hZ2Vfc2hhcGVfZW5hYmxlZCI6eyJidWNrZXQiOiJvbiIsInZlcnNpb24iOm51bGx9LCJ0ZndfdmlkZW9faGxzX2R5bmFtaWNfbWFuaWZlc3RzXzE1MDgyIjp7ImJ1Y2tldCI6InRydWVfYml0cmF0ZSIsInZlcnNpb24iOm51bGx9LCJ0ZndfbGVnYWN5X3RpbWVsaW5lX3N1bnNldCI6eyJidWNrZXQiOnRydWUsInZlcnNpb24iOm51bGx9LCJ0ZndfdHdlZXRfZWRpdF9mcm9udGVuZCI6eyJidWNrZXQiOiJvbiIsInZlcnNpb24iOm51bGx9fQ%3D%3D&amp;frame=false&amp;hideCard=false&amp;hideThread=false&amp;id=1977283814956081618&amp;lang=cs&amp;origin=https%3A%2F%2Freport24.news%2Fskandal-im-vatikan-ein-mann-uriniert-auf-den-altar-der-petersbasilika%2F&amp;sessionId=79ad18e707cd8017b78158d58315a819829e1460&amp;theme=light&amp;widgetsVersion=2615f7e52b7e0%3A1702314776716&amp;width=550px\" frameborder=\"0\" scrolling=\"no\" allowfullscreen=\"allowfullscreen\" data-tweet-id=\"1977283814956081618\" data-mce-fragment=\"1\"><\/iframe><\/div>\n<\/div>\n<\/figure>\n<p><span dir=\"auto\">P\u0159esto\u017ee identita a p\u016fvod znesv\u011bcovatele kostela jsou mainstreamov\u00fdmi m\u00e9dii zatajov\u00e1ny, z\u00e1b\u011bry jasn\u011b ukazuj\u00ed \u201eji\u017eana\u201c \u2013 pravd\u011bpodobn\u011b obyvatele Bl\u00edzk\u00e9ho v\u00fdchodu nebo Severn\u00ed Afriky. Jak u\u017e to tak \u010dasto b\u00fdv\u00e1, u znesv\u011bcen\u00ed kostela se t\u00e9m\u011b\u0159 jist\u011b jedn\u00e1 o muslima. Obvykle jen ne m\u00edrumilovn\u00e9 \u201en\u00e1bo\u017eenstv\u00ed m\u00edru\u201c a jeho stoupenci se v\u0161ak nesm\u00ed maskovat. Tak\u017ee, jako tak \u010dasto, je to op\u011bt jen \u201e\u010dlov\u011bk\u201c&#8230;<\/span><\/p>\n<p><img decoding=\"async\" loading=\"lazy\" class=\"alignnone size-full wp-image-1185\" src=\"http:\/\/www.infokuryr.cz\/n\/wp-content\/uploads\/2021\/04\/kuryr-podpis.png\" alt=\"\" width=\"84\" height=\"24\" \/><\/p>\n<p>&nbsp;<\/p>\n","protected":false},"excerpt":{"rendered":"<p>\u201eMu\u017e\u201c, t\u00e9m\u011b\u0159 jist\u011b muslim z Bl\u00edzk\u00e9ho v\u00fdchodu nebo severn\u00ed Afriky, mo\u010d\u00ed b\u011bhem m\u0161e na olt\u00e1\u0159&#8230;<\/p>\n","protected":false},"author":2,"featured_media":89868,"comment_status":"closed","ping_status":"closed","sticky":false,"template":"","format":"standard","meta":[],"categories":[7],"tags":[2253,9900,329,365],"_links":{"self":[{"href":"https:\/\/www.infokuryr.cz\/n\/wp-json\/wp\/v2\/posts\/89867"}],"collection":[{"href":"https:\/\/www.infokuryr.cz\/n\/wp-json\/wp\/v2\/posts"}],"about":[{"href":"https:\/\/www.infokuryr.cz\/n\/wp-json\/wp\/v2\/types\/post"}],"author":[{"embeddable":true,"href":"https:\/\/www.infokuryr.cz\/n\/wp-json\/wp\/v2\/users\/2"}],"replies":[{"embeddable":true,"href":"https:\/\/www.infokuryr.cz\/n\/wp-json\/wp\/v2\/comments?post=89867"}],"version-history":[{"count":0,"href":"https:\/\/www.infokuryr.cz\/n\/wp-json\/wp\/v2\/posts\/89867\/revisions"}],"wp:featuredmedia":[{"embeddable":true,"href":"https:\/\/www.infokuryr.cz\/n\/wp-json\/wp\/v2\/media\/89868"}],"wp:attachment":[{"href":"https:\/\/www.infokuryr.cz\/n\/wp-json\/wp\/v2\/media?parent=89867"}],"wp:term":[{"taxonomy":"category","embeddable":true,"href":"https:\/\/www.infokuryr.cz\/n\/wp-json\/wp\/v2\/categories?post=89867"},{"taxonomy":"post_tag","embeddable":true,"href":"https:\/\/www.infokuryr.cz\/n\/wp-json\/wp\/v2\/tags?post=89867"}],"curies":[{"name":"wp","href":"https:\/\/api.w.org\/{rel}","templated":true}]}}