{"id":89864,"date":"2025-10-15T00:18:57","date_gmt":"2025-10-14T22:18:57","guid":{"rendered":"https:\/\/www.infokuryr.cz\/n\/?p=89864"},"modified":"2025-10-14T11:53:29","modified_gmt":"2025-10-14T09:53:29","slug":"gaza-jako-vedlejsi-efekt-iran-jako-hlavni-cil-analyza-plukovnika-douglase-macgregora","status":"publish","type":"post","link":"https:\/\/www.infokuryr.cz\/n\/2025\/10\/15\/gaza-jako-vedlejsi-efekt-iran-jako-hlavni-cil-analyza-plukovnika-douglase-macgregora\/","title":{"rendered":"Gaza jako vedlej\u0161\u00ed efekt, \u00cdr\u00e1n jako hlavn\u00ed c\u00edl: Anal\u00fdza plukovn\u00edka Douglase Macgregora"},"content":{"rendered":"<div id=\"fb-root\"><\/div>\n<p><span dir=\"auto\">V ned\u00e1vn\u00e9 epizod\u011b po\u0159adu\u00a0<\/span><em><span dir=\"auto\">Judging Freedom,<\/span><\/em><span dir=\"auto\">\u00a0kter\u00fd uv\u00e1d\u00ed Andrew Napolitano, se plukovn\u00edk Douglas Macgregor, renomovan\u00fd vojensk\u00fd expert a b\u00fdval\u00fd poradce americk\u00e9ho ministerstva obrany, vyj\u00e1d\u0159il k aktu\u00e1ln\u00edmu v\u00fdvoji na Bl\u00edzk\u00e9m v\u00fdchod\u011b. Zam\u011b\u0159il se na nejistou situaci v Gaze a hroz\u00edc\u00ed eskalaci s \u00cdr\u00e1nem.<\/span><\/p>\n<p><span dir=\"auto\">Macgregor vyj\u00e1d\u0159il skepsi ohledn\u011b vyhl\u00eddek na trval\u00fd m\u00edr v Gaze a varoval p\u0159ed mo\u017enou konfrontac\u00ed s \u00cdr\u00e1nem jako\u017eto prim\u00e1rn\u00edm c\u00edlem izraelsk\u00e9 a americk\u00e9 politiky. Tento \u010dl\u00e1nek zkoum\u00e1 Macgregorova hodnocen\u00ed, politickou dynamiku a geopolitick\u00e9 d\u016fsledky, kter\u00fdmi se zab\u00fdval.<\/span><\/p>\n<figure class=\"wp-block-embed is-type-video is-provider-youtube wp-block-embed-youtube wp-embed-aspect-16-9 wp-has-aspect-ratio\">\n<div class=\"wp-block-embed__wrapper\"><iframe loading=\"lazy\" title=\"PLUKOVN\u00cdK Douglas Macgregor: Gaza je vedlej\u0161\u00ed ud\u00e1lost\u00ed; \u00cdr\u00e1n je hlavn\u00ed ud\u00e1lost\u00ed.\" src=\"https:\/\/www.youtube.com\/embed\/ngPiKT9RDwY?feature=oembed\" width=\"800\" height=\"450\" frameborder=\"0\" allowfullscreen=\"allowfullscreen\" data-mce-fragment=\"1\"><\/iframe><\/div>\n<\/figure>\n<h2 class=\"wp-block-heading\"><strong><span dir=\"auto\">Gaza: K\u0159ehk\u00e9 p\u0159\u00edm\u011b\u0159\u00ed<\/span><\/strong><\/h2>\n<p><span dir=\"auto\">Macgregor se nejprve vyj\u00e1d\u0159il k sou\u010dasn\u00e9 situaci v\u00a0<\/span><strong><span dir=\"auto\">Gaze<\/span><\/strong><span dir=\"auto\">\u00a0, kde prob\u00edhaj\u00ed jedn\u00e1n\u00ed o p\u0159\u00edm\u011b\u0159\u00ed a v\u00fdm\u011bn\u011b rukojm\u00edch mezi Izraelem a Ham\u00e1sem.<\/span><\/p>\n<p><span dir=\"auto\">Zd\u016fraznil, \u017ee m\u00e1\u00a0<\/span><strong><span dir=\"auto\">malou d\u016fv\u011bru v udr\u017eitelnost<\/span><\/strong><span dir=\"auto\">\u00a0tohoto \u00fasil\u00ed:<\/span><\/p>\n<p><em><span dir=\"auto\">\u201eJsem skeptick\u00fd ke v\u0161emu,\u201c \u0159ekl.<\/span><\/em><\/p>\n<p><span dir=\"auto\">Pro n\u011bj je n\u00e1vrat zb\u00fdvaj\u00edc\u00edch rukojm\u00edch a propu\u0161t\u011bn\u00ed asi\u00a0<\/span><strong><span dir=\"auto\">1200 palestinsk\u00fdch v\u011bz\u0148\u016f<\/span><\/strong><span dir=\"auto\">\u00a0pouze prvn\u00edm krokem \u2013 nikoli skute\u010dn\u00fdm pr\u016flomem.<\/span><\/p>\n<p><span dir=\"auto\">\u00dast\u0159edn\u00edm bodem jeho skepticismu je\u00a0<\/span><strong><span dir=\"auto\">dom\u00e1c\u00ed politick\u00e1 situace Izraele<\/span><\/strong><span dir=\"auto\">\u00a0.<\/span><\/p>\n<p><span dir=\"auto\">Macgregor pova\u017euje tlak vyv\u00edjen\u00fd\u00a0<\/span><strong><span dir=\"auto\">pravicov\u00fdmi nacionalistick\u00fdmi silami ve vl\u00e1d\u011b Benjamina Netanjahua<\/span><\/strong><span dir=\"auto\">\u00a0za hlavn\u00ed p\u0159ek\u00e1\u017eku trval\u00e9ho m\u00edrov\u00e9ho \u0159e\u0161en\u00ed. Tyto s\u00edly usiluj\u00ed o vytvo\u0159en\u00ed\u00a0<\/span><strong><span dir=\"auto\">\u201eVelk\u00e9ho Izraele<\/span><\/strong><span dir=\"auto\">\u00a0\u201c, co\u017e znamen\u00e1 \u00faplnou kontrolu nad Gazou a Z\u00e1padn\u00edm b\u0159ehem Jord\u00e1nu a tak\u00e9\u00a0<\/span><strong><span dir=\"auto\">vyhn\u00e1n\u00ed palestinsk\u00e9ho obyvatelstva<\/span><\/strong><span dir=\"auto\">\u00a0.<\/span><\/p>\n<p><span dir=\"auto\">Podle Macgregora sd\u00edl\u00ed tyto n\u00e1zory p\u0159ibli\u017en\u011b\u00a0<\/span><strong><span dir=\"auto\">80 procent izraelsk\u00e9 populace<\/span><\/strong><span dir=\"auto\">\u00a0\u2013 co\u017e d\u00e1le zhor\u0161uje vyhl\u00eddky na m\u00edrov\u00e9 sou\u017eit\u00ed.<\/span><\/p>\n<h2 class=\"wp-block-heading\"><strong><span dir=\"auto\">Trumpova role: optika m\u00edsto strategie<\/span><\/strong><\/h2>\n<p><span dir=\"auto\">Macgregor zd\u016fraznil, \u017ee\u00a0<\/span><strong><span dir=\"auto\">americk\u00fd prezident Donald Trump<\/span><\/strong><span dir=\"auto\">\u00a0m\u00e1 siln\u00fd z\u00e1jem na tom, aby prezentoval viditelnou m\u00edrovou dohodu na Bl\u00edzk\u00e9m v\u00fdchod\u011b jako politick\u00fd \u00fasp\u011bch \u2013 p\u0159edev\u0161\u00edm\u00a0<\/span><strong><span dir=\"auto\">z optick\u00fdch d\u016fvod\u016f<\/span><\/strong><span dir=\"auto\">\u00a0.<\/span><\/p>\n<p><em><span dir=\"auto\">\u201eJe velmi zam\u011b\u0159en\u00fd na vzhled, na vzhled,\u201c \u0159\u00edk\u00e1 Macgregor.<\/span><\/em><\/p>\n<p><span dir=\"auto\">Odkazoval na Trumpovo vystoupen\u00ed p\u0159ed ob\u0159\u00ed americkou vlajkou, p\u0159ipom\u00ednaj\u00edc\u00ed ikonick\u00e9 zobrazen\u00ed\u00a0<\/span><strong><span dir=\"auto\">gener\u00e1la George Pattona<\/span><\/strong><span dir=\"auto\">\u00a0.<\/span><\/p>\n<p><span dir=\"auto\">Ale i p\u0159es tato symbolick\u00e1 gesta nen\u00ed Trump\u00a0<\/span><strong><span dir=\"auto\">svobodn\u00fdm akt\u00e9rem<\/span><\/strong><span dir=\"auto\">\u00a0, ale je siln\u011b z\u00e1visl\u00fd na\u00a0<\/span><strong><span dir=\"auto\">bohat\u00fdch d\u00e1rc\u00edch<\/span><\/strong><span dir=\"auto\">\u00a0, kte\u0159\u00ed jsou spojeni s izraelsk\u00fdmi z\u00e1jmy.<\/span><\/p>\n<p><span dir=\"auto\">Tito d\u00e1rci nad\u00e1le usilovali o c\u00edl \u201eVelk\u00e9ho Izraele\u201c a sou\u010dasn\u00e9 p\u0159\u00edm\u011b\u0159\u00ed vn\u00edmali pouze jako\u00a0<\/span><strong><span dir=\"auto\">pauzu \u2013 nikoli jako konec konfliktu<\/span><\/strong><span dir=\"auto\">\u00a0.<\/span><\/p>\n<p><span dir=\"auto\">Macgregor p\u0159edpov\u011bd\u011bl, \u017ee po n\u00e1vratu rukojm\u00edch by mohlo n\u00e1sledovat\u00a0<\/span><strong><span dir=\"auto\">kr\u00e1tk\u00e9 obdob\u00ed klidu,<\/span><\/strong><span dir=\"auto\">\u00a0ne\u017e se n\u00e1sil\u00ed\u00a0<\/span><strong><span dir=\"auto\">znovu rozho\u0159\u00ed<\/span><\/strong><span dir=\"auto\">\u00a0.<\/span><\/p>\n<p><span dir=\"auto\">Pouk\u00e1zal na slo\u017eitou sm\u011bs\u00a0<\/span><strong><span dir=\"auto\">st\u00e1tn\u00edch i nest\u00e1tn\u00edch akt\u00e9r\u016f<\/span><\/strong><span dir=\"auto\">\u00a0\u2013 v\u010detn\u011b izraelsk\u00fdch z\u00e1stupn\u00fdch sil s vazbami na\u00a0<\/span><strong><span dir=\"auto\">S\u00fdrii<\/span><\/strong><span dir=\"auto\">\u00a0a\u00a0<\/span><strong><span dir=\"auto\">Isl\u00e1msk\u00fd st\u00e1t,<\/span><\/strong><span dir=\"auto\">\u00a0jako\u017e i st\u00e1le aktivn\u00edho\u00a0<\/span><strong><span dir=\"auto\">Ham\u00e1su<\/span><\/strong><span dir=\"auto\">\u00a0. Tato sm\u011bsice \u010din\u00ed obnovenou eskalaci t\u00e9m\u011b\u0159 nevyhnutelnou.<\/span><\/p>\n<h2 class=\"wp-block-heading\"><strong><span dir=\"auto\">\u00cdr\u00e1n: Skute\u010dn\u00e9 zam\u011b\u0159en\u00ed<\/span><\/strong><\/h2>\n<p><span dir=\"auto\">Zat\u00edmco Gaza je v titulc\u00edch novin, Macgregor vid\u00ed\u00a0<\/span><strong><span dir=\"auto\">\u00cdr\u00e1n jako skute\u010dn\u00fd c\u00edl<\/span><\/strong><span dir=\"auto\">\u00a0izraelsk\u00e9 a americk\u00e9 strategie.<\/span><\/p>\n<p><span dir=\"auto\">Pochybuje o Netanjahuov\u011b prohl\u00e1\u0161en\u00ed, \u017ee Izrael nechce v\u00e1lku s \u00cdr\u00e1nem:<\/span><\/p>\n<p><em><span dir=\"auto\">\u201e\u00cdr\u00e1nci to u\u017e sly\u0161eli.\u201c<\/span><\/em><\/p>\n<p><span dir=\"auto\">Izrael vn\u00edm\u00e1 \u00cdr\u00e1n jako\u00a0<\/span><strong><span dir=\"auto\">existen\u010dn\u00ed hrozbu<\/span><\/strong><span dir=\"auto\">\u00a0a toto vn\u00edm\u00e1n\u00ed se nezm\u011bn\u00ed ani p\u0159\u00edm\u011b\u0159\u00edm v Gaze.<\/span><\/p>\n<p><span dir=\"auto\">Macgregor spekuloval, \u017ee Izrael a USA\u00a0<\/span><strong><span dir=\"auto\">pot\u0159ebuj\u00ed v Gaze obdob\u00ed klidu,<\/span><\/strong><span dir=\"auto\">\u00a0aby mohly soust\u0159edit\u00a0sv\u00e9 s\u00edly na mo\u017enou\u00a0<\/span><strong><span dir=\"auto\">konfrontaci s \u00cdr\u00e1nem .<\/span><\/strong><\/p>\n<p><span dir=\"auto\">\u00cdr\u00e1n je\u00a0<\/span><strong><span dir=\"auto\">jedin\u00fdm region\u00e1ln\u00edm akt\u00e9rem<\/span><\/strong><span dir=\"auto\">\u00a0, kter\u00fd se jasn\u011b stav\u00ed proti Izraeli a je\u00a0<\/span><strong><span dir=\"auto\">schopen vojensk\u00e9 akce<\/span><\/strong><span dir=\"auto\">\u00a0\u2013 co\u017e z n\u011bj \u010din\u00ed\u00a0<\/span><strong><span dir=\"auto\">prioritn\u00ed c\u00edl<\/span><\/strong><span dir=\"auto\">\u00a0.<\/span><\/p>\n<p><span dir=\"auto\">Macgregor z\u00e1rove\u0148 popsal Izrael jako \u201e\u00a0<\/span><strong><span dir=\"auto\">51. st\u00e1t USA<\/span><\/strong><span dir=\"auto\">\u00a0\u201c, ekonomicky a vojensky\u00a0<\/span><strong><span dir=\"auto\">z\u00e1visl\u00fd<\/span><\/strong><span dir=\"auto\">\u00a0na Washingtonu.<\/span><\/p>\n<p><span dir=\"auto\">Tato z\u00e1vislost umo\u017e\u0148uje Izraeli prov\u00e1d\u011bt\u00a0<\/span><strong><span dir=\"auto\">agresivn\u00ed zahrani\u010dn\u00ed politiku,<\/span><\/strong><span dir=\"auto\">\u00a0ani\u017e by musel n\u00e9st p\u0159\u00edm\u00e9 d\u016fsledky.<\/span><\/p>\n<p><span dir=\"auto\">Macgregor z\u00e1rove\u0148 p\u0159ipustil, \u017ee\u00a0<\/span><strong><span dir=\"auto\">konkr\u00e9tn\u00ed pl\u00e1nov\u00e1n\u00ed \u00fatoku na \u00cdr\u00e1n<\/span><\/strong><span dir=\"auto\">\u00a0z\u016fst\u00e1v\u00e1 spekulativn\u00ed \u2013 s\u00e1m nem\u011bl p\u0159\u00edstup k intern\u00edm rozhodovac\u00edm proces\u016fm.<\/span><\/p>\n<h2 class=\"wp-block-heading\"><strong><span dir=\"auto\">Trumpova r\u00e9torika zahrani\u010dn\u00ed politiky: provokace a optika<\/span><\/strong><\/h2>\n<p><span dir=\"auto\">\u00dast\u0159edn\u00ed \u010d\u00e1st Macgregorovy anal\u00fdzy se t\u00fdkala\u00a0<\/span><strong><span dir=\"auto\">Trumpova stylu zahrani\u010dn\u00ed politiky<\/span><\/strong><span dir=\"auto\">\u00a0\u2013 impulzivn\u00edho, konfronta\u010dn\u00edho a \u010dasto\u00a0<\/span><strong><span dir=\"auto\">strategicky neuv\u00e1\u017een\u00e9ho<\/span><\/strong><span dir=\"auto\">\u00a0.<\/span><\/p>\n<p><span dir=\"auto\">Odk\u00e1zal na Trumpovo ozn\u00e1men\u00ed, \u017ee dod\u00e1\u00a0Ukrajin\u011b\u00a0<\/span><strong><span dir=\"auto\">\u0159\u00edzen\u00e9 st\u0159ely Tomahawk , a ozna\u010dil to za\u00a0<\/span><\/strong><strong><span dir=\"auto\">nebezpe\u010dn\u00fd krok v eskalaci<\/span><\/strong><span dir=\"auto\">\u00a0:<\/span><\/p>\n<p><em><span dir=\"auto\">\u201eToto je nov\u00fd krok v agresi.\u201c<\/span><\/em><\/p>\n<p><span dir=\"auto\">Macgregor vysv\u011btlil, \u017ee tomahawky, a\u010dkoli jsou mocn\u00e9, nejsou\u00a0<\/span><strong><span dir=\"auto\">v\u0161el\u00e9kem<\/span><\/strong><span dir=\"auto\">\u00a0:<\/span><\/p>\n<ul>\n<li><span dir=\"auto\">Dojezd: p\u0159ibli\u017en\u011b 2 400 km<\/span><\/li>\n<li><span dir=\"auto\">Odpalovac\u00ed platformy: ponorky, torp\u00e9doborce, pozemn\u00ed stanice<\/span><\/li>\n<li><span dir=\"auto\">Slab\u00e9 str\u00e1nky: omezen\u00e9 z\u00e1soby, nespolehliv\u00e9 star\u0161\u00ed modely, zranitelnost v\u016f\u010di modern\u00edm radarov\u00fdm syst\u00e9m\u016fm<\/span><\/li>\n<\/ul>\n<p><span dir=\"auto\">P\u0159ipomn\u011bl, \u017ee\u00a0mnoho z t\u011bchto raket ji\u017e bylo odp\u00e1leno b\u011bhem\u00a0<\/span><strong><span dir=\"auto\">v\u00e1lky v Kosovu .<\/span><\/strong><\/p>\n<p><span dir=\"auto\">Obzvl\u00e1\u0161t\u011b nebezpe\u010dn\u00e9 je, \u017ee jejich pou\u017eit\u00ed\u00a0<\/span><strong><span dir=\"auto\">ukrajinsk\u00fdmi ozbrojen\u00fdmi silami<\/span><\/strong><span dir=\"auto\">\u00a0by bylo mo\u017en\u00e9 pouze\u00a0s\u00a0<\/span><strong><span dir=\"auto\">p\u0159\u00edmou podporou USA \u2013 co\u017e by znamenalo de\u00a0<\/span><\/strong><strong><span dir=\"auto\">facto \u00fa\u010dast USA ve v\u00e1lce<\/span><\/strong><span dir=\"auto\">\u00a0.<\/span><\/p>\n<p><span dir=\"auto\">Pokud by takov\u00e9 rakety zas\u00e1hly civiln\u00ed c\u00edle v Rusku, mohlo by to vyvolat\u00a0<\/span><strong><span dir=\"auto\">masivn\u00ed odvetu<\/span><\/strong><span dir=\"auto\">\u00a0\u2013 pravd\u011bpodobn\u011b i proti c\u00edl\u016fm ve v\u00fdchodn\u00ed Evrop\u011b.<\/span><\/p>\n<h2 class=\"wp-block-heading\"><strong><span dir=\"auto\">Rusko, Venezuela a glob\u00e1ln\u00ed nestabilita<\/span><\/strong><\/h2>\n<p><span dir=\"auto\">Macgregor kritizoval Trump\u016fv\u00a0<\/span><strong><span dir=\"auto\">blahosklonn\u00fd t\u00f3n v\u016f\u010di Rusku<\/span><\/strong><span dir=\"auto\">\u00a0, kter\u00fd p\u0159irovnal k otcovu napomenut\u00ed dvou h\u00e1daj\u00edc\u00edch se d\u011bt\u00ed, co\u017e by podle n\u011bj bylo v Moskv\u011b vn\u00edm\u00e1no jako\u00a0<\/span><strong><span dir=\"auto\">ur\u00e1\u017eka<\/span><\/strong><span dir=\"auto\">\u00a0.<\/span><\/p>\n<p><span dir=\"auto\">Tento postoj po\u0161kozuje ji\u017e\u00a0<\/span><strong><span dir=\"auto\">tak napjat\u00e9 vztahy mezi USA a Ruskem<\/span><\/strong><span dir=\"auto\">\u00a0.<\/span><\/p>\n<p><span dir=\"auto\">Dal\u0161\u00edm aspektem jeho anal\u00fdzy byla Trumpova zm\u00ednka o mo\u017en\u00e9\u00a0<\/span><strong><span dir=\"auto\">vojensk\u00e9 intervenci ve Venezuele<\/span><\/strong><span dir=\"auto\">\u00a0, ofici\u00e1ln\u011b za \u00fa\u010delem boje proti drogov\u00fdm kartel\u016fm.<\/span><\/p>\n<p><span dir=\"auto\">Macgregor vyj\u00e1d\u0159il\u00a0<\/span><strong><span dir=\"auto\">znepokojen\u00ed nad nedostatkem parlamentn\u00ed debaty<\/span><\/strong><span dir=\"auto\">\u00a0v americk\u00e9m Kongresu o t\u011bchto pl\u00e1nech.<\/span><\/p>\n<p><span dir=\"auto\">Odk\u00e1zal na sen\u00e1tora\u00a0<\/span><strong><span dir=\"auto\">Tima Kainea<\/span><\/strong><span dir=\"auto\">\u00a0, kter\u00fd kritizoval Trumpovy neopr\u00e1vn\u011bn\u00e9 \u00fatoky na lod\u011b v Karibiku \u2013 n\u011bkter\u00e9 z t\u011bchto lod\u00ed mo\u017en\u00e1\u00a0<\/span><strong><span dir=\"auto\">drogy nep\u0159ev\u00e1\u017eely<\/span><\/strong><span dir=\"auto\">\u00a0.<\/span><\/p>\n<p><span dir=\"auto\">Macgregor varoval, \u017ee intervence ve Venezuele by\u00a0<\/span><strong><span dir=\"auto\">d\u00e1le destabilizovala k\u0159ehkou zemi<\/span><\/strong><span dir=\"auto\">\u00a0a zv\u00fd\u0161ila\u00a0<\/span><strong><span dir=\"auto\">protiamerick\u00e9 n\u00e1lady<\/span><\/strong><span dir=\"auto\">\u00a0v Latinsk\u00e9 Americe.<\/span><\/p>\n<p><span dir=\"auto\">Venezuela dokonce u\u010dinila\u00a0<\/span><strong><span dir=\"auto\">nab\u00eddky na dod\u00e1vky ropy a plynu<\/span><\/strong><span dir=\"auto\">\u00a0do USA , kter\u00e9 v\u0161ak byly odm\u00edtnuty.<\/span><\/p>\n<p><span dir=\"auto\">\u201e\u00a0<\/span><strong><span dir=\"auto\">Chirurgick\u00fd z\u00e1krok<\/span><\/strong><span dir=\"auto\">\u00a0\u201c by mohl snadno v\u00e9st k\u00a0<\/span><strong><span dir=\"auto\">chaotick\u00fdm podm\u00ednk\u00e1m<\/span><\/strong><span dir=\"auto\">\u00a0\u2013 s dalekos\u00e1hl\u00fdmi region\u00e1ln\u00edmi d\u016fsledky.<\/span><\/p>\n<h2 class=\"wp-block-heading\"><strong><span dir=\"auto\">Z\u00e1v\u011br: Sv\u011bt na pokraji eskalace<\/span><\/strong><\/h2>\n<p><span dir=\"auto\">Plukovn\u00edk Douglas Macgregor vykresluje\u00a0<\/span><strong><span dir=\"auto\">bez\u00fat\u011b\u0161n\u00fd obraz<\/span><\/strong><span dir=\"auto\">\u00a0geopolitick\u00e9 sou\u010dasnosti.<\/span><\/p>\n<p><span dir=\"auto\">Gazu vn\u00edm\u00e1\u00a0<\/span><strong><span dir=\"auto\">jako vedlej\u0161\u00ed efekt<\/span><\/strong><span dir=\"auto\">\u00a0, kter\u00fd zasti\u0148uje \u0161ir\u0161\u00ed\u00a0<\/span><strong><span dir=\"auto\">konfrontaci s \u00cdr\u00e1nem<\/span><\/strong><span dir=\"auto\">\u00a0.<\/span><\/p>\n<p><span dir=\"auto\">Zat\u00edmco jedn\u00e1n\u00ed o p\u0159\u00edm\u011b\u0159\u00ed v Gaze pokra\u010duj\u00ed, z\u016fst\u00e1v\u00e1\u00a0<\/span><strong><span dir=\"auto\">skeptick\u00fd ohledn\u011b trval\u00e9ho m\u00edru<\/span><\/strong><span dir=\"auto\">\u00a0, jeliko\u017e\u00a0<\/span><strong><span dir=\"auto\">ideologick\u00e9 a politick\u00e9 s\u00edly v Izraeli<\/span><\/strong><span dir=\"auto\">\u00a0\u2013 podporovan\u00e9 z\u00e1jmy USA \u2013 br\u00e1n\u00ed deeskalaci.<\/span><\/p>\n<p><span dir=\"auto\">Z\u00e1rove\u0148 varuje p\u0159ed glob\u00e1ln\u00edmi d\u016fsledky impulzivn\u00ed\u00a0<\/span><strong><span dir=\"auto\">zahrani\u010dn\u00ed politiky USA<\/span><\/strong><span dir=\"auto\">\u00a0:<\/span><\/p>\n<ul>\n<li><strong><span dir=\"auto\">Dod\u00e1vky Tomahawk\u016f<\/span><\/strong><span dir=\"auto\">\u00a0na Ukrajinu by mohly eskalovat v\u00e1lku s Ruskem<\/span><\/li>\n<li><strong><span dir=\"auto\">Vojensk\u00e9 dobrodru\u017estv\u00ed ve Venezuele<\/span><\/strong><span dir=\"auto\">\u00a0by mohlo destabilizovat cel\u00fd region,<\/span><\/li>\n<li><span dir=\"auto\">a\u00a0<\/span><strong><span dir=\"auto\">\u00edr\u00e1nsk\u00e1 ot\u00e1zka<\/span><\/strong><span dir=\"auto\">\u00a0by mohla v\u00e9st k nov\u00e9 eskalaci na Bl\u00edzk\u00e9m v\u00fdchod\u011b.<\/span><\/li>\n<\/ul>\n<p><em><span dir=\"auto\">\u201eD\u016fsledky vojensk\u00e9 akce jsou dalekos\u00e1hl\u00e9 a nep\u0159edv\u00eddateln\u00e9,\u201c varuje Macgregor.<\/span><\/em><\/p>\n<p><span dir=\"auto\">Jeho anal\u00fdza je varov\u00e1n\u00edm \u2013 p\u0159ed\u00a0<\/span><strong><span dir=\"auto\">podce\u0148ov\u00e1n\u00edm geopolitick\u00e9 dynamiky<\/span><\/strong><span dir=\"auto\">\u00a0a\u00a0<\/span><strong><span dir=\"auto\">p\u0159ece\u0148ov\u00e1n\u00edm vojensk\u00e9 s\u00edly<\/span><\/strong><span dir=\"auto\">\u00a0ve st\u00e1le nestabiln\u011bj\u0161\u00edm sv\u011bt\u011b.<\/span><\/p>\n<p><img decoding=\"async\" loading=\"lazy\" class=\"alignnone size-full wp-image-1185\" src=\"http:\/\/www.infokuryr.cz\/n\/wp-content\/uploads\/2021\/04\/kuryr-podpis.png\" alt=\"\" width=\"84\" height=\"24\" \/><\/p>\n<p>&nbsp;<\/p>\n","protected":false},"excerpt":{"rendered":"<p>V ned\u00e1vn\u00e9 epizod\u011b po\u0159adu\u00a0Judging Freedom,\u00a0kter\u00fd uv\u00e1d\u00ed Andrew Napolitano, se plukovn\u00edk Douglas Macgregor, renomovan\u00fd vojensk\u00fd expert&#8230;<\/p>\n","protected":false},"author":2,"featured_media":33676,"comment_status":"closed","ping_status":"closed","sticky":false,"template":"","format":"standard","meta":[],"categories":[7],"tags":[1042,348,38,40],"_links":{"self":[{"href":"https:\/\/www.infokuryr.cz\/n\/wp-json\/wp\/v2\/posts\/89864"}],"collection":[{"href":"https:\/\/www.infokuryr.cz\/n\/wp-json\/wp\/v2\/posts"}],"about":[{"href":"https:\/\/www.infokuryr.cz\/n\/wp-json\/wp\/v2\/types\/post"}],"author":[{"embeddable":true,"href":"https:\/\/www.infokuryr.cz\/n\/wp-json\/wp\/v2\/users\/2"}],"replies":[{"embeddable":true,"href":"https:\/\/www.infokuryr.cz\/n\/wp-json\/wp\/v2\/comments?post=89864"}],"version-history":[{"count":0,"href":"https:\/\/www.infokuryr.cz\/n\/wp-json\/wp\/v2\/posts\/89864\/revisions"}],"wp:featuredmedia":[{"embeddable":true,"href":"https:\/\/www.infokuryr.cz\/n\/wp-json\/wp\/v2\/media\/33676"}],"wp:attachment":[{"href":"https:\/\/www.infokuryr.cz\/n\/wp-json\/wp\/v2\/media?parent=89864"}],"wp:term":[{"taxonomy":"category","embeddable":true,"href":"https:\/\/www.infokuryr.cz\/n\/wp-json\/wp\/v2\/categories?post=89864"},{"taxonomy":"post_tag","embeddable":true,"href":"https:\/\/www.infokuryr.cz\/n\/wp-json\/wp\/v2\/tags?post=89864"}],"curies":[{"name":"wp","href":"https:\/\/api.w.org\/{rel}","templated":true}]}}