{"id":89861,"date":"2025-10-15T00:17:34","date_gmt":"2025-10-14T22:17:34","guid":{"rendered":"https:\/\/www.infokuryr.cz\/n\/?p=89861"},"modified":"2025-10-14T11:21:37","modified_gmt":"2025-10-14T09:21:37","slug":"kyjev-by-mohl-dostat-symbolicky-maly-pocet-raket-tomahawk-pise-financial-times-co-by-to-znamenalo","status":"publish","type":"post","link":"https:\/\/www.infokuryr.cz\/n\/2025\/10\/15\/kyjev-by-mohl-dostat-symbolicky-maly-pocet-raket-tomahawk-pise-financial-times-co-by-to-znamenalo\/","title":{"rendered":"Kyjev by mohl dostat \u201esymbolicky mal\u00fd po\u010det\u201c raket Tomahawk, p\u00ed\u0161e Financial Times \u2013 co by to znamenalo"},"content":{"rendered":"<div id=\"fb-root\"><\/div>\n<p><strong><span dir=\"auto\">Shrnut\u00ed:<\/span><\/strong><span dir=\"auto\">\u00a0Ameri\u010dt\u00ed p\u0159edstavitel\u00e9 zva\u017euj\u00ed, zda dodat Ukrajin\u011b mal\u00fd kontingent \u0159\u00edzen\u00fdch st\u0159el Tomahawk, nebo roz\u0161\u00ed\u0159it americkou zpravodajskou podporu pro ukrajinsk\u00e9 \u00fadery dlouh\u00e9ho doletu. I mal\u00e9 dod\u00e1vky by m\u011bly siln\u00e9 symbolick\u00e9 a taktick\u00e9 d\u016fsledky \u2013 a v\u00fdrazn\u011b by eskalovaly nap\u011bt\u00ed s Ruskem. (\u00a0<\/span><a href=\"https:\/\/www.ft.com\/content\/1417049a-5a1c-4fcb-8370-2341b164b2a1\" target=\"_blank\" rel=\"noreferrer noopener\"><span dir=\"auto\">ft.com<\/span><\/a><span dir=\"auto\">\u00a0)<\/span><\/p>\n<p><span dir=\"auto\">Co bylo hl\u00e1\u0161eno<\/span><\/p>\n<p><span dir=\"auto\">Podle den\u00edku\u00a0<\/span><em><span dir=\"auto\">Financial Times<\/span><\/em><span dir=\"auto\">\u00a0ameri\u010dt\u00ed p\u0159edstavitel\u00e9 zva\u017euj\u00ed poskytnut\u00ed nov\u00fdch zpravodajsk\u00fdch informac\u00ed Ukrajin\u011b o tom, jak prov\u00e1d\u011bt \u00fatoky raketami dlouh\u00e9ho doletu a dron\u016f, a z\u00e1rove\u0148 jako mo\u017enost zkoumaj\u00ed \u201esymbolicky mal\u00fd\u201c kontingent \u0159\u00edzen\u00fdch st\u0159el Tomahawk.<\/span><\/p>\n<p><span dir=\"auto\">Americk\u00fd prezident Donald Trump ve ve\u0159ejn\u00fdch prohl\u00e1\u0161en\u00edch uvedl, \u017ee pokud Rusko neukon\u010d\u00ed v\u00e1lku, zv\u00e1\u017e\u00ed dod\u00e1vky Tomahawk\u016f; podrobnosti a podm\u00ednky pou\u017eit\u00ed byly p\u0159edm\u011btem intern\u00edch jedn\u00e1n\u00ed. (\u00a0<\/span><a href=\"https:\/\/www.reuters.com\/business\/aerospace-defense\/trump-may-approve-tomahawks-ukraine-if-russia-continues-war-2025-10-12\" target=\"_blank\" rel=\"noreferrer noopener\"><span dir=\"auto\">Reuters<\/span><\/a><span dir=\"auto\">\u00a0)<\/span><\/p>\n<h2 class=\"wp-block-heading\"><span dir=\"auto\">Reakce a varov\u00e1n\u00ed<\/span><\/h2>\n<p><span dir=\"auto\">Moskev\u0161t\u00ed politici a b\u00fdval\u00ed p\u0159edstavitel\u00e9 reagovali ostr\u00fdmi varov\u00e1n\u00edmi: Rusko ozna\u010dilo potenci\u00e1ln\u00ed dod\u00e1vky za \u201edramatick\u00fd okam\u017eik\u201c a p\u0159edstavitel\u00e9 jako Dmitrij Medved\u011bv varovali p\u0159ed v\u00e1\u017en\u00fdmi d\u016fsledky \u2013 v\u010detn\u011b n\u00e1znak\u016f, \u017ee takov\u00e9 rozhodnut\u00ed by mohlo v\u00e1\u017en\u011b po\u0161kodit vztahy. (\u00a0<\/span><a href=\"https:\/\/www.theguardian.com\/world\/2025\/oct\/13\/ukraine-war-briefing-moscow-voices-extreme-concern-at-trump-threat-to-send-tomohawk-missiles-to-kyiv?\" target=\"_blank\" rel=\"noreferrer noopener\"><span dir=\"auto\">theguardian.com<\/span><\/a><span dir=\"auto\">\u00a0)<\/span><\/p>\n<p><span dir=\"auto\">Z\u00e1padn\u00ed analytici tak\u00e9 varuj\u00ed: P\u0159evody Tomahawk\u016f jsou logisticky a politicky komplikovan\u00e9; i mal\u00e9 mno\u017estv\u00ed m\u016f\u017ee zm\u011bnit dosah Kyjeva, ale s sebou nese vysok\u00e9 riziko eskalace. (\u00a0<\/span><a href=\"https:\/\/www.reuters.com\/business\/aerospace-defense\/us-tomahawk-missile-shipments-ukraine-unlikely-sources-say-2025-10-02\/?utm_source=chatgpt.com\"><span dir=\"auto\">Reuters<\/span><\/a><span dir=\"auto\">\u00a0)<\/span><\/p>\n<h2 class=\"wp-block-heading\"><span dir=\"auto\">Vojensk\u00fd kontext<\/span><\/h2>\n<p><span dir=\"auto\">St\u0159ely s plochou dr\u00e1hou letu Tomahawk maj\u00ed dolet p\u0159es\u00a0<\/span><strong><span dir=\"auto\">1 450 km a\u017e 2 414 km<\/span><\/strong><span dir=\"auto\">\u00a0(v z\u00e1vislosti na variant\u011b Tomahawk) a umo\u017e\u0148uj\u00ed p\u0159esn\u00e9 \u00fadery hluboko do nep\u0159\u00e1telsk\u00e9ho \u00fazem\u00ed. V kombinaci se zlep\u0161en\u00fdm zam\u011b\u0159ov\u00e1n\u00edm by mohly Ukrajinc\u016fm umo\u017enit p\u0159esn\u011bji zam\u011b\u0159it se na kritickou ruskou infrastrukturu \u2013 co\u017e by sice vytvo\u0159ilo taktick\u00e9 v\u00fdhody, ale tak\u00e9 zv\u00fd\u0161ilo pravd\u011bpodobnost strategick\u00e9 odvety. (\u00a0<\/span><a href=\"https:\/\/www.reuters.com\/business\/aerospace-defense\/us-tomahawk-missile-shipments-ukraine-unlikely-sources-say-2025-10-02\" target=\"_blank\" rel=\"noreferrer noopener\"><span dir=\"auto\">Reuters<\/span><\/a><span dir=\"auto\">\u00a0)<\/span><\/p>\n<p><span dir=\"auto\">Z\u00e1rove\u0148 se v m\u00e9di\u00edch objevuj\u00ed zpr\u00e1vy o pokra\u010duj\u00edc\u00edch ukrajinsk\u00fdch \u00fatoc\u00edch na ruskou energetickou infrastrukturu a rusk\u00fdch odvetn\u00fdch \u00faderech proti ukrajinsk\u00fdm z\u00e1sobovac\u00edm s\u00edt\u00edm \u2013 prost\u0159ed\u00ed, v n\u011bm\u017e by nov\u00e9 d\u00e1lkov\u00e9 kapacity mohly zm\u011bnit dynamiku. (\u00a0<\/span><a href=\"https:\/\/www.theguardian.com\/world\/2025\/oct\/14\/ukraine-war-briefing-crimea-oil-refinery-burns-as-russia-feels-effects-on-fuel-supply\" target=\"_blank\" rel=\"noreferrer noopener\"><span dir=\"auto\">theguardian.com<\/span><\/a><span dir=\"auto\">\u00a0)<\/span><\/p>\n<h2 class=\"wp-block-heading\"><span dir=\"auto\">Washingtonsk\u00e9 politick\u00e9 \u00favahy<\/span><\/h2>\n<p><span dir=\"auto\">Ameri\u010dt\u00ed politici \u00fadajn\u011b zva\u017euj\u00ed v\u00fdhody a rizika: omezen\u00fd, kontrolovan\u00fd bal\u00ed\u010dek s p\u0159\u00edsn\u00fdmi po\u017eadavky na pou\u017e\u00edv\u00e1n\u00ed by mohl slou\u017eit jako sign\u00e1l odhodl\u00e1n\u00ed, ani\u017e by znamenal masivn\u00ed nahromad\u011bn\u00ed vojsk. Kritici tvrd\u00ed, \u017ee i \u201esymbolick\u00e9\u201c dod\u00e1vky by mohly zv\u00fd\u0161it pr\u00e1h pro p\u0159\u00edmou konfrontaci. (\u00a0<\/span><a href=\"https:\/\/www.ft.com\/content\/1417049a-5a1c-4fcb-8370-2341b164b2a1\" target=\"_blank\" rel=\"noreferrer noopener\"><span dir=\"auto\">ft.com<\/span><\/a><span dir=\"auto\">\u00a0)<\/span><\/p>\n<h2 class=\"wp-block-heading\"><span dir=\"auto\">Mo\u017en\u00e9 d\u016fsledky (stru\u010dn\u00fd p\u0159ehled)<\/span><\/h2>\n<ul>\n<li><strong><span dir=\"auto\">Taktick\u00e9:<\/span><\/strong><span dir=\"auto\">\u00a0Zv\u00fd\u0161en\u00e1 schopnost Kyjeva prov\u00e1d\u011bt hlubok\u00e9 \u00fadery; v\u00edce mo\u017enost\u00ed proti rusk\u00e9 logistick\u00e9 a energetick\u00e9 infrastruktu\u0159e.<\/span><\/li>\n<li><strong><span dir=\"auto\">Strategick\u00e9:<\/span><\/strong><span dir=\"auto\">\u00a0riziko eskalace, zintenzivn\u011bn\u00ed rusk\u00fdch protiopat\u0159en\u00ed, zhor\u0161en\u00ed bilater\u00e1ln\u00edch vztah\u016f.<\/span><\/li>\n<li><strong><span dir=\"auto\">Diplomaticky:<\/span><\/strong><span dir=\"auto\">\u00a0B\u0159emeno pro spojence, kte\u0159\u00ed mus\u00ed vyva\u017eovat podporu Ukrajiny s vyh\u00fdb\u00e1n\u00edm se eskalaci.<\/span><\/li>\n<\/ul>\n<h2 class=\"wp-block-heading\"><span dir=\"auto\">Z\u00e1v\u011br<\/span><\/h2>\n<p><span dir=\"auto\">Omezen\u00fd p\u0159esun Tomahawk\u016f by m\u011bl v\u00edce ne\u017e jen materi\u00e1ln\u00ed dopad: Vyslal by siln\u00fd politick\u00fd sign\u00e1l \u2013 a spustil by nov\u00e9 kolo nebezpe\u010dn\u00e9 r\u00e9toriky a protiopat\u0159en\u00ed. Rozhodnut\u00ed Washingtonu proto bude m\u00edt nejen vojensk\u00e9, ale p\u0159edev\u0161\u00edm geopolitick\u00e9 d\u016fsledky. (\u00a0<\/span><a href=\"https:\/\/www.ft.com\/content\/1417049a-5a1c-4fcb-8370-2341b164b2a1\" target=\"_blank\" rel=\"noreferrer noopener\"><span dir=\"auto\">ft.com<\/span><\/a><span dir=\"auto\">\u00a0)<\/span><\/p>\n<p><img decoding=\"async\" loading=\"lazy\" class=\"alignnone size-full wp-image-1185\" src=\"http:\/\/www.infokuryr.cz\/n\/wp-content\/uploads\/2021\/04\/kuryr-podpis.png\" alt=\"\" width=\"84\" height=\"24\" \/><\/p>\n<p>&nbsp;<\/p>\n","protected":false},"excerpt":{"rendered":"<p>Shrnut\u00ed:\u00a0Ameri\u010dt\u00ed p\u0159edstavitel\u00e9 zva\u017euj\u00ed, zda dodat Ukrajin\u011b mal\u00fd kontingent \u0159\u00edzen\u00fdch st\u0159el Tomahawk, nebo roz\u0161\u00ed\u0159it americkou zpravodajskou&#8230;<\/p>\n","protected":false},"author":2,"featured_media":89862,"comment_status":"closed","ping_status":"closed","sticky":false,"template":"","format":"standard","meta":[],"categories":[7],"tags":[1503,349,9857,26],"_links":{"self":[{"href":"https:\/\/www.infokuryr.cz\/n\/wp-json\/wp\/v2\/posts\/89861"}],"collection":[{"href":"https:\/\/www.infokuryr.cz\/n\/wp-json\/wp\/v2\/posts"}],"about":[{"href":"https:\/\/www.infokuryr.cz\/n\/wp-json\/wp\/v2\/types\/post"}],"author":[{"embeddable":true,"href":"https:\/\/www.infokuryr.cz\/n\/wp-json\/wp\/v2\/users\/2"}],"replies":[{"embeddable":true,"href":"https:\/\/www.infokuryr.cz\/n\/wp-json\/wp\/v2\/comments?post=89861"}],"version-history":[{"count":1,"href":"https:\/\/www.infokuryr.cz\/n\/wp-json\/wp\/v2\/posts\/89861\/revisions"}],"predecessor-version":[{"id":89863,"href":"https:\/\/www.infokuryr.cz\/n\/wp-json\/wp\/v2\/posts\/89861\/revisions\/89863"}],"wp:featuredmedia":[{"embeddable":true,"href":"https:\/\/www.infokuryr.cz\/n\/wp-json\/wp\/v2\/media\/89862"}],"wp:attachment":[{"href":"https:\/\/www.infokuryr.cz\/n\/wp-json\/wp\/v2\/media?parent=89861"}],"wp:term":[{"taxonomy":"category","embeddable":true,"href":"https:\/\/www.infokuryr.cz\/n\/wp-json\/wp\/v2\/categories?post=89861"},{"taxonomy":"post_tag","embeddable":true,"href":"https:\/\/www.infokuryr.cz\/n\/wp-json\/wp\/v2\/tags?post=89861"}],"curies":[{"name":"wp","href":"https:\/\/api.w.org\/{rel}","templated":true}]}}