{"id":89823,"date":"2025-10-14T00:32:31","date_gmt":"2025-10-13T22:32:31","guid":{"rendered":"https:\/\/www.infokuryr.cz\/n\/?p=89823"},"modified":"2025-10-13T17:54:39","modified_gmt":"2025-10-13T15:54:39","slug":"larry-ellison-nejnebezpecnejsi-technokrat-ameriky-jak-zakladatel-spolecnosti-oracle-ovlada-media-data-a-algoritmy","status":"publish","type":"post","link":"https:\/\/www.infokuryr.cz\/n\/2025\/10\/14\/larry-ellison-nejnebezpecnejsi-technokrat-ameriky-jak-zakladatel-spolecnosti-oracle-ovlada-media-data-a-algoritmy\/","title":{"rendered":"Larry Ellison \u2013 Nejnebezpe\u010dn\u011bj\u0161\u00ed technokrat Ameriky? Jak zakladatel spole\u010dnosti Oracle ovl\u00e1d\u00e1 m\u00e9dia, data a algoritmy"},"content":{"rendered":"<div id=\"fb-root\"><\/div>\n<h3 class=\"wp-block-heading\"><span dir=\"auto\">Tich\u00e9 p\u0159evzet\u00ed moci<\/span><\/h3>\n<p><span dir=\"auto\">Zat\u00edmco ve\u0159ejnost diskutuje o Elonu Muskovi nebo Marku Zuckerbergovi, ve st\u00ednu roste dal\u0161\u00ed mocensk\u00fd blok \u2013 mnohem m\u00e9n\u011b vn\u00edman\u00fd, ale mnohem strategi\u010dt\u011bj\u0161\u00ed:\u00a0<\/span><strong><span dir=\"auto\">Larry Ellison<\/span><\/strong><span dir=\"auto\">\u00a0, zakladatel softwarov\u00e9ho giganta\u00a0<\/span><strong><span dir=\"auto\">Oracle<\/span><\/strong><span dir=\"auto\">\u00a0, jeden z nejbohat\u0161\u00edch mu\u017e\u016f sv\u011bta a bl\u00edzk\u00fd d\u016fv\u011brn\u00edk Donalda Trumpa.<\/span><\/p>\n<p><span dir=\"auto\">Ellison dnes ovl\u00e1d\u00e1\u00a0<\/span><strong><span dir=\"auto\">v\u00edc ne\u017e jen technologie<\/span><\/strong><span dir=\"auto\">\u00a0. Kupuje si\u00a0<\/span><strong><span dir=\"auto\">\u00fast\u0159edn\u00ed kan\u00e1ly formov\u00e1n\u00ed ve\u0159ejn\u00e9ho m\u00edn\u011bn\u00ed<\/span><\/strong><span dir=\"auto\">\u00a0\u2013 televizi, streamov\u00e1n\u00ed, soci\u00e1ln\u00ed m\u00e9dia \u2013 a kombinuje je se svou kl\u00ed\u010dovou kompetenc\u00ed:\u00a0<\/span><strong><span dir=\"auto\">datovou silou<\/span><\/strong><span dir=\"auto\">\u00a0.<\/span><br \/>\n<span dir=\"auto\">Vznik\u00e1 tak nikoli klasick\u00e9 medi\u00e1ln\u00ed imp\u00e9rium, ale\u00a0<\/span><strong><span dir=\"auto\">technokratick\u00e1 kontroln\u00ed s\u00ed\u0165,<\/span><\/strong><span dir=\"auto\">\u00a0v n\u00ed\u017e se informace, data a algoritmy slu\u010duj\u00ed do jedin\u00e9 zbran\u011b.<\/span><\/p>\n<h3 class=\"wp-block-heading\"><span dir=\"auto\">TikTok \u2013 Br\u00e1na do kolektivn\u00ed psychiky<\/span><\/h3>\n<p><span dir=\"auto\">Akvizic\u00ed\u00a0<\/span><strong><span dir=\"auto\">americk\u00e9 divize TikToku<\/span><\/strong><span dir=\"auto\">\u00a0se Ellisonovi poda\u0159ilo dos\u00e1hnout kousku, kter\u00fd sice nez\u00edskal velkou ve\u0159ejnou pozornost, ale m\u00e1 obrovsk\u00fd v\u00fdznam.<\/span><br \/>\n<span dir=\"auto\">Jeho spole\u010dnost Oracle nyn\u00ed ovl\u00e1d\u00e1\u00a0<\/span><strong><span dir=\"auto\">celou datovou infrastrukturu<\/span><\/strong><span dir=\"auto\">\u00a0TikToku ve Spojen\u00fdch st\u00e1tech. To znamen\u00e1:<\/span><\/p>\n<ul>\n<li><strong><span dir=\"auto\">Servery, u\u017eivatelsk\u00e1 data, doporu\u010dovac\u00ed algoritmy<\/span><\/strong><span dir=\"auto\">\u00a0\u2013 v\u0161e b\u011b\u017e\u00ed p\u0159es Oracle.<\/span><\/li>\n<li><span dir=\"auto\">Spole\u010dnost\u00a0<\/span><strong><span dir=\"auto\">spravuje, hostuje a monitoruje<\/span><\/strong><span dir=\"auto\">\u00a0algoritmus, kter\u00fd ur\u010duje, jak\u00fd obsah denn\u011b vid\u00ed 170 milion\u016f Ameri\u010dan\u016f.<\/span><\/li>\n<\/ul>\n<p><span dir=\"auto\">Ofici\u00e1ln\u011b se to d\u011bje ve jm\u00e9nu \u201en\u00e1rodn\u00ed bezpe\u010dnosti\u201c. Ve skute\u010dnosti to znamen\u00e1, \u017ee\u00a0<\/span><strong><span dir=\"auto\">jedin\u00fd technokrat kontroluje tok informac\u00ed po celou generaci.<\/span><\/strong><\/p>\n<p><span dir=\"auto\">B\u00edl\u00fd d\u016fm dohodu schv\u00e1lil a b\u00fdval\u00fd dodavatel CIA, spole\u010dnost Oracle, z\u00edskal voln\u00fd p\u0159\u00edstup k nejcenn\u011bj\u0161\u00edm psychologick\u00fdm dat\u016fm na sv\u011bt\u011b. Je to sen ka\u017ed\u00e9ho technokrata: \u00fapln\u00e1 kontrola nad vn\u00edm\u00e1n\u00edm, konzumac\u00ed a chov\u00e1n\u00edm.<\/span><\/p>\n<h3 class=\"wp-block-heading\"><span dir=\"auto\">Paramount, CBS, Skydance \u2013 Nov\u00fd medi\u00e1ln\u00ed stroj<\/span><\/h3>\n<p><span dir=\"auto\">Z\u00e1rove\u0148 Ellison expanduje do sektoru tradi\u010dn\u00edch m\u00e9di\u00ed.<\/span><br \/>\n<span dir=\"auto\">Prost\u0159ednictv\u00edm sv\u00e9ho syna\u00a0<\/span><strong><span dir=\"auto\">Davida Ellisona<\/span><\/strong><span dir=\"auto\">\u00a0ovl\u00e1d\u00e1 od f\u00faze spole\u010dnost\u00ed\u00a0<\/span><strong><span dir=\"auto\">Skydance Media a Paramount Global<\/span><\/strong><span dir=\"auto\">\u00a0p\u0159ibli\u017en\u011b\u00a0<\/span><strong><span dir=\"auto\">77 % hlasovac\u00edch pr\u00e1v<\/span><\/strong><span dir=\"auto\">\u00a0. To v podstat\u011b znamen\u00e1, \u017ee vlastn\u00ed:<\/span><\/p>\n<ul>\n<li><strong><span dir=\"auto\">Zpr\u00e1vy CBS<\/span><\/strong><span dir=\"auto\">\u00a0,<\/span><\/li>\n<li><strong><span dir=\"auto\">\u010cas uk\u00e1zky<\/span><\/strong><span dir=\"auto\">\u00a0,<\/span><\/li>\n<li><strong><span dir=\"auto\">MTV<\/span><\/strong><span dir=\"auto\">\u00a0,<\/span><\/li>\n<li><strong><span dir=\"auto\">Nickelodeon<\/span><\/strong><br \/>\n<span dir=\"auto\">a cel\u00e1\u00a0<\/span><strong><span dir=\"auto\">streamovac\u00ed struktura Paramountu<\/span><\/strong><span dir=\"auto\">\u00a0.<\/span><\/li>\n<\/ul>\n<p><span dir=\"auto\">Jmenov\u00e1n\u00ed novin\u00e1\u0159ky\u00a0<\/span><strong><span dir=\"auto\">Bari Weissov\u00e9<\/span><\/strong><span dir=\"auto\">\u00a0novou \u0161\u00e9fredaktorkou CBS News ukazuje, jak se tento vliv roz\u0161i\u0159uje i\u00a0<\/span><strong><span dir=\"auto\">na obsah<\/span><\/strong><span dir=\"auto\">\u00a0.<\/span><br \/>\n<span dir=\"auto\">Podle intern\u00edch zpr\u00e1v bude Paramount v budoucnu vyu\u017e\u00edvat\u00a0<\/span><strong><span dir=\"auto\">spr\u00e1vu obsahu s podporou um\u011bl\u00e9 inteligence<\/span><\/strong><span dir=\"auto\">\u00a0\u2013 algoritmy, kter\u00e9 na z\u00e1klad\u011b dat p\u0159izp\u016fsobuj\u00ed zpr\u00e1vy, seri\u00e1ly a reklamu c\u00edlov\u00fdm skupin\u00e1m. M\u00e9dia se ji\u017e nejen produkuj\u00ed, ale\u00a0<\/span><strong><span dir=\"auto\">programuj\u00ed<\/span><\/strong><span dir=\"auto\">\u00a0.<\/span><\/p>\n<p><span dir=\"auto\">To vytv\u00e1\u0159\u00ed to, co s\u00e1m Ellison naz\u00fdv\u00e1 \u201edynamickou informa\u010dn\u00ed architekturou\u201c \u2013 eufemistick\u00fd term\u00edn pro algoritmicky \u0159\u00edzen\u00e9 narativy.<\/span><\/p>\n<h3 class=\"wp-block-heading\"><span dir=\"auto\">Technokrat jako ideolog<\/span><\/h3>\n<p><span dir=\"auto\">Larry Ellison v\u011b\u0159\u00ed v\u00a0<\/span><strong><span dir=\"auto\">data jako nejvy\u0161\u0161\u00ed autoritu<\/span><\/strong><span dir=\"auto\">\u00a0. V rozhovorech zd\u016fraz\u0148uje, \u017ee spole\u010dnosti by nem\u011bly b\u00fdt \u0159\u00edzeny politikou, ale\u00a0<\/span><strong><span dir=\"auto\">syst\u00e9my a v\u00fdpo\u010dty<\/span><\/strong><span dir=\"auto\">\u00a0.<\/span><br \/>\n<span dir=\"auto\">Nen\u00ed politik, kazatel ani idealista \u2013 je\u00a0<\/span><strong><span dir=\"auto\">technokrat<\/span><\/strong><span dir=\"auto\">\u00a0, kter\u00fd vykon\u00e1v\u00e1 moc prost\u0159ednictv\u00edm infrastruktury.<\/span><\/p>\n<p><span dir=\"auto\">Spole\u010dnost Oracle poskytuje\u00a0<\/span><strong><span dir=\"auto\">datab\u00e1ze pro vl\u00e1dy<\/span><\/strong><span dir=\"auto\">\u00a0,\u00a0<\/span><strong><span dir=\"auto\">bezpe\u010dnostn\u00ed agentury<\/span><\/strong><span dir=\"auto\">\u00a0,\u00a0<\/span><strong><span dir=\"auto\">arm\u00e1dy<\/span><\/strong><span dir=\"auto\">\u00a0a\u00a0<\/span><strong><span dir=\"auto\">syst\u00e9my zdravotn\u00ed p\u00e9\u010de<\/span><\/strong><span dir=\"auto\">\u00a0po cel\u00e9m sv\u011bt\u011b.<\/span><br \/>\n<span dir=\"auto\">Od CIA p\u0159es Pentagon a\u017e po n\u00e1rodn\u00ed projekty elektronick\u00fdch identifika\u010dn\u00edch doklad\u016f tvo\u0159\u00ed Ellison\u016fv software\u00a0<\/span><strong><span dir=\"auto\">digit\u00e1ln\u00ed z\u00e1klad vl\u00e1dy 21. stolet\u00ed<\/span><\/strong><span dir=\"auto\">\u00a0.<\/span><br \/>\n<span dir=\"auto\">Nyn\u00ed tuto infrastrukturu roz\u0161i\u0159uje o\u00a0<\/span><strong><span dir=\"auto\">medi\u00e1ln\u00ed s\u00edlu<\/span><\/strong><span dir=\"auto\">\u00a0\u2013 schopnost formovat ve\u0159ejn\u00e9 m\u00edn\u011bn\u00ed stejn\u00fdmi n\u00e1stroji, kter\u00e9 pou\u017e\u00edv\u00e1 ke kontrole dat.<\/span><\/p>\n<h3 class=\"wp-block-heading\"><span dir=\"auto\">Nov\u00e1 aliance mezi technologi\u00ed a vl\u00e1dou<\/span><\/h3>\n<p><span dir=\"auto\">Ellisonova s\u00ed\u0165 se p\u0159ekr\u00fdv\u00e1 s dal\u0161\u00edmi kl\u00ed\u010dov\u00fdmi postavami technokratick\u00e9 elity:<\/span><\/p>\n<ul>\n<li><strong><span dir=\"auto\">Peter Thiel (Palantir)<\/span><\/strong><span dir=\"auto\">\u00a0: Sledov\u00e1n\u00ed dat pro zpravodajsk\u00e9 slu\u017eby.<\/span><\/li>\n<li><strong><span dir=\"auto\">Sam Altman (OpenAI)<\/span><\/strong><span dir=\"auto\">\u00a0: \u0158\u00edzen\u00ed pomoc\u00ed um\u011bl\u00e9 inteligence jako ve\u0159ejn\u00e1 infrastruktura.<\/span><\/li>\n<li><strong><span dir=\"auto\">Elon Musk (X, Neuralink)<\/span><\/strong><span dir=\"auto\">\u00a0: Integrace \u010dlov\u011bka a stroje a \u0159\u00edzen\u00ed informac\u00ed.<\/span><\/li>\n<\/ul>\n<p><span dir=\"auto\">V\u0161ichni t\u0159i pracuj\u00ed na r\u016fzn\u00fdch aspektech glob\u00e1ln\u00edho\u00a0<\/span><strong><span dir=\"auto\">syst\u00e9mu spr\u00e1vy<\/span><\/strong><span dir=\"auto\">\u00a0zalo\u017een\u00e9ho na datech, um\u011bl\u00e9 inteligenci a behavior\u00e1ln\u00ed kontrole.<\/span><br \/>\n<span dir=\"auto\">Ellison poskytuje\u00a0<\/span><strong><span dir=\"auto\">technologick\u00fd z\u00e1klad<\/span><\/strong><span dir=\"auto\">\u00a0\u2013 datov\u00e1 centra, cloudov\u00e9 s\u00edt\u011b, platformy a medi\u00e1ln\u00ed kan\u00e1ly.<\/span><\/p>\n<h3 class=\"wp-block-heading\"><span dir=\"auto\">Nejnebezpe\u010dn\u011bj\u0161\u00ed bod: kontrola bez odpov\u011bdnosti<\/span><\/h3>\n<p><span dir=\"auto\">Larry Ellison nepodl\u00e9h\u00e1 demokratick\u00e9mu dohledu, novin\u00e1\u0159sk\u00e9 odpov\u011bdnosti ani ve\u0159ejn\u00e9mu mand\u00e1tu.<\/span><br \/>\n<span dir=\"auto\">Ne\u0159\u00edd\u00ed prost\u0159ednictv\u00edm n\u00e1sil\u00ed nebo politiky, ale prost\u0159ednictv\u00edm\u00a0<\/span><strong><span dir=\"auto\">infrastruktury<\/span><\/strong><span dir=\"auto\">\u00a0,\u00a0<\/span><strong><span dir=\"auto\">algoritm\u016f<\/span><\/strong><span dir=\"auto\">\u00a0a\u00a0<\/span><strong><span dir=\"auto\">z\u00e1vislosti na datech<\/span><\/strong><span dir=\"auto\">\u00a0.<\/span><br \/>\n<span dir=\"auto\">To z n\u011bj \u2013 tich\u00e9ho, efektivn\u00edho a neviditeln\u00e9ho \u2013 d\u011bl\u00e1 jednoho z nejnebezpe\u010dn\u011bj\u0161\u00edch akt\u00e9r\u016f na\u0161\u00ed doby.<\/span><\/p>\n<p><span dir=\"auto\">Jeho c\u00edlem nen\u00ed otev\u0159en\u00e1 diktatura, ale\u00a0<\/span><strong><span dir=\"auto\">algoritmick\u00fd syst\u00e9m,<\/span><\/strong><span dir=\"auto\">\u00a0v n\u011bm\u017e jsou chov\u00e1n\u00ed, spot\u0159eba a my\u0161len\u00ed automaticky \u0159\u00edzeny \u2013 softwarem, nikoli z\u00e1kony.<\/span><\/p>\n<h3 class=\"wp-block-heading\"><span dir=\"auto\">Z\u00e1v\u011br: Neviditeln\u00e1 s\u00edla<\/span><\/h3>\n<p><span dir=\"auto\">Ellisonova vize je technokratick\u00e1, nikoli demokratick\u00e1.<\/span><br \/>\n<span dir=\"auto\">Je zalo\u017eena na p\u0159esv\u011bd\u010den\u00ed, \u017ee rozhodnut\u00ed by m\u011bla \u010dinit data m\u00edsto lid\u00ed, algoritmy m\u00edsto parlament\u016f a efektivita m\u00edsto etiky.<\/span><\/p>\n<p><span dir=\"auto\">S\u00a0<\/span><strong><span dir=\"auto\">TikTokem<\/span><\/strong><span dir=\"auto\">\u00a0,\u00a0<\/span><strong><span dir=\"auto\">Paramountem<\/span><\/strong><span dir=\"auto\">\u00a0,\u00a0<\/span><strong><span dir=\"auto\">Oracle<\/span><\/strong><span dir=\"auto\">\u00a0a jejich vlivem na\u00a0<\/span><strong><span dir=\"auto\">syst\u00e9my americk\u00e9 vl\u00e1dy<\/span><\/strong><span dir=\"auto\">\u00a0Larry Ellison nebuduje medi\u00e1ln\u00ed spole\u010dnost \u2013<\/span><br \/>\n<span dir=\"auto\">buduje\u00a0<\/span><strong><span dir=\"auto\">digit\u00e1ln\u00ed \u0159\u00e1d,<\/span><\/strong><span dir=\"auto\">\u00a0v n\u011bm\u017e se informace, z\u00e1bava a sledov\u00e1n\u00ed st\u00e1vaj\u00ed jedn\u00edm.<\/span><\/p>\n<p><span dir=\"auto\">A zat\u00edmco je ve\u0159ejnost rozpt\u00fdlena, v pozad\u00ed se vytv\u00e1\u0159\u00ed pravd\u011bpodobn\u011b\u00a0<\/span><strong><span dir=\"auto\">nejmocn\u011bj\u0161\u00ed komunika\u010dn\u00ed infrastruktura na sv\u011bt\u011b \u2013 v rukou mu\u017ee, kter\u00fd v\u011b\u0159\u00ed ve vl\u00e1du stroj\u016f.<\/span><\/strong><\/p>\n<p><img decoding=\"async\" loading=\"lazy\" class=\"alignnone size-full wp-image-1185\" src=\"http:\/\/www.infokuryr.cz\/n\/wp-content\/uploads\/2021\/04\/kuryr-podpis.png\" alt=\"\" width=\"84\" height=\"24\" \/><\/p>\n<p>&nbsp;<\/p>\n","protected":false},"excerpt":{"rendered":"<p>Tich\u00e9 p\u0159evzet\u00ed moci Zat\u00edmco ve\u0159ejnost diskutuje o Elonu Muskovi nebo Marku Zuckerbergovi, ve st\u00ednu roste&#8230;<\/p>\n","protected":false},"author":2,"featured_media":89824,"comment_status":"closed","ping_status":"closed","sticky":false,"template":"","format":"standard","meta":[],"categories":[7],"tags":[1620,158,2812,6012],"_links":{"self":[{"href":"https:\/\/www.infokuryr.cz\/n\/wp-json\/wp\/v2\/posts\/89823"}],"collection":[{"href":"https:\/\/www.infokuryr.cz\/n\/wp-json\/wp\/v2\/posts"}],"about":[{"href":"https:\/\/www.infokuryr.cz\/n\/wp-json\/wp\/v2\/types\/post"}],"author":[{"embeddable":true,"href":"https:\/\/www.infokuryr.cz\/n\/wp-json\/wp\/v2\/users\/2"}],"replies":[{"embeddable":true,"href":"https:\/\/www.infokuryr.cz\/n\/wp-json\/wp\/v2\/comments?post=89823"}],"version-history":[{"count":0,"href":"https:\/\/www.infokuryr.cz\/n\/wp-json\/wp\/v2\/posts\/89823\/revisions"}],"wp:featuredmedia":[{"embeddable":true,"href":"https:\/\/www.infokuryr.cz\/n\/wp-json\/wp\/v2\/media\/89824"}],"wp:attachment":[{"href":"https:\/\/www.infokuryr.cz\/n\/wp-json\/wp\/v2\/media?parent=89823"}],"wp:term":[{"taxonomy":"category","embeddable":true,"href":"https:\/\/www.infokuryr.cz\/n\/wp-json\/wp\/v2\/categories?post=89823"},{"taxonomy":"post_tag","embeddable":true,"href":"https:\/\/www.infokuryr.cz\/n\/wp-json\/wp\/v2\/tags?post=89823"}],"curies":[{"name":"wp","href":"https:\/\/api.w.org\/{rel}","templated":true}]}}