{"id":89802,"date":"2025-10-14T00:24:55","date_gmt":"2025-10-13T22:24:55","guid":{"rendered":"https:\/\/www.infokuryr.cz\/n\/?p=89802"},"modified":"2025-10-13T10:53:18","modified_gmt":"2025-10-13T08:53:18","slug":"trumpuv-falesny-mirovy-plan","status":"publish","type":"post","link":"https:\/\/www.infokuryr.cz\/n\/2025\/10\/14\/trumpuv-falesny-mirovy-plan\/","title":{"rendered":"Trump\u016fv fale\u0161n\u00fd m\u00edrov\u00fd pl\u00e1n"},"content":{"rendered":"<div id=\"fb-root\"><\/div>\n<h3 class=\"wp-block-heading\"><strong><span dir=\"auto\">V Gaze nebude m\u00edr. Pouze do\u010dasn\u00e1 absence v\u00e1lky.<\/span><\/strong><\/h3>\n<p><span dir=\"auto\">V okupovan\u00e9 Palestin\u011b nen\u00ed nouze o ne\u00fasp\u011b\u0161n\u00e9 m\u00edrov\u00e9 pl\u00e1ny, v\u0161echny s detailn\u00edmi f\u00e1zemi a \u010dasov\u00fdmi harmonogramy, sahaj\u00edc\u00ed a\u017e do dob prezidentstv\u00ed Jimmyho Cartera. V\u0161echny kon\u010d\u00ed stejn\u011b. Izrael nejprve dos\u00e1hne toho, co chce \u2013 v posledn\u00edm p\u0159\u00edpad\u011b propu\u0161t\u011bn\u00ed zb\u00fdvaj\u00edc\u00edch izraelsk\u00fdch rukojm\u00edch \u2013 zat\u00edmco ignoruje a poru\u0161uje v\u0161echny ostatn\u00ed f\u00e1ze, dokud neobnov\u00ed sv\u00e9 \u00fatoky na palestinsk\u00fd lid.<\/span><\/p>\n<p><span dir=\"auto\">Je to sadistick\u00e1 hra. Smrt\u00edc\u00ed koloto\u010d. Toto p\u0159\u00edm\u011b\u0159\u00ed, stejn\u011b jako ta v minulosti, je reklamn\u00ed p\u0159est\u00e1vkou. Okam\u017eikem, kdy si odsouzen\u00fd mu\u017e m\u016f\u017ee zakou\u0159it cigaretu, ne\u017e ho zast\u0159el\u00ed spr\u0161ka kulek.<\/span><\/p>\n<p><span dir=\"auto\">Jakmile budou izrael\u0161t\u00ed rukojm\u00ed osvobozeni, genocida bude pokra\u010dovat. Nev\u00edm, jak dlouho. Doufejme, \u017ee se masov\u00e9 masakrov\u00e1n\u00ed odlo\u017e\u00ed alespo\u0148 o n\u011bkolik t\u00fddn\u016f. Ale pauza v genocid\u011b je to nejlep\u0161\u00ed, v co m\u016f\u017eeme doufat. Izrael se chyst\u00e1 vypr\u00e1zdnit Gazu, kter\u00e1 byla t\u00e9m\u011b\u0159 \u00fapln\u011b zni\u010dena dv\u011bma lety ne\u00fanavn\u00e9ho bombardov\u00e1n\u00ed. V dohledn\u00e9 dob\u011b se to nezastav\u00ed. Toto je vyvrcholen\u00ed sionistick\u00e9ho snu. Spojen\u00e9 st\u00e1ty, kter\u00e9 od 7. \u0159\u00edjna 2023\u00a0<\/span><a href=\"https:\/\/www.aa.com.tr\/en\/americas\/us-has-spent-22b-supporting-israel-s-military-since-october-2023\/3439052\"><span dir=\"auto\">nalily<\/span><\/a><span dir=\"auto\">\u00a0do Izraele kolos\u00e1ln\u00ed vojenskou pomoc ve v\u00fd\u0161i 22 miliard dolar\u016f, neuzav\u0159ou sv\u016fj plynovod, jedin\u00fd n\u00e1stroj, kter\u00fd m\u016f\u017ee genocidu ukon\u010dit.<\/span><\/p>\n<p><span dir=\"auto\">Izrael jako v\u017edy obvin\u00ed Ham\u00e1s a Palestince z nerespektov\u00e1n\u00ed dohody, pravd\u011bpodobn\u011b t\u00edm, \u017ee odm\u00edtne \u2013 a\u0165 u\u017e pravdiv\u011b \u010di nepravdiv\u011b \u2013 odzbrojen\u00ed, jak to po\u017eaduje n\u00e1vrh. Washington, odsuzuj\u00edc\u00ed \u00fadajn\u00e9 poru\u0161en\u00ed dohody Ham\u00e1sem, d\u00e1 Izraeli zelenou k pokra\u010dov\u00e1n\u00ed genocidy a napln\u011bn\u00ed Trumpovy fantazie:\u00a0<\/span><a href=\"https:\/\/www.cnbc.com\/2025\/09\/01\/gaza-riviera-trump-administration-weighs-post-war-redevelopment-plan.html\"><span dir=\"auto\">Gazsk\u00e1 rivi\u00e9ra<\/span><\/a><span dir=\"auto\">\u00a0a \u201ezvl\u00e1\u0161tn\u00ed ekonomick\u00e1 z\u00f3na\u201c s \u201edobrovoln\u00fdm\u201c p\u0159es\u00eddlen\u00edm Palestinc\u016f v\u00fdm\u011bnou za digit\u00e1ln\u00ed tokeny.<\/span><\/p>\n<div class=\"wp-block-image\">\n<figure class=\"aligncenter size-large is-resized\"><a class=\"single-popup\" href=\"https:\/\/i0.wp.com\/reseauinternational.net\/wp-content\/uploads\/2025\/10\/image-176.png?quality=100&amp;ssl=1\"><img decoding=\"async\" loading=\"lazy\" class=\"wp-image-488195 aligncenter\" src=\"https:\/\/i0.wp.com\/reseauinternational.net\/wp-content\/uploads\/2025\/10\/image-176.png?resize=1024%2C680&amp;quality=100&amp;ssl=1\" sizes=\"auto\" srcset=\"https:\/\/i0.wp.com\/reseauinternational.net\/wp-content\/uploads\/2025\/10\/image-176.png?resize=1024%2C680&amp;quality=100&amp;ssl=1 1024w, https:\/\/i0.wp.com\/reseauinternational.net\/wp-content\/uploads\/2025\/10\/image-176.png?resize=300%2C199&amp;quality=100&amp;ssl=1 300w, https:\/\/i0.wp.com\/reseauinternational.net\/wp-content\/uploads\/2025\/10\/image-176.png?resize=768%2C510&amp;quality=100&amp;ssl=1 768w, https:\/\/i0.wp.com\/reseauinternational.net\/wp-content\/uploads\/2025\/10\/image-176.png?resize=990%2C658&amp;quality=100&amp;ssl=1 990w, https:\/\/i0.wp.com\/reseauinternational.net\/wp-content\/uploads\/2025\/10\/image-176.png?w=1252&amp;quality=100&amp;ssl=1 1252w,https:\/\/i0.wp.com\/reseauinternational.net\/wp-content\/uploads\/2025\/10\/image-176.png?resize=600%2C399&amp;quality=100&amp;ssl=1&amp;_jb=custom 1911w\" alt=\"\" width=\"785\" height=\"521\" data-recalc-dims=\"1\" \/><\/a><\/figure>\n<\/div>\n<p class=\"has-text-align-center\" style=\"text-align: center;\"><em><span dir=\"auto\">Palestinci nesouc\u00ed sv\u00e9 v\u011bci m\u00ed\u0159\u00ed sm\u011brem k severn\u00edmu p\u00e1smu Gazy p\u0159es<\/span><\/em><br \/>\n<em><span dir=\"auto\">ulici Rashid, kter\u00e1 spojuje sever a jih enkl\u00e1vy pot\u00e9, co bylo v<\/span><\/em><br \/>\n<em><span dir=\"auto\">Gaze 10. \u0159\u00edjna 2025 vyhl\u00e1\u0161eno p\u0159\u00edm\u011b\u0159\u00ed. (Foto: Stringer\/Anadolu p\u0159es Getty Images)<\/span><\/em><\/p>\n<div class=\"wp-block-spacer\" aria-hidden=\"true\"><\/div>\n<p><span dir=\"auto\">Z nes\u010detn\u00fdch m\u00edrov\u00fdch pl\u00e1n\u016f vyv\u00edjen\u00fdch v pr\u016fb\u011bhu desetilet\u00ed je tento nejm\u00e9n\u011b z\u00e1va\u017en\u00fd. Krom\u011b po\u017eadavku, aby Ham\u00e1s propustil rukojm\u00ed do 72 hodin od p\u0159\u00edm\u011b\u0159\u00ed, postr\u00e1d\u00e1 specifika a vnucen\u00e9 harmonogramy. Je pln\u00fd v\u00fdhrad, kter\u00e9 Izraeli umo\u017e\u0148uj\u00ed dohodu zru\u0161it. A o to jde. Nen\u00ed navr\u017een jako sch\u016fdn\u00e1 cesta k m\u00edru, co\u017e v\u011bt\u0161ina izraelsk\u00fdch v\u016fdc\u016f ch\u00e1pe. Israel Hayom, Israel Hayom, zalo\u017een\u00fd b\u00fdval\u00fdm kasinov\u00fdm magn\u00e1tem Sheldonem Adelsonem, aby slou\u017eil jako mluv\u010d\u00ed premi\u00e9ra Benjamina Netanjahua a zast\u00e1nce mesi\u00e1\u0161sk\u00e9ho sionismu, sv\u00fdm \u010dten\u00e1\u0159\u016fm doporu\u010dil, aby se Trumpova pl\u00e1nu neb\u00e1li, proto\u017ee je to jen \u201er\u00e9torika\u00a0\u201c\u00a0<\/span><em><span dir=\"auto\">.<\/span><\/em><\/p>\n<p><span dir=\"auto\">Izrael v jednom z p\u0159\u00edklad\u016f n\u00e1vrhu \u201e\u00a0<\/span><em><span dir=\"auto\">se nevr\u00e1t\u00ed do oblast\u00ed, ze kter\u00fdch se Ham\u00e1s st\u00e1hl, dokud Ham\u00e1s pln\u011b provede dohodu<\/span><\/em><span dir=\"auto\">\u00a0\u201c.<\/span><\/p>\n<p><span dir=\"auto\">Kdo rozhoduje o tom, zda Ham\u00e1s dohodu \u201epln\u011b implementoval\u201c? Izrael. V\u011b\u0159\u00ed n\u011bkdo v dobrou v\u016fli Izraele? Lze Izraeli d\u016fv\u011b\u0159ovat jako objektivn\u00edmu arbitrovi dohody? Pokud se Ham\u00e1s, d\u00e9monizovan\u00fd jako teroristick\u00e1 skupina, postav\u00ed proti n\u00ed, bude mu naslouch\u00e1no?<\/span><\/p>\n<p><span dir=\"auto\">Jak m\u016f\u017ee m\u00edrov\u00fd n\u00e1vrh ignorovat\u00a0<\/span><a href=\"https:\/\/www.icj-cij.org\/index.php\/node\/204160\"><span dir=\"auto\">poradn\u00ed stanovisko Mezin\u00e1rodn\u00edho soudn\u00edho dvora z \u010dervence 2024<\/span><\/a><span dir=\"auto\">\u00a0, kter\u00e9 znovu potvrdilo, \u017ee izraelsk\u00e1 okupace je nez\u00e1konn\u00e1 a mus\u00ed skon\u010dit?<\/span><\/p>\n<p><span dir=\"auto\">Jak m\u016f\u017ee nezm\u00ednit\u00a0<\/span><a href=\"https:\/\/www.un.org\/unispal\/document\/the-right-of-the-palestinian-people-to-self-determination-general-assembly-resolution-a-res-79-163\/\"><span dir=\"auto\">pr\u00e1vo Palestinc\u016f na sebeur\u010den\u00ed<\/span><\/a><span dir=\"auto\">\u00a0?<\/span><\/p>\n<p><span dir=\"auto\">Pro\u010d se od Palestinc\u016f, kte\u0159\u00ed maj\u00ed\u00a0<\/span><a href=\"https:\/\/www.un.org\/unispal\/document\/auto-insert-184195\/\"><span dir=\"auto\">podle mezin\u00e1rodn\u00edho pr\u00e1va pr\u00e1vo<\/span><\/a><span dir=\"auto\">\u00a0v\u00e9st ozbrojen\u00fd boj proti okupa\u010dn\u00ed mocnosti, o\u010dek\u00e1v\u00e1 odzbrojen\u00ed, zat\u00edmco od Izraele, neleg\u00e1ln\u00ed okupa\u010dn\u00ed s\u00edly, nikoli?<\/span><\/p>\n<p><span dir=\"auto\">Na z\u00e1klad\u011b jak\u00e9 pravomoci mohou Spojen\u00e9 st\u00e1ty\u00a0<\/span><a href=\"https:\/\/www.aljazeera.com\/news\/2025\/9\/29\/heres-the-full-text-of-trumps-20-point-plan-to-end-israels-war-on-gaza\"><span dir=\"auto\">z\u0159\u00eddit<\/span><\/a><span dir=\"auto\">\u00a0\u201edo\u010dasnou p\u0159echodnou vl\u00e1du\u201c \u2013 tzv. \u201eM\u00edrovou radu\u201c Trumpa a Tonyho Blaira \u2013 a t\u00edm odlo\u017eit stranou pr\u00e1vo Palestinc\u016f na sebeur\u010den\u00ed?<\/span><\/p>\n<p><span dir=\"auto\">Kdo dal Spojen\u00fdm st\u00e1t\u016fm povolen\u00ed vyslat do Gazy \u201eMezin\u00e1rodn\u00ed stabiliza\u010dn\u00ed s\u00edly\u201c, co\u017e je zdvo\u0159il\u00fd v\u00fdraz pro zahrani\u010dn\u00ed okupaci?<\/span><\/p>\n<p><span dir=\"auto\">Jak maj\u00ed Palestinci akceptovat instalaci izraelsk\u00e9 \u201ebezpe\u010dnostn\u00ed bari\u00e9ry\u201c na hranic\u00edch Gazy, kter\u00e1 potvrzuje pokra\u010dov\u00e1n\u00ed okupace?<\/span><\/p>\n<p><span dir=\"auto\">Jak m\u016f\u017ee n\u00e1vrh ignorovat zpomalenou genocidu a anexi Z\u00e1padn\u00edho b\u0159ehu Jord\u00e1nu?<\/span><\/p>\n<p><span dir=\"auto\">Pro\u010d Izrael, kter\u00fd zni\u010dil Gazu, nen\u00ed povinen platit reparace?<\/span><\/p>\n<p><span dir=\"auto\">Co by si m\u011bli Palestinci myslet o n\u00e1vrhu po\u017eaduj\u00edc\u00edm \u201ederadikalizaci\u201c obyvatel Gazy? Jak bude to mo\u017en\u00e9? P\u0159ev\u00fdchovn\u00e9 t\u00e1bory? Rozs\u00e1hl\u00e1 cenzura? Reforma \u0161koln\u00edch osnov? Zat\u00fdk\u00e1n\u00ed im\u00e1m\u016f, kte\u0159\u00ed se dopou\u0161t\u011bj\u00ed ur\u00e1\u017eek, v me\u0161it\u00e1ch?<\/span><\/p>\n<p><span dir=\"auto\">A co pobu\u0159uj\u00edc\u00ed r\u00e9torika, kterou pravideln\u011b pou\u017e\u00edvaj\u00ed izrael\u0161t\u00ed v\u016fdci, kte\u0159\u00ed ozna\u010duj\u00ed Palestince za \u201e\u00a0<\/span><a href=\"https:\/\/www.timesofisrael.com\/liveblog_entry\/defense-minister-announces-complete-siege-of-gaza-no-power-food-or-fuel\/\"><em><span dir=\"auto\">lidsk\u00e1 zv\u00ed\u0159ata<\/span><\/em><\/a><span dir=\"auto\">\u00a0\u201c a jejich d\u011bti za \u201e\u00a0<\/span><a href=\"https:\/\/electronicintifada.net\/blogs\/ali-abunimah\/israeli-lawmakers-call-genocide-palestinians-gets-thousands-facebook-likes\"><em><span dir=\"auto\">mal\u00e9 hady<\/span><\/em><\/a><span dir=\"auto\">\u00a0\u201c?<\/span><\/p>\n<p><span dir=\"auto\">\u201e\u00a0<\/span><em><span dir=\"auto\">Cel\u00e1 Gaza a ka\u017ed\u00e9 d\u00edt\u011b v Gaze by m\u011blo zem\u0159\u00edt hlady<\/span><\/em><span dir=\"auto\">\u00a0,\u201c\u00a0<\/span><a href=\"https:\/\/www.facebook.com\/watch\/\"><span dir=\"auto\">\u0159ekl<\/span><\/a><span dir=\"auto\">\u00a0izraelsk\u00fd rab\u00edn Ronen \u0160aulov. \u201eNem\u00e1m \u017e\u00e1dnou l\u00edtost nad t\u011bmi, kte\u0159\u00ed za p\u00e1r let vyrostou a nebudou s n\u00e1mi litovat. Jen hloup\u00fd, Izrael nen\u00e1vid\u00edc\u00ed p\u00e1t\u00fd sloup lituje budouc\u00edch terorist\u016f, i kdy\u017e jsou dnes je\u0161t\u011b mlad\u00ed a hladov\u00ed. Douf\u00e1m, \u017ee zem\u0159ou hlady, a pokud m\u00e1 n\u011bkdo probl\u00e9m s t\u00edm, co jsem \u0159ekl, je to jeho probl\u00e9m.\u201c<\/span><\/p>\n<p><span dir=\"auto\">Poru\u0161ov\u00e1n\u00ed m\u00edrov\u00fdch dohod Izraelem m\u00e1 historick\u00e9 precedenty.<\/span><\/p>\n<p><span dir=\"auto\">Dohody z Camp Davidu, podepsan\u00e9 v roce 1978 egyptsk\u00fdm prezidentem Anwarem Sadatem a izraelsk\u00fdm premi\u00e9rem Menachem Beginem \u2013 bez \u00fa\u010dasti Organizace pro osvobozen\u00ed Palestiny (OOP) \u2013 vedly k izraelsko-egyptsk\u00e9 m\u00edrov\u00e9 smlouv\u011b z roku 1979, kter\u00e1 normalizovala diplomatick\u00e9 vztahy mezi Izraelem a Egyptem.<\/span><\/p>\n<p><span dir=\"auto\">Pozd\u011bj\u0161\u00ed f\u00e1ze dohod z Camp Davidu, kter\u00e9 zahrnovaly izraelsk\u00fd slib vy\u0159e\u0161it palestinskou ot\u00e1zku s Jord\u00e1nskem a Egyptem, umo\u017enit palestinskou samospr\u00e1vu na Z\u00e1padn\u00edm b\u0159ehu Jord\u00e1nu a v Gaze do p\u011bti let a ukon\u010dit v\u00fdstavbu izraelsk\u00fdch osad na Z\u00e1padn\u00edm b\u0159ehu Jord\u00e1nu, v\u010detn\u011b v\u00fdchodn\u00edho Jeruzal\u00e9ma, nebyly\u00a0<\/span><a href=\"https:\/\/carterschool.gmu.edu\/about\/legacy-leadership\/camp-david-hal-saunders-and-responsibility-peacemaking#:~:text=%E2%80%9CAlthough%20this%20crucial,the%20occupied%20territories.%E2%80%9D\"><span dir=\"auto\">nikdy realizov\u00e1ny<\/span><\/a><span dir=\"auto\">\u00a0.<\/span><\/p>\n<p><span dir=\"auto\">Dohody z Osla z roku 1993,\u00a0<\/span><a href=\"https:\/\/www.aljazeera.com\/news\/2023\/9\/13\/what-were-oslo-accords-israel-palestinians\"><span dir=\"auto\">podepsan\u00e9<\/span><\/a><span dir=\"auto\">\u00a0v roce 1993, vedly k tomu, \u017ee OOP uznala pr\u00e1vo Izraele na existenci a Izrael uznal OOP jako legitimn\u00edho z\u00e1stupce palestinsk\u00e9ho lidu. N\u00e1sledovalo v\u0161ak oslaben\u00ed OOP a jej\u00ed transformace v koloni\u00e1ln\u00ed policejn\u00ed s\u00edlu. Dohoda Oslo II, podepsan\u00e1 v roce 1995, podrobn\u011b popsala proces m\u00edru a vytvo\u0159en\u00ed palestinsk\u00e9ho st\u00e1tu. I ta se v\u0161ak zrodila z mrtv\u00e9ho \u00fatvaru. Stanovila, \u017ee jak\u00e1koli diskuse o neleg\u00e1ln\u00edch \u017eidovsk\u00fdch \u201eosad\u00e1ch\u201c by m\u011bla b\u00fdt odlo\u017eena a\u017e do \u201ekone\u010dn\u00fdch\u201c jedn\u00e1n\u00ed o statusu. Do t\u00e9 doby m\u011blo b\u00fdt dokon\u010deno sta\u017een\u00ed izraelsk\u00e9 arm\u00e1dy z okupovan\u00e9ho Z\u00e1padn\u00edho b\u0159ehu Jord\u00e1nu. Spr\u00e1vn\u00ed moc m\u011bla b\u00fdt brzy\u00a0<\/span><a href=\"https:\/\/www.aljazeera.com\/news\/2023\/10\/11\/what-is-the-palestinian-authority-and-how-is-it-viewed-by-palestinians\"><span dir=\"auto\">p\u0159evedena<\/span><\/a><span dir=\"auto\">\u00a0z Izraele na Palestinskou samospr\u00e1vu, co\u017e m\u011blo b\u00fdt do\u010dasn\u00e9. M\u00edsto toho byl Z\u00e1padn\u00ed b\u0159eh Jord\u00e1nu rozd\u011blen na oblasti A, B a C. Palestinsk\u00e1 samospr\u00e1va vykon\u00e1vala omezenou pravomoc nad oblastmi A a B, zat\u00edmco Izrael kontroloval celou oblast C, tedy v\u00edce ne\u017e 60 % Z\u00e1padn\u00edho b\u0159ehu Jord\u00e1nu.<\/span><\/p>\n<p><span dir=\"auto\">Pr\u00e1vo\u00a0<\/span><a href=\"https:\/\/www.un.org\/unispal\/wp-content\/uploads\/2016\/05\/ARES3236XXIX.pdf\"><span dir=\"auto\">palestinsk\u00fdch uprchl\u00edk\u016f<\/span><\/a><span dir=\"auto\">\u00a0na n\u00e1vrat do historick\u00fdch \u00fazem\u00ed zabaven\u00fdch \u017eidovsk\u00fdmi osadn\u00edky v roce 1948 p\u0159i vzniku Izraele \u2013 pr\u00e1vo zakotven\u00e9 v mezin\u00e1rodn\u00edm pr\u00e1vu \u2013 bylo v\u016fdcem OOP J\u00e1sirem Arafatem opu\u0161t\u011bno. Toto rozhodnut\u00ed okam\u017eit\u011b znep\u0159\u00e1telilo mnoho Palestinc\u016f, zejm\u00e9na ty v Gaze, kde 75 % tvo\u0159\u00ed uprchl\u00edci nebo potomci uprchl\u00edk\u016f. V d\u016fsledku toho mnoho Palestinc\u016f opustilo OOP ve prosp\u011bch Ham\u00e1su. Edward Said nazval dohody z Osla \u201e\u00a0<\/span><em><span dir=\"auto\">n\u00e1strojem palestinsk\u00e9 kapitulace, palestinsk\u00fdm Versailles<\/span><\/em><span dir=\"auto\">\u00a0\u201c a kritizoval Arafata, ozna\u010dil ho za \u201e\u00a0<\/span><em><span dir=\"auto\">P\u00e9taina Palestinc\u016f<\/span><\/em><span dir=\"auto\">\u00a0\u201c\u00a0<\/span><em><span dir=\"auto\">.<\/span><\/em><\/p>\n<p><span dir=\"auto\">K izraelsk\u00e9mu vojensk\u00e9mu sta\u017een\u00ed pl\u00e1novan\u00e9mu Oslem nikdy nedo\u0161lo. V dob\u011b podpisu dohod z Osla se na Z\u00e1padn\u00edm b\u0159ehu Jord\u00e1nu nach\u00e1zelo p\u0159ibli\u017en\u011b 250 000 \u017eidovsk\u00fdch osadn\u00edk\u016f. Jejich po\u010det nyn\u00ed\u00a0<\/span><a href=\"https:\/\/www.aljazeera.com\/news\/2023\/11\/6\/who-are-israeli-settlers-and-why-do-they-live-on-palestinian-lands\"><span dir=\"auto\">dosahuje<\/span><\/a><span dir=\"auto\">\u00a0nejm\u00e9n\u011b 700 000.<\/span><\/p>\n<p><span dir=\"auto\">Novin\u00e1\u0159 Robert Fisk nazval Oslo \u201e\u00a0<\/span><em><span dir=\"auto\">utajov\u00e1n\u00edm, l\u017e\u00ed, trikem, jak p\u0159im\u011bt Arafata a OOP, aby se vzdali v\u0161eho, o co usilovali a za co bojovali v\u00edce ne\u017e \u010dtvrt stolet\u00ed, metodou vytv\u00e1\u0159en\u00ed fale\u0161n\u00fdch nad\u011bj\u00ed, kter\u00e9 by oslabily aspiraci na st\u00e1tnost<\/span><\/em><span dir=\"auto\">\u00a0.\u201c<\/span><\/p>\n<p><span dir=\"auto\">Izrael jednostrann\u011b poru\u0161il posledn\u00ed\u00a0<\/span><a href=\"https:\/\/www.aljazeera.com\/news\/2025\/3\/18\/israel-launches-gaza-assault-killing-hundreds-and-shattering-ceasefire\"><span dir=\"auto\">dvoum\u011bs\u00ed\u010dn\u00ed p\u0159\u00edm\u011b\u0159\u00ed<\/span><\/a><span dir=\"auto\">\u00a018. b\u0159ezna zah\u00e1jen\u00edm p\u0159ekvapiv\u00fdch leteck\u00fdch \u00fader\u016f na Gazu. Netanjahu\u016fv kabinet tvrdil, \u017ee obnoven\u00e1 vojensk\u00e1 kampa\u0148 byla reakc\u00ed na odm\u00edtnut\u00ed Ham\u00e1su propustit rukojm\u00ed, jeho odm\u00edtnut\u00ed n\u00e1vrh\u016f na prodlou\u017een\u00ed p\u0159\u00edm\u011b\u0159\u00ed a jeho snahy o znovuzbrojen\u00ed. Izrael p\u0159i prvn\u00edm no\u010dn\u00edm \u00fatoku zabil v\u00edce ne\u017e\u00a0<\/span><a href=\"https:\/\/www.aljazeera.com\/news\/2025\/3\/18\/israel-launches-gaza-assault-killing-hundreds-and-shattering-ceasefire\"><span dir=\"auto\">400 lid\u00ed<\/span><\/a><span dir=\"auto\">\u00a0a v\u00edce ne\u017e 500 jich zranil, p\u0159i\u010dem\u017e zmasakroval a zranil spaj\u00edc\u00ed lidi. \u00datok sabotoval druhou f\u00e1zi dohody, podle n\u00ed\u017e by Ham\u00e1s propustil p\u0159e\u017eiv\u0161\u00ed mu\u017esk\u00e9 rukojm\u00ed, civilisty i voj\u00e1ky, v\u00fdm\u011bnou za v\u00fdm\u011bnu palestinsk\u00fdch v\u011bz\u0148\u016f a nastolen\u00ed trval\u00e9ho p\u0159\u00edm\u011b\u0159\u00ed, jako\u017e i zru\u0161en\u00ed izraelsk\u00e9 blok\u00e1dy Gazy.<\/span><\/p>\n<p><span dir=\"auto\">Izrael prov\u00e1d\u00ed smrt\u00edc\u00ed \u00fatoky na Gazu po cel\u00e1 desetilet\u00ed a cynicky tyto bombardov\u00e1n\u00ed\u00a0<\/span><a href=\"https:\/\/www.jewishvoiceforlabour.org.uk\/article\/gaza-was-an-open-air-prison-now-it-is-an-open-air-graveyard\/\"><span dir=\"auto\">naz\u00fdv\u00e1<\/span><\/a><span dir=\"auto\">\u00a0\u201esek\u00e1n\u00edm tr\u00e1vn\u00edku\u201c. \u017d\u00e1dn\u00e1 m\u00edrov\u00e1 dohoda ani p\u0159\u00edm\u011b\u0159\u00ed se proti tomu nikdy nepostavily. Tato nebude v\u00fdjimkou.<\/span><\/p>\n<p><span dir=\"auto\">Tato krvav\u00e1 s\u00e1ga nekon\u010d\u00ed. C\u00edle Izraele z\u016fst\u00e1vaj\u00ed nezm\u011bn\u011bny: vyvlastn\u011bn\u00ed a vyhlazen\u00ed Palestinc\u016f z jejich \u00fazem\u00ed.<\/span><\/p>\n<p><span dir=\"auto\">Jedin\u00fd m\u00edr, kter\u00fd Izrael hodl\u00e1 Palestinc\u016fm nab\u00eddnout, je klid v hrob\u011b.<\/span><\/p>\n<p><a href=\"https:\/\/marie-claire-tellier.over-blog.com\/2025\/10\/le-faux-plan-de-paix-de-trump.html\"><em><span dir=\"auto\">od\u00a0\u00a0<\/span><strong><span dir=\"auto\">Chrise Hedgese<\/span><\/strong><\/em><\/a><\/p>\n<p>&nbsp;<\/p>\n","protected":false},"excerpt":{"rendered":"<p>V Gaze nebude m\u00edr. Pouze do\u010dasn\u00e1 absence v\u00e1lky. V okupovan\u00e9 Palestin\u011b nen\u00ed nouze o ne\u00fasp\u011b\u0161n\u00e9&#8230;<\/p>\n","protected":false},"author":2,"featured_media":89803,"comment_status":"closed","ping_status":"closed","sticky":false,"template":"","format":"standard","meta":[],"categories":[7],"tags":[348,565,1505,452],"_links":{"self":[{"href":"https:\/\/www.infokuryr.cz\/n\/wp-json\/wp\/v2\/posts\/89802"}],"collection":[{"href":"https:\/\/www.infokuryr.cz\/n\/wp-json\/wp\/v2\/posts"}],"about":[{"href":"https:\/\/www.infokuryr.cz\/n\/wp-json\/wp\/v2\/types\/post"}],"author":[{"embeddable":true,"href":"https:\/\/www.infokuryr.cz\/n\/wp-json\/wp\/v2\/users\/2"}],"replies":[{"embeddable":true,"href":"https:\/\/www.infokuryr.cz\/n\/wp-json\/wp\/v2\/comments?post=89802"}],"version-history":[{"count":0,"href":"https:\/\/www.infokuryr.cz\/n\/wp-json\/wp\/v2\/posts\/89802\/revisions"}],"wp:featuredmedia":[{"embeddable":true,"href":"https:\/\/www.infokuryr.cz\/n\/wp-json\/wp\/v2\/media\/89803"}],"wp:attachment":[{"href":"https:\/\/www.infokuryr.cz\/n\/wp-json\/wp\/v2\/media?parent=89802"}],"wp:term":[{"taxonomy":"category","embeddable":true,"href":"https:\/\/www.infokuryr.cz\/n\/wp-json\/wp\/v2\/categories?post=89802"},{"taxonomy":"post_tag","embeddable":true,"href":"https:\/\/www.infokuryr.cz\/n\/wp-json\/wp\/v2\/tags?post=89802"}],"curies":[{"name":"wp","href":"https:\/\/api.w.org\/{rel}","templated":true}]}}