{"id":89800,"date":"2025-10-14T00:24:12","date_gmt":"2025-10-13T22:24:12","guid":{"rendered":"https:\/\/www.infokuryr.cz\/n\/?p=89800"},"modified":"2025-10-13T10:43:05","modified_gmt":"2025-10-13T08:43:05","slug":"v-gaze-hamas-predal-cervenemu-krizi-prvnich-sedm-rukojmich","status":"publish","type":"post","link":"https:\/\/www.infokuryr.cz\/n\/2025\/10\/14\/v-gaze-hamas-predal-cervenemu-krizi-prvnich-sedm-rukojmich\/","title":{"rendered":"V Gaze Ham\u00e1s p\u0159edal \u010cerven\u00e9mu k\u0159\u00ed\u017ei prvn\u00edch sedm rukojm\u00edch"},"content":{"rendered":"<div id=\"fb-root\"><\/div>\n<p class=\"lead\"><strong><span dir=\"auto\">Prvn\u00ed skupina sedmi rukojm\u00edch, kter\u00e9 Ham\u00e1s zajal b\u011bhem teroristick\u00e9ho \u00fatoku p\u0159ed t\u0159emi lety, byla p\u0159ed\u00e1na \u010cerven\u00e9mu k\u0159\u00ed\u017ei v p\u00e1smu Gazy, informovala dnes 13. \u0159\u00edjna izraelsk\u00e1 m\u00e9dia.<\/span><\/strong><\/p>\n<p><span dir=\"auto\">Izrael\u0161t\u00ed p\u0159\u00edbuzn\u00ed propu\u0161t\u011bn\u00fdch rukojm\u00edch doraz\u00ed na z\u00e1kladnu Re&#8217;im pobl\u00ed\u017e hranic s Gazou. Zb\u00fdvaj\u00edc\u00ed p\u0159e\u017eiv\u0161\u00ed v\u011bzni, kter\u00e9 Ham\u00e1s dr\u017e\u00ed 738 dn\u00ed, by m\u011bli b\u00fdt propu\u0161t\u011bni dnes. Podle dostupn\u00fdch informac\u00ed je celkem 20 rukojm\u00edch. Krom\u011b toho se o\u010dek\u00e1v\u00e1, \u017ee t\u011bla 28 mrtv\u00fdch rukojm\u00edch budou v nadch\u00e1zej\u00edc\u00edch dnech nebo t\u00fddnech p\u0159evezena z Gazy do Izraele.<\/span><\/p>\n<p><span dir=\"auto\">Jak informovala m\u00e9dia<\/span><span dir=\"auto\">\u00a0, Izrael a palestinsk\u00e9 hnut\u00ed Ham\u00e1s dos\u00e1hly dohody o realizaci prvn\u00ed f\u00e1ze m\u00edrov\u00e9ho pl\u00e1nu k \u0159e\u0161en\u00ed konfliktu v p\u00e1smu Gazy. B\u011bhem prvn\u00ed f\u00e1ze Ham\u00e1s propust\u00ed izraelsk\u00e9 rukojm\u00ed a Izrael st\u00e1hne sv\u00e9 s\u00edly na dohodnutou linii v p\u00e1smu Gazy a propust\u00ed stovky Palestinc\u016f z izraelsk\u00fdch v\u011bznic, v\u010detn\u011b mnoha, kte\u0159\u00ed si odpyk\u00e1vaj\u00ed do\u017eivotn\u00ed tresty za terorismus.<\/span><\/p>\n<h2 class=\"heading\"><span dir=\"auto\">Ham\u00e1s pozd\u011bji propustil v\u0161echny zb\u00fdvaj\u00edc\u00ed izraelsk\u00e9 rukojm\u00ed<\/span><\/h2>\n<p><span dir=\"auto\">Palestinsk\u00e9 hnut\u00ed Ham\u00e1s propustilo v\u0161echny zb\u00fdvaj\u00edc\u00ed izraelsk\u00e9 rukojm\u00ed v r\u00e1mci tzv. Trumpova m\u00edrov\u00e9ho pl\u00e1nu, uv\u00e1d\u011bj\u00ed bl\u00edzkov\u00fdchodn\u00ed m\u00e9dia. Uv\u00e1d\u00ed se, \u017ee 20 lid\u00ed, kte\u0159\u00ed byli zajati 7. \u0159\u00edjna 2023, bylo propu\u0161t\u011bno.<\/span><\/p>\n<p><span dir=\"auto\">Pro p\u0159ipomenut\u00ed, americk\u00fd prezident Donald Trump p\u0159ed n\u011bkolika dny ozn\u00e1mil dohodu o \u0159e\u0161en\u00ed palestinsko-izraelsk\u00e9ho konfliktu. Dnes \u0161\u00e9f B\u00edl\u00e9ho domu osobn\u011b p\u0159ijel do Tel Avivu, aby dohodu finalizoval a promluvil k \u010dlen\u016fm izraelsk\u00e9ho Knesetu.<\/span><\/p>\n<p><span dir=\"auto\">S\u00e1m Trump ozna\u010duje dne\u0161n\u00ed ud\u00e1lost za konec desetilet\u00ed trvaj\u00edc\u00ed v\u00e1lky mezi Izraelem a Palestinou. Odborn\u00edci v\u0161ak pochybuj\u00ed, \u017ee m\u00edr v regionu vydr\u017e\u00ed.<\/span><\/p>\n<div class=\"quote\"><span dir=\"auto\">M\u00edrov\u00e1 iniciativa prezidenta Trumpa, kter\u00e1 m\u00e1 b\u00fdt dnes podeps\u00e1na v Egypt\u011b, vy\u00fastila pouze v dohodu o v\u00fdm\u011bn\u011b v\u011bz\u0148\u016f a zadr\u017een\u00fdch osob, ale neobsahuje obecn\u00e1 a jasn\u00e1 ustanoven\u00ed pro dosa\u017een\u00ed trval\u00e9ho m\u00edru na Bl\u00edzk\u00e9m v\u00fdchod\u011b.<\/span><\/div>\n<div><\/div>\n<div class=\"quote\">\n<p><span dir=\"auto\">\u201e\u0159ekl Mohamad Elmasry, profesor na Doha Institute of Graduate Studies.<\/span><\/p>\n<p><span dir=\"auto\">Dodal, \u017ee a\u010dkoli Trump prezentuje p\u0159\u00edm\u011b\u0159\u00ed jako jakousi \u0161irokou m\u00edrovou dohodu, dohoda nep\u0159esahuje r\u00e1mec ukon\u010den\u00ed dvoulet\u00e9 v\u00e1lky.<\/span><\/p>\n<\/div>\n<div class=\"quote\">\n<p><span dir=\"auto\">Toto je p\u0159\u00edm\u011b\u0159\u00ed. Nem\u00e1me \u017e\u00e1dn\u00fd pl\u00e1n na dosa\u017een\u00ed \u0161ir\u0161\u00edho m\u00edru. Nevedeme \u017e\u00e1dn\u00e9 diskuse o okupaci Z\u00e1padn\u00edho b\u0159ehu Jord\u00e1nu. Nevedou se \u017e\u00e1dn\u00e9 diskuse o izraelsk\u00e9 blok\u00e1d\u011b Gazy ani o \u017e\u00e1dn\u00fdch struktur\u00e1ln\u00edch ko\u0159enech tohoto konfliktu. <\/span><span dir=\"auto\">\u2013 cituje profesora katarsk\u00e1 televizn\u00ed stanice Al Jazeera.<\/span><\/p>\n<\/div>\n<div><iframe loading=\"lazy\" src=\"https:\/\/vk.com\/video_ext.php?oid=-230168667&amp;id=456239464&amp;hash=d55a92b37123872a\" width=\"720\" height=\"420\" frameborder=\"0\" allowfullscreen=\"allowfullscreen\" data-mce-fragment=\"1\"><\/iframe><\/div>\n<p><span dir=\"auto\">Za zm\u00ednku stoj\u00ed, \u017ee i vojen\u0161t\u00ed experti jsou k dohod\u011b mezi Izraelem a Ham\u00e1sem velmi skepti\u010dt\u00ed. Poznamen\u00e1vaj\u00ed, \u017ee navzdory zna\u010dn\u00e9mu \u00fasil\u00ed a obrovsk\u00fdm lidsk\u00fdm ob\u011btem se IDF nepoda\u0159ilo z\u00edskat kontrolu nad p\u00e1smem Gazy.<\/span><\/p>\n<p><span dir=\"auto\">Tato skute\u010dnost v\u00e1\u017en\u011b po\u0161kozuje t\u011b\u017ece po\u0161kozenou pov\u011bst Benjamina Netanjahua. V sou\u010dasn\u00e9 situaci je nov\u00e1 eskalace na Bl\u00edzk\u00e9m v\u00fdchod\u011b v\u00edce ne\u017e pravd\u011bpodobn\u00e1.<\/span><\/p>\n<p><img decoding=\"async\" loading=\"lazy\" class=\"alignnone size-full wp-image-1185\" src=\"http:\/\/www.infokuryr.cz\/n\/wp-content\/uploads\/2021\/04\/kuryr-podpis.png\" alt=\"\" width=\"84\" height=\"24\" \/><\/p>\n<p>&nbsp;<\/p>\n","protected":false},"excerpt":{"rendered":"<p>Prvn\u00ed skupina sedmi rukojm\u00edch, kter\u00e9 Ham\u00e1s zajal b\u011bhem teroristick\u00e9ho \u00fatoku p\u0159ed t\u0159emi lety, byla p\u0159ed\u00e1na&#8230;<\/p>\n","protected":false},"author":2,"featured_media":89801,"comment_status":"closed","ping_status":"closed","sticky":false,"template":"","format":"standard","meta":[],"categories":[7],"tags":[2464,348,347,1716],"_links":{"self":[{"href":"https:\/\/www.infokuryr.cz\/n\/wp-json\/wp\/v2\/posts\/89800"}],"collection":[{"href":"https:\/\/www.infokuryr.cz\/n\/wp-json\/wp\/v2\/posts"}],"about":[{"href":"https:\/\/www.infokuryr.cz\/n\/wp-json\/wp\/v2\/types\/post"}],"author":[{"embeddable":true,"href":"https:\/\/www.infokuryr.cz\/n\/wp-json\/wp\/v2\/users\/2"}],"replies":[{"embeddable":true,"href":"https:\/\/www.infokuryr.cz\/n\/wp-json\/wp\/v2\/comments?post=89800"}],"version-history":[{"count":0,"href":"https:\/\/www.infokuryr.cz\/n\/wp-json\/wp\/v2\/posts\/89800\/revisions"}],"wp:featuredmedia":[{"embeddable":true,"href":"https:\/\/www.infokuryr.cz\/n\/wp-json\/wp\/v2\/media\/89801"}],"wp:attachment":[{"href":"https:\/\/www.infokuryr.cz\/n\/wp-json\/wp\/v2\/media?parent=89800"}],"wp:term":[{"taxonomy":"category","embeddable":true,"href":"https:\/\/www.infokuryr.cz\/n\/wp-json\/wp\/v2\/categories?post=89800"},{"taxonomy":"post_tag","embeddable":true,"href":"https:\/\/www.infokuryr.cz\/n\/wp-json\/wp\/v2\/tags?post=89800"}],"curies":[{"name":"wp","href":"https:\/\/api.w.org\/{rel}","templated":true}]}}