{"id":89747,"date":"2025-10-13T00:24:48","date_gmt":"2025-10-12T22:24:48","guid":{"rendered":"https:\/\/www.infokuryr.cz\/n\/?p=89747"},"modified":"2025-10-12T15:08:48","modified_gmt":"2025-10-12T13:08:48","slug":"venezuela-se-pripravuje-na-invazi-s-bunkry-a-prekazkami-usa-presouvaji-specialni-letadla","status":"publish","type":"post","link":"https:\/\/www.infokuryr.cz\/n\/2025\/10\/13\/venezuela-se-pripravuje-na-invazi-s-bunkry-a-prekazkami-usa-presouvaji-specialni-letadla\/","title":{"rendered":"Venezuela se p\u0159ipravuje na invazi s bunkry a p\u0159ek\u00e1\u017ekami, USA p\u0159esouvaj\u00ed speci\u00e1ln\u00ed letadla"},"content":{"rendered":"<div id=\"fb-root\"><\/div>\n<p><strong><span dir=\"auto\">Nap\u011bt\u00ed mezi Venezuelou a USA nad\u00e1le roste a ob\u011b strany se p\u0159ipravuj\u00ed na mo\u017enou vojenskou konfrontaci.<\/span><\/strong><\/p>\n<p><span dir=\"auto\">Krize za\u010dala v srpnu, kdy administrativa prezidenta Donalda Trumpa zdvojn\u00e1sobila odm\u011bnu za zat\u010den\u00ed venezuelsk\u00e9ho prezidenta Nicol\u00e1se Madura na 50 milion\u016f dolar\u016f za obvin\u011bn\u00ed z obchodov\u00e1n\u00ed s drogami a pot\u00e9 nasadila pobl\u00ed\u017e b\u0159eh\u016f zem\u011b rozs\u00e1hl\u00e9 n\u00e1mo\u0159n\u00ed s\u00edly s tis\u00edci mari\u0148\u00e1ky v r\u00e1mci takzvan\u00e9 \u201eprotidrogov\u00e9 operace\u201c.<\/span><\/p>\n<p><span dir=\"auto\">Od t\u00e9 doby americk\u00e1 arm\u00e1da za\u00fato\u010dila v Karibsk\u00e9m mo\u0159i pobl\u00ed\u017e Venezuely na \u010dty\u0159i lod\u011b \u00fadajn\u011b p\u0159ev\u00e1\u017eej\u00edc\u00ed drogy, p\u0159i\u010dem\u017e zabila nejm\u00e9n\u011b 21 lid\u00ed.<\/span><\/p>\n<p><span dir=\"auto\">Mnoz\u00ed ve Washingtonu se velmi otev\u0159en\u011b vyj\u00e1d\u0159ili ke sv\u00e9 touze po zm\u011bn\u011b re\u017eimu v Caracasu v d\u016fsledku protidrogov\u00e9 operace, co\u017e vyvolalo varov\u00e1n\u00ed p\u0159ed pl\u00e1novanou invaz\u00ed.<\/span><\/p>\n<p><span dir=\"auto\">Nap\u011bt\u00ed dos\u00e1hlo nov\u00e9ho vrcholu 7. \u0159\u00edjna, kdy Maduro ozn\u00e1mil, \u017ee venezuelsk\u00e9 bezpe\u010dnostn\u00ed s\u00edly zabr\u00e1nily \u201eoperaci pod fale\u0161nou vlajkou\u201c, jej\u00edm\u017e c\u00edlem bylo um\u00edstit v\u00fdbu\u0161niny na americk\u00e9 velvyslanectv\u00ed v Caracasu s c\u00edlem zv\u00fd\u0161it nap\u011bt\u00ed s Washingtonem.<\/span><\/p>\n<p><span dir=\"auto\">V televizn\u00edm rozhovoru venezuelsk\u00fd prezident uvedl, \u017ee dva spolehliv\u00e9 zdroje, jeden dom\u00e1c\u00ed a jeden mezin\u00e1rodn\u00ed, informovaly vl\u00e1du o mo\u017en\u00e9m \u00fatoku \u201eextremistick\u00fdch sektor\u016f m\u00edstn\u00ed venezuelsk\u00e9 pravice\u201c a \u017ee k ambas\u00e1d\u011b byly vysl\u00e1ny bezpe\u010dnostn\u00ed s\u00edly, aby pos\u00edlily jej\u00ed velvyslanectv\u00ed.<\/span><\/p>\n<p><span dir=\"auto\">Maduro uvedl, \u017ee zdroje se \u201eshodly na mo\u017enosti, \u017ee m\u00edstn\u00ed teroristick\u00e1 skupina um\u00edstila v\u00fdbu\u0161n\u00e9 za\u0159\u00edzen\u00ed na americk\u00e9m velvyslanectv\u00ed v Caracasu\u201c.<\/span><\/p>\n<p><em><span dir=\"auto\">\u201eToto podpo\u0159ila osoba, kter\u00e1 bude brzy zn\u00e1m\u00e1, a po\u017e\u00e1dala o to osoba, kter\u00e1 bude brzy zn\u00e1m\u00e1, ale tohle v\u0161echno st\u00e1le prob\u00edh\u00e1,\u201c pokra\u010doval.<\/span><\/em><\/p>\n<p><span dir=\"auto\">C\u00edlem bylo svalit vinu za \u00fatok na venezuelskou vl\u00e1du, kter\u00e1 by pak \u201ezah\u00e1jila eskalaci konfliktu\u201c s USA, dodal.<\/span><\/p>\n<p><span dir=\"auto\">Toto ozn\u00e1men\u00ed p\u0159i\u0161lo v dob\u011b, kdy se \u00fadajn\u011b Trump odvolal z \u00fasil\u00ed o dosa\u017een\u00ed diplomatick\u00e9 dohody s Venezuelou a na\u0159\u00eddil sv\u00e9mu zvl\u00e1\u0161tn\u00edmu vyslanci Richardu Grenellovi, aby zastavil ve\u0161ker\u00e9 komunikace s Caracasem.<\/span><\/p>\n<p><span dir=\"auto\">Nejmenovan\u00fd vysoce postaven\u00fd americk\u00fd \u00fa\u0159edn\u00edk agentu\u0159e Reuters sd\u011blil, \u017ee Trump p\u0159edal zpr\u00e1vu Grenellovi \u2013 kter\u00fd vedl jedn\u00e1n\u00ed s Madurem \u2013 b\u011bhem setk\u00e1n\u00ed s vysok\u00fdmi vojensk\u00fdmi v\u016fdci v Ov\u00e1ln\u00e9 pracovn\u011b 2. \u0159\u00edjna.<\/span><\/p>\n<p><span dir=\"auto\">\u00da\u0159edn\u00edk tak\u00e9 tiskov\u00e9 agentu\u0159e \u0159ekl, \u017ee Trump se zat\u00edm nerozhodl, zda posune svou vojenskou kampa\u0148 od sou\u010dasn\u00fdch \u00fatok\u016f na lod\u011b \u00fadajn\u011b p\u0159ev\u00e1\u017eej\u00edc\u00ed drogy do druh\u00e9 f\u00e1ze, kter\u00e1 \u00fadajn\u011b zahrnuje \u00fatoky na lokality ve Venezuele.<\/span><\/p>\n<p><span dir=\"auto\">Pozd\u011bj\u0161\u00ed zpr\u00e1vy z Venezuely odhalily, \u017ee se zem\u011b za\u010dala efektivn\u011b p\u0159ipravovat na tot\u00e1ln\u00ed invazi americk\u00e9 arm\u00e1dy.<\/span><\/p>\n<p><span dir=\"auto\">Na internetu se objevila fotografie zachycuj\u00edc\u00ed protitankov\u00e9 p\u0159ek\u00e1\u017eky ve tvaru \u201eje\u017eka\u201c kladen\u00e9 pod\u00e9l strategick\u00e9 d\u00e1lnice Caracas-La Guaira.<\/span><\/p>\n<p><span dir=\"auto\">Venezuelsk\u00e1 arm\u00e1da tak\u00e9 zah\u00e1jila s\u00e9rii cvi\u010den\u00ed zam\u011b\u0159en\u00fdch na rychlou evakuaci voj\u00e1k\u016f, zbran\u00ed a dokument\u016f ze z\u00e1kladen. Arm\u00e1da zve\u0159ejnila videa mari\u0148\u00e1k\u016f prov\u00e1d\u011bj\u00edc\u00edch takov\u00e9 cvi\u010den\u00ed v Catia La Mar, kter\u00e1 tak\u00e9 zve\u0159ejnila fotografie zachycuj\u00edc\u00ed n\u00e1rodn\u00ed gardu na alternativn\u00edm velitelsk\u00e9m stanovi\u0161ti v podzem\u00ed.<\/span><\/p>\n<p><iframe loading=\"lazy\" src=\"https:\/\/s5.cdnstatic.space\/wp-content\/uploads\/2025\/10\/vbase1.mp4\" width=\"600\" height=\"338\" data-mce-fragment=\"1\"><\/iframe><\/p>\n<p><iframe loading=\"lazy\" src=\"https:\/\/s5.cdnstatic.space\/wp-content\/uploads\/2025\/10\/vbase2.mp4\" width=\"600\" height=\"338\" data-mce-fragment=\"1\"><\/iframe><\/p>\n<div id=\"attachment_231391\" class=\"wp-caption aligncenter\">\n<p><a href=\"https:\/\/s5.cdnstatic.space\/wp-content\/uploads\/2025\/10\/ewt.jpg\" target=\"_blank\" rel=\"noopener\"><img decoding=\"async\" loading=\"lazy\" class=\"wp-image-231391\" title=\"Venezuela se p\u0159ipravuje na invazi s bunkry a p\u0159ek\u00e1\u017ekami, USA p\u0159esouvaj\u00ed speci\u00e1ln\u00ed letadla (videa, fotografie)\" src=\"https:\/\/s5.cdnstatic.space\/wp-content\/uploads\/2025\/10\/ewt-490x276.jpg\" sizes=\"auto, (max-width: 600px) 100vw, 600px\" srcset=\"https:\/\/s5.cdnstatic.space\/wp-content\/uploads\/2025\/10\/ewt-490x276.jpg 490w, https:\/\/s5.cdnstatic.space\/wp-content\/uploads\/2025\/10\/ewt-1024x577.jpg 1024w, https:\/\/s5.cdnstatic.space\/wp-content\/uploads\/2025\/10\/ewt-768x433.jpg 768w, https:\/\/s5.cdnstatic.space\/wp-content\/uploads\/2025\/10\/ewt-1536x866.jpg 1536w, https:\/\/s5.cdnstatic.space\/wp-content\/uploads\/2025\/10\/ewt-2048x1155.jpg 2048w\" alt=\"Venezuela se p\u0159ipravuje na invazi s bunkry a p\u0159ek\u00e1\u017ekami, USA p\u0159esouvaj\u00ed speci\u00e1ln\u00ed letadla (videa, fotografie)\" width=\"600\" height=\"338\" aria-describedby=\"caption-attachment-231391\" \/><\/a><\/p>\n<p id=\"caption-attachment-231391\" class=\"wp-caption-text\"><span dir=\"auto\">Kliknut\u00edm zobraz\u00edte obr\u00e1zek v pln\u00e9 velikosti. (X)<\/span><\/p>\n<\/div>\n<p><span dir=\"auto\">Dal\u0161\u00ed video zve\u0159ejn\u011bn\u00e9 na soci\u00e1ln\u00edch s\u00edt\u00edch ukazovalo aktivn\u00ed radar YLC-18 v El Junquito v kopc\u00edch z\u00e1padn\u011b od Caracasu.<\/span><\/p>\n<p><iframe loading=\"lazy\" src=\"https:\/\/s5.cdnstatic.space\/wp-content\/uploads\/2025\/10\/vradar.mp4\" width=\"600\" height=\"338\" data-mce-fragment=\"1\"><\/iframe><\/p>\n<p><span dir=\"auto\">Na internetu se tak\u00e9 objevila fotografie zachycuj\u00edc\u00ed dva odpalovac\u00ed syst\u00e9my protivzdu\u0161n\u00e9 obrany Buk-M2E v aktivn\u00edm nasazen\u00ed na leteck\u00e9 z\u00e1kladn\u011b La Carlota v Caracasu.<\/span><\/p>\n<div id=\"attachment_231387\" class=\"wp-caption aligncenter\" style=\"width: 604px;\">\n<p><a href=\"https:\/\/s5.cdnstatic.space\/wp-content\/uploads\/2025\/10\/G2vVd7FX0AAfGbS.jpg\" target=\"_blank\" rel=\"noopener\"><img decoding=\"async\" loading=\"lazy\" class=\"wp-image-231387\" title=\"Venezuela se p\u0159ipravuje na invazi s bunkry a p\u0159ek\u00e1\u017ekami, USA p\u0159esouvaj\u00ed speci\u00e1ln\u00ed letadla (videa, fotografie)\" src=\"https:\/\/s5.cdnstatic.space\/wp-content\/uploads\/2025\/10\/G2vVd7FX0AAfGbS-266x300.jpg\" sizes=\"auto, (max-width: 600px) 100vw, 600px\" srcset=\"https:\/\/s5.cdnstatic.space\/wp-content\/uploads\/2025\/10\/G2vVd7FX0AAfGbS-266x300.jpg 266w, https:\/\/s5.cdnstatic.space\/wp-content\/uploads\/2025\/10\/G2vVd7FX0AAfGbS-768x867.jpg 768w, https:\/\/s5.cdnstatic.space\/wp-content\/uploads\/2025\/10\/G2vVd7FX0AAfGbS.jpg 810w\" alt=\"Venezuela se p\u0159ipravuje na invazi s bunkry a p\u0159ek\u00e1\u017ekami, USA p\u0159esouvaj\u00ed speci\u00e1ln\u00ed letadla (videa, fotografie)\" width=\"604\" height=\"682\" aria-describedby=\"caption-attachment-231387\" \/><\/a><\/p>\n<p id=\"caption-attachment-231387\" class=\"wp-caption-text\"><span dir=\"auto\">Kliknut\u00edm zobraz\u00edte obr\u00e1zek v pln\u00e9 velikosti. (X)<\/span><\/p>\n<\/div>\n<p><span dir=\"auto\">Na druh\u00e9 stran\u011b USA rozmis\u0165uj\u00ed pobl\u00ed\u017e Venezuely v\u00edce vojensk\u00fdch prost\u0159edk\u016f. Ned\u00e1vno zve\u0159ejn\u011bn\u00e1 fotografie odhalila nasazen\u00ed nejm\u00e9n\u011b jednoho bitevn\u00edho letounu AC-130J Ghostrider z 73. perut\u011b speci\u00e1ln\u00edch operac\u00ed americk\u00e9ho letectva, kter\u00e1 obvykle slou\u017e\u00ed Velitelstv\u00ed speci\u00e1ln\u00edch sil (SOCOM), na leti\u0161ti Jos\u00e9 Aponte de la Torre v Portoriku.<\/span><\/p>\n<div id=\"attachment_231390\" class=\"wp-caption aligncenter\" style=\"width: 608px;\">\n<p><a href=\"https:\/\/s5.cdnstatic.space\/wp-content\/uploads\/2025\/10\/G26-p21XMAAnbLY.jpg\" target=\"_blank\" rel=\"noopener\"><img decoding=\"async\" loading=\"lazy\" class=\"wp-image-231390\" title=\"Venezuela se p\u0159ipravuje na invazi s bunkry a p\u0159ek\u00e1\u017ekami, USA p\u0159esouvaj\u00ed speci\u00e1ln\u00ed letadla (videa, fotografie)\" src=\"https:\/\/s5.cdnstatic.space\/wp-content\/uploads\/2025\/10\/G26-p21XMAAnbLY-456x300.jpg\" sizes=\"auto, (max-width: 600px) 100vw, 600px\" srcset=\"https:\/\/s5.cdnstatic.space\/wp-content\/uploads\/2025\/10\/G26-p21XMAAnbLY-456x300.jpg 456w, https:\/\/s5.cdnstatic.space\/wp-content\/uploads\/2025\/10\/G26-p21XMAAnbLY-1024x674.jpg 1024w, https:\/\/s5.cdnstatic.space\/wp-content\/uploads\/2025\/10\/G26-p21XMAAnbLY-768x505.jpg 768w, https:\/\/s5.cdnstatic.space\/wp-content\/uploads\/2025\/10\/G26-p21XMAAnbLY.jpg 1280w\" alt=\"Venezuela se p\u0159ipravuje na invazi s bunkry a p\u0159ek\u00e1\u017ekami, USA p\u0159esouvaj\u00ed speci\u00e1ln\u00ed letadla (videa, fotografie)\" width=\"608\" height=\"400\" aria-describedby=\"caption-attachment-231390\" \/><\/a><\/p>\n<p id=\"caption-attachment-231390\" class=\"wp-caption-text\"><span dir=\"auto\">Kliknut\u00edm zobraz\u00edte obr\u00e1zek v pln\u00e9 velikosti. (X)<\/span><\/p>\n<\/div>\n<p><span dir=\"auto\">Dal\u0161\u00ed fotografie z Trinidadu a Tobaga odhalily, \u017ee pobl\u00ed\u017e let\u011bly vrtuln\u00edky H-6M a MH-60M 160. pluku speci\u00e1ln\u00edch operac\u00ed americk\u00e9 arm\u00e1dy, kter\u00fd tak\u00e9 operuje pro SOCOM.<\/span><\/p>\n<div id=\"attachment_231388\" class=\"wp-caption aligncenter\" style=\"width: 603px;\">\n<p><a href=\"https:\/\/s5.cdnstatic.space\/wp-content\/uploads\/2025\/10\/G2tGvvwXcAAVd1-.jpg\" target=\"_blank\" rel=\"noopener\"><img decoding=\"async\" loading=\"lazy\" class=\"wp-image-231388\" title=\"Venezuela se p\u0159ipravuje na invazi s bunkry a p\u0159ek\u00e1\u017ekami, USA p\u0159esouvaj\u00ed speci\u00e1ln\u00ed letadla (videa, fotografie)\" src=\"https:\/\/s5.cdnstatic.space\/wp-content\/uploads\/2025\/10\/G2tGvvwXcAAVd1--375x300.jpg\" sizes=\"auto, (max-width: 600px) 100vw, 600px\" srcset=\"https:\/\/s5.cdnstatic.space\/wp-content\/uploads\/2025\/10\/G2tGvvwXcAAVd1--375x300.jpg 375w, https:\/\/s5.cdnstatic.space\/wp-content\/uploads\/2025\/10\/G2tGvvwXcAAVd1--1024x819.jpg 1024w, https:\/\/s5.cdnstatic.space\/wp-content\/uploads\/2025\/10\/G2tGvvwXcAAVd1--768x614.jpg 768w, https:\/\/s5.cdnstatic.space\/wp-content\/uploads\/2025\/10\/G2tGvvwXcAAVd1--1536x1229.jpg 1536w, https:\/\/s5.cdnstatic.space\/wp-content\/uploads\/2025\/10\/G2tGvvwXcAAVd1-.jpg 2000w\" alt=\"Venezuela se p\u0159ipravuje na invazi s bunkry a p\u0159ek\u00e1\u017ekami, USA p\u0159esouvaj\u00ed speci\u00e1ln\u00ed letadla (videa, fotografie)\" width=\"603\" height=\"482\" aria-describedby=\"caption-attachment-231388\" \/><\/a><\/p>\n<p id=\"caption-attachment-231388\" class=\"wp-caption-text\"><span dir=\"auto\">Kliknut\u00edm zobraz\u00edte obr\u00e1zek v pln\u00e9 velikosti. (X)<\/span><\/p>\n<\/div>\n<p><span dir=\"auto\">B\u011bhem mimo\u0159\u00e1dn\u00e9ho zased\u00e1n\u00ed Rady bezpe\u010dnosti 10. \u0159\u00edjna Organizace spojen\u00fdch n\u00e1rod\u016f nal\u00e9hala na USA a Venezuelu k deeskalaci a vyzvala ke zdr\u017eenlivosti a dialogu.<\/span><\/p>\n<p><em><span dir=\"auto\">\u201eNad\u00e1le zd\u016fraz\u0148ujeme, \u017ee ve\u0161ker\u00e9 \u00fasil\u00ed v boji proti nadn\u00e1rodn\u00edmu organizovan\u00e9mu zlo\u010dinu mus\u00ed b\u00fdt prov\u00e1d\u011bno v souladu s mezin\u00e1rodn\u00edm pr\u00e1vem, v\u010detn\u011b Charty OSN,\u201c \u0159ekl Rad\u011b bezpe\u010dnosti n\u00e1m\u011bstek gener\u00e1ln\u00edho tajemn\u00edka OSN pro Evropu, St\u0159edn\u00ed Asii a Ameriku Miroslav Jenca.<\/span><\/em><\/p>\n<p><span dir=\"auto\">I kdy\u017e je deeskalace st\u00e1le mo\u017en\u00e1, prozat\u00edm se nezd\u00e1 b\u00fdt nejpravd\u011bpodobn\u011bj\u0161\u00edm sc\u00e9n\u00e1\u0159em. USA by mohly na Venezuelu nad\u00e1le vyv\u00edjet tlak, ani\u017e by do situace zas\u00e1hly.<\/span><\/p>\n<p><span dir=\"auto\">USA by mohly ze zm\u011bny re\u017eimu ve Venezuele, kter\u00e1 m\u00e1 nejv\u011bt\u0161\u00ed z\u00e1soby ropy na sv\u011bt\u011b, hodn\u011b z\u00edskat. Invaze je v\u0161ak velmi riskantn\u00ed. Venezuelsk\u00e1 arm\u00e1da je t\u011b\u017ece vyzbrojen\u00e1 a pokud by se jen zlomek z 28 milion\u016f obyvatel zem\u011b rozhodl vzdorovat, americk\u00e1 arm\u00e1da by se mohla ocitnout v dal\u0161\u00ed nekone\u010dn\u00e9 v\u00e1lce, kterou nem\u016f\u017ee vyhr\u00e1t.<\/span><\/p>\n<p><img decoding=\"async\" loading=\"lazy\" class=\"alignnone size-full wp-image-1185\" src=\"http:\/\/www.infokuryr.cz\/n\/wp-content\/uploads\/2021\/04\/kuryr-podpis.png\" alt=\"\" width=\"84\" height=\"24\" \/><\/p>\n<p>&nbsp;<\/p>\n","protected":false},"excerpt":{"rendered":"<p>Nap\u011bt\u00ed mezi Venezuelou a USA nad\u00e1le roste a ob\u011b strany se p\u0159ipravuj\u00ed na mo\u017enou vojenskou&#8230;<\/p>\n","protected":false},"author":2,"featured_media":86882,"comment_status":"closed","ping_status":"closed","sticky":false,"template":"","format":"standard","meta":[],"categories":[7],"tags":[3769,37,40,181,5135],"_links":{"self":[{"href":"https:\/\/www.infokuryr.cz\/n\/wp-json\/wp\/v2\/posts\/89747"}],"collection":[{"href":"https:\/\/www.infokuryr.cz\/n\/wp-json\/wp\/v2\/posts"}],"about":[{"href":"https:\/\/www.infokuryr.cz\/n\/wp-json\/wp\/v2\/types\/post"}],"author":[{"embeddable":true,"href":"https:\/\/www.infokuryr.cz\/n\/wp-json\/wp\/v2\/users\/2"}],"replies":[{"embeddable":true,"href":"https:\/\/www.infokuryr.cz\/n\/wp-json\/wp\/v2\/comments?post=89747"}],"version-history":[{"count":0,"href":"https:\/\/www.infokuryr.cz\/n\/wp-json\/wp\/v2\/posts\/89747\/revisions"}],"wp:featuredmedia":[{"embeddable":true,"href":"https:\/\/www.infokuryr.cz\/n\/wp-json\/wp\/v2\/media\/86882"}],"wp:attachment":[{"href":"https:\/\/www.infokuryr.cz\/n\/wp-json\/wp\/v2\/media?parent=89747"}],"wp:term":[{"taxonomy":"category","embeddable":true,"href":"https:\/\/www.infokuryr.cz\/n\/wp-json\/wp\/v2\/categories?post=89747"},{"taxonomy":"post_tag","embeddable":true,"href":"https:\/\/www.infokuryr.cz\/n\/wp-json\/wp\/v2\/tags?post=89747"}],"curies":[{"name":"wp","href":"https:\/\/api.w.org\/{rel}","templated":true}]}}