{"id":89697,"date":"2025-10-12T00:19:41","date_gmt":"2025-10-11T22:19:41","guid":{"rendered":"https:\/\/www.infokuryr.cz\/n\/?p=89697"},"modified":"2025-10-11T10:09:38","modified_gmt":"2025-10-11T08:09:38","slug":"volby-dopadly","status":"publish","type":"post","link":"https:\/\/www.infokuryr.cz\/n\/2025\/10\/12\/volby-dopadly\/","title":{"rendered":"Volby dopadly"},"content":{"rendered":"<div id=\"fb-root\"><\/div>\n<p><strong>Na v\u00fdsledek leto\u0161n\u00edch voleb lze nahl\u00ed\u017eet dvoj\u00edm zp\u016fsobem. Mohlo to dopadnout podstatn\u011b l\u00e9pe, ale tak\u00e9 podstatn\u011b h\u016f\u0159e.<\/strong><\/p>\n<p>\u00davodem se hod\u00ed p\u0159edeslat, \u017ee volit nechod\u00edme proto, aby \u201evyhr\u00e1l\u201c n\u011bjak\u00fd konkr\u00e9tn\u00ed subjekt, ale abychom realizovali na\u0161e volebn\u00ed pr\u00e1vo. Zn\u00ed to sice trivi\u00e1ln\u011b, ale \u0159ada lid\u00ed to dosud nepochopila, nech\u00e1v\u00e1 se vt\u00e1hnout do hry r\u016fzn\u00fdch t\u011bch zfal\u0161ovan\u00fdch pr\u016fzkum\u016f a pak po volb\u00e1ch r\u016fzn\u00fdm zp\u016fsobem ventiluje svoji frustraci, huhl\u00e1 do p\u016fllitru v\u011bty typu \u201e\u017ee j\u00e1 se na to nevysral\u201c a tr\u00e1v\u00ed studny v\u0161em okolo.<\/p>\n<p>Ohledn\u011b p\u0159edvolebn\u00edch pr\u016fzkum\u016f, zaznamenejme nejv\u011bt\u0161\u00ed manipulaci leto\u0161n\u00edch voleb. Um\u011ble se p\u0159ifukoval v\u00fdsledek hnut\u00ed Sta\u010dilo, proto\u017ee to pom\u00e1halo mobilizovat voli\u010de vl\u00e1dn\u00edch stran, kter\u00e9 se pak mohly stav\u011bt do pozice hr\u00e1ze proti n\u00e1stupu levicov\u00e9ho extr\u00e9mismu a rusk\u00e9ho vlivu, kter\u00e9 Sta\u010dilo! m\u011blo reprezentovat. Docela by m\u011b zaj\u00edmalo, jak soudruzi v\u00fdzkumn\u00edci, zejm\u00e9na jednozna\u010dn\u011b provl\u00e1dn\u00ed a proevropsk\u00fd STEM, vysv\u011btl\u00ed tuto diskrepanci, proto\u017ee se asi nelze domn\u00edvat, \u017ee p\u0159i prov\u00e1d\u011bn\u00ed v\u00fdzkum\u016f metodami CAWI a CATI se respondenti dobrovoln\u011b a fale\u0161n\u011b identifikovali jako voli\u010di Sta\u010dilo!. Dal\u0161\u00ed zaj\u00edmav\u00e1 ot\u00e1zka je, kam te\u010f zmizely ty\u00a0<a href=\"https:\/\/pagenotfound.cz\/clanek\/desitky-milionu-v-putinove-zajmu-nadace-blizka-kscm-podporuje-i-extremisticke-spolky\">\u201erusk\u00e9 miliony\u201c<\/a>, kter\u00fdmi Putinova \u0159\u00ed\u0161e zla \u00fadajn\u011b podporovala Sta\u010dilo!, kdy\u017e mainstream nyn\u00ed po volb\u00e1ch rozs\u00e1hle rozeb\u00edr\u00e1 neut\u011b\u0161enou finan\u010dn\u00ed situaci Sta\u010dilo.<\/p>\n<p>Pokud jde o Sta\u010dilo! Jako takov\u00e9, hlavn\u00ed probl\u00e9m jeho ne\u00fasp\u011bchu spo\u010d\u00edv\u00e1 v tom, \u017ee nen\u00ed v\u016fbec snadn\u00e9 provozovat \u00fasp\u011b\u0161n\u00fd levicov\u00fd projekt v levic\u00ed p\u0159esycen\u00e9m prost\u0159ed\u00ed. Pir\u00e1ti jsou krajn\u00ed levice, kter\u00e1 nem\u00e1 v\u016fbec probl\u00e9m se zn\u00e1rod\u0148ov\u00e1n\u00edm majetku a pot\u00edr\u00e1n\u00edm soukrom\u00e9ho vlastnictv\u00ed skrze\u00a0<a href=\"https:\/\/dfens-cz.com\/tise-prichazi-nevlastnictvi-pres-majetkove-dane\/\">dan\u011b z nemovitosti<\/a>. STAN je rovn\u011b\u017e krajn\u00ed levice vystav\u011bn\u00e1 na my\u0161lence budov\u00e1n\u00ed obecn\u011b-korpor\u00e1tn\u00edho Dozimetr-komunismu pro vyvolen\u00e9 zalo\u017een\u00e9ho na cenzu\u0159e, f\u00edzlov\u00e1n\u00ed, sl\u00edd\u011bn\u00ed a don\u00e1\u0161en\u00ed. Cel\u00e1 politika EU je programem zelen\u00e9 levice. Zkusit v tomto prost\u0159ed\u00ed naj\u00edt mezeru pro dal\u0161\u00ed \u00fasp\u011b\u0161n\u00fd levicov\u00fd projekt je prakticky nemo\u017en\u00e9. Ale v\u011b\u0161et se kv\u016fli tomu asi nebudu. Sice bych r\u00e1d vid\u011bl bloggera Vidl\u00e1ka v parlamentu, ale to je asi tak v\u0161echno.<\/p>\n<p>Dal\u0161\u00ed, kdo se tak docela netrefil, byl Okamurka. Jeho projekt se nejsp\u00ed\u0161 do\u010dkal konce sv\u00e9 \u017eivotnosti. Bude muset n\u011bco vymyslet, dealov\u00e1n\u00ed m\u00e1sla a vajec na n\u00e1m\u011bst\u00edch se u\u017e asi p\u0159e\u017eilo. P\u0159esto\u017ee SPD jela na steroidech od Svobodn\u00fdch, PRO a Trikol\u00f3ry, je v\u00fdsledek nic moc, krom\u011b toho \u010d\u00e1st jeho mand\u00e1t\u016f dostali \u201ep\u0159espoln\u00ed\u201c jako \u0160ichta\u0159ov\u00e1, Vondr\u00e1\u010dek, Rajchl a dal\u0161\u00ed. \u017de se tam tihle jmenovan\u00ed dostali, mi d\u011bl\u00e1 obrovskou radost. Asi nikoho nenapadlo, \u017ee nep\u0159iznan\u00e1 koalice s dal\u0161\u00edmi stranami m\u011bla ten vedlej\u0161\u00ed efekt, \u017ee zase \u010d\u00e1st kmenov\u00fdch SPD voli\u010d\u016f ode\u0161la k B\u00e1bovi a jeho catch all party, kter\u00e1 t\u00edm skute\u010dn\u011b dost\u00e1la sv\u00e9mu ozna\u010den\u00ed. I v p\u0159\u00edpad\u011b SPD volebn\u00ed pr\u016fzkumy n\u00e1le\u017eit\u011b p\u0159ifukovaly jej\u00ed v\u00fdsledek, proto\u017ee to op\u011bt umo\u017e\u0148ovalo SPOLU konstruovat tu jejich chim\u00e9ru hrozby \u201eextr\u00e9mist\u016f\u201c.<\/p>\n<p>Pravd\u011bpodobn\u011b stoj\u00edme na za\u010d\u00e1tku n\u011bjak\u00e9ho o\u010distn\u00e9ho procesu, kter\u00fd bude muset prob\u011bhnout v ODS a kter\u00fd pravd\u011bpodobn\u011b zapo\u010dal ritu\u00e1ln\u00edm sebeob\u011btov\u00e1n\u00edm nyn\u00ed ji\u017e zcela nepot\u0159ebn\u00e9ho losera Fialy. Ten byl nyn\u00ed konfrontov\u00e1n se v\u0161emi skryt\u00fdmi f\u00ed\u010durami jeho projektu Spolu, v\u010detn\u011b krou\u017ekovac\u00edho kanibalismu, kter\u00fd provozovala obvykle dob\u0159e organizovan\u00e1 lidoveck\u00e1 p\u00e1t\u00e1 kolona. Div\u00edm se, \u017ee v ODS maj\u00ed tu trp\u011blivost ztr\u00e1cet s t\u00edm loserem \u010das a\u017e do sn\u011bmu v lednu. Mo\u017en\u00e1 tak voli\u010di napomohli znovuzrozen\u00ed pravicov\u00e9 ODS. My v\u0161ichni ostatn\u00ed m\u00e1me to \u0161t\u011bst\u00ed, \u017ee Fiala je tak neschopn\u00fd a svou umanutou blbost\u00ed umo\u017enil \u00fasp\u011bch Motorist\u016f Sob\u011b, co\u017e je op\u011bt jeden z nejsv\u011btlej\u0161\u00edch bod\u016f t\u011bchto voleb.<\/p>\n<p>Volby pomohly p\u0159esn\u011b vy\u010d\u00edslit, kolik lid\u00ed se v \u010cR dopou\u0161t\u00ed trestn\u00e9ho \u010dinu kr\u00e1de\u017ee, p\u0159\u00edpadn\u011b ve st\u00e1diu pokusu, spolupachatelstv\u00ed nebo jej schvaluje. Je jich p\u0159esn\u011b\u00a0<a href=\"https:\/\/www.volby.cz\/app\/ps2025\/cs\/results\">631 512<\/a>.<\/p>\n<p>Rozhodn\u011b nen\u00ed dob\u0159e, \u017ee vyhr\u00e1lo volby ANO: Jeden koment\u00e1tor p\u0159irovnal voli\u010de k \u017e\u00e1b\u011b, kter\u00e1 unikla z n\u00e1doby, ve kter\u00e9 j\u00ed postupn\u011b va\u0159ili, aby se tam n\u00e1sledn\u011b sama vr\u00e1tila a nechala se uva\u0159it definitivn\u011b. Lid asi zapomn\u011bl na kroky Babi\u0161ovy vl\u00e1dy b\u011bhem covid games, ve\u0161ker\u00e9 ty lockdowny, z\u00e1kazy cestov\u00e1n\u00ed mezi okresy, o\u010dkovac\u00ed certifik\u00e1ty, kdy pinglov\u00e9 m\u011bli p\u0159\u00edstup ke zdravotn\u00edm z\u00e1znam\u016fm charakteru citliv\u00e9 osobn\u00ed dokumentace a n\u00e1tlak na neo\u010dkovan\u00e9, zaklek\u00e1v\u00e1n\u00ed firem \u00fa\u0159edn\u00ed mafi\u00ed Alenky Schillerov\u00e9 a \u0159ezn\u00edka z Bud\u011bjc, a ud\u011blili Babi\u0161ovi gener\u00e1ln\u00ed pardon. Mimoto jsem opakovan\u011b upozor\u0148oval na zjevnou kontinuitu mezi Fialovou a Babi\u0161ovou agendou b\u011bhem minul\u00e9ho volebn\u00edho obdob\u00ed a na skute\u010dnost, \u017ee mezi n\u00e1zory n\u011bkter\u00fdch politik\u016f za n\u011bkdej\u0161\u00ed p\u011btikoalici a za ANO jsou v podstat\u011b stejn\u00e9ho r\u00e1zu. Zejm\u00e9na je to vid\u011bt na osob\u011b pravd\u011bpodobn\u00e9ho ministra dopravy Kolovratn\u00edka, o kter\u00e9m d\u00edky sekund\u00e1rn\u00edmu zam\u011b\u0159en\u00ed na\u0161eho webu na v\u011bci dopravn\u011b-pr\u00e1vn\u00ed v\u00edme, \u017ee je jedn\u00edm z hlavn\u00edch proponent\u016f dopravn\u00edho fa\u0161ismu v \u010cR.<\/p>\n<p>Ukazuje se tak, \u017ee my\u0161lenkov\u00e1 dynamika \u010desk\u00e9ho voli\u010de je stejn\u011b b\u00eddn\u00e1 jako jeho pam\u011b\u0165.<\/p>\n<p>Pokud n\u00e1m ale v\u00edt\u011bzstv\u00ed ANO nep\u0159ipad\u00e1 nic moc, tak to nen\u00ed nic proti tomu, jak se na to koukaj\u00ed neomarxist\u00e9. Proto\u017ee tohle je o\u017eivl\u00fd zl\u00fd sen. SPD ve vl\u00e1d\u011b, Motorist\u00e9 ve vl\u00e1d\u011b, Macinka na ministerstvu zahrani\u010d\u00ed, Rajchl v parlamentu, ve kter\u00e9m je Okamura p\u0159edsedou a ve kter\u00e9m m\u00e1 ANO, SPD a Motorist\u00e9 pohodlnou v\u011bt\u0161inu. Tohle je pokrok\u00e1\u0159sk\u00fd masakr.<\/p>\n<p>D\u00e1le se uk\u00e1zalo, \u017ee m\u00e9dia zcela selhala. Nezafungovalo nap\u0159\u00edklad: Odrazov\u00e1n\u00ed voli\u010d\u016f Babi\u0161ov\u00fdmi soudn\u00edmi kauzami. V\u00fdhr\u016f\u017eky o domn\u011ble \u201ev\u00fdchodn\u00edm\u201c sm\u011brov\u00e1n\u00ed zem\u011b, pokud voli\u010di daj\u00ed hlasy n\u011bkomu jin\u00e9mu ne\u017e Spolu. Stra\u0161en\u00ed rusk\u00fdmi tanky, rusk\u00fdmi drony, rusk\u00fdmi kolaboranty a rusk\u00fdm v\u0161\u00edm mo\u017en\u00fdm. Pan Luka\u010dovi\u010d si m\u016f\u017ee ten jeho nar\u016f\u017eov\u011bl\u00fd bol\u0161evick\u00fd medi\u00e1ln\u00ed kr\u00e1m sbalit a zve\u0159ej\u0148ovat na n\u011bm d\u00e1l horoskopy a p\u0159\u00edb\u011bhy o celebrit\u00e1ch. Na kulturn\u00ed v\u00e1lky je mo\u017en\u00e1 OK, ale mocensk\u00fd v\u00fdtlak m\u00e1 nula nula nic.<\/p>\n<p>B\u00e1ba se nyn\u00ed bude muset rozhodnout, jakou cestu zvolit.<\/p>\n<p>U\u017e nen\u00ed nejmlad\u0161\u00ed a m\u00e1 pravdu, pokud \u0159\u00edk\u00e1, \u017ee tohle je vrchol jeho politick\u00e9 kari\u00e9ry. Skute\u010dn\u011b je to tak, jen k n\u011bmu p\u0159i\u0161el jako slep\u00fd k housl\u00edm. Nen\u00ed to jeho z\u00e1sluha, ale d\u016fsledek mimo\u0159\u00e1dn\u011b \u0161patn\u00e9 a lidsky zcela nep\u0159ijateln\u00e9 politiky eurobol\u0161evika Fialy. Jeho vystupov\u00e1n\u00ed a hysterie bylo v posledn\u00edch dnech p\u0159ed volbami natolik odpudiv\u00e9, \u017ee hlasovat by \u0161el i zcela nete\u010dn\u00fd beznoh\u00fd indolent. I v m\u00e9 soci\u00e1ln\u00ed bublin\u011b se dalo do pohybu n\u011bkolik lid\u00ed, kte\u0159\u00ed jinak volby ok\u00e1zale ignorovali, proto\u017ee je prost\u011b ten pitomec natolik iritoval, \u017ee to nedok\u00e1zali nechat b\u00fdt.<\/p>\n<p>Opravdov\u00fd vrchol Babi\u0161ovy politick\u00e9 kari\u00e9ry v\u0161ak m\u016f\u017ee teprve p\u0159ij\u00edt a m\u016f\u017ee b\u00fdt zaslou\u017een\u00fd. B\u00e1ba si nyn\u00ed bude moci vybrat, jak se hodl\u00e1 zapsat do d\u011bjin. M\u016f\u017ee b\u00fdt t\u00edm, kdo postav\u00ed zem na nohy pot\u00e9, co ji Fiala a Spolu p\u0159ivedli tam, kam ji p\u0159ivedli, rozmet\u00e1 paraleln\u00ed mocenskou strukturu politick\u00fdch neziskovek, urovn\u00e1 vztahy se sousedn\u00edmi zem\u011bmi a nastartuje novou \u00e9ru mezin\u00e1rodn\u00edch vztah\u016f na form\u00e1tu V4 a odebere se do politick\u00e9ho d\u016fchodu se ct\u00ed, nebo tak\u00e9 m\u016f\u017ee b\u00fdt t\u00edm, kdo na\u0161i zem definitivn\u011b doraz\u00ed. Nejsiln\u011bj\u0161\u00ed indici\u00ed v tomto sm\u011bru bude z\u00edt\u0159ej\u0161\u00ed ohl\u00e1\u0161en\u00ed slo\u017een\u00ed vl\u00e1dy.<\/p>\n<p><a href=\"https:\/\/dfens-cz.com\/volby-dopadly\/\">D-FENS<\/a><\/p>\n<p>&nbsp;<\/p>\n","protected":false},"excerpt":{"rendered":"<p>Na v\u00fdsledek leto\u0161n\u00edch voleb lze nahl\u00ed\u017eet dvoj\u00edm zp\u016fsobem. Mohlo to dopadnout podstatn\u011b l\u00e9pe, ale tak\u00e9&#8230;<\/p>\n","protected":false},"author":2,"featured_media":12760,"comment_status":"closed","ping_status":"closed","sticky":false,"template":"","format":"standard","meta":[],"categories":[6],"tags":[1042,35,27],"_links":{"self":[{"href":"https:\/\/www.infokuryr.cz\/n\/wp-json\/wp\/v2\/posts\/89697"}],"collection":[{"href":"https:\/\/www.infokuryr.cz\/n\/wp-json\/wp\/v2\/posts"}],"about":[{"href":"https:\/\/www.infokuryr.cz\/n\/wp-json\/wp\/v2\/types\/post"}],"author":[{"embeddable":true,"href":"https:\/\/www.infokuryr.cz\/n\/wp-json\/wp\/v2\/users\/2"}],"replies":[{"embeddable":true,"href":"https:\/\/www.infokuryr.cz\/n\/wp-json\/wp\/v2\/comments?post=89697"}],"version-history":[{"count":0,"href":"https:\/\/www.infokuryr.cz\/n\/wp-json\/wp\/v2\/posts\/89697\/revisions"}],"wp:featuredmedia":[{"embeddable":true,"href":"https:\/\/www.infokuryr.cz\/n\/wp-json\/wp\/v2\/media\/12760"}],"wp:attachment":[{"href":"https:\/\/www.infokuryr.cz\/n\/wp-json\/wp\/v2\/media?parent=89697"}],"wp:term":[{"taxonomy":"category","embeddable":true,"href":"https:\/\/www.infokuryr.cz\/n\/wp-json\/wp\/v2\/categories?post=89697"},{"taxonomy":"post_tag","embeddable":true,"href":"https:\/\/www.infokuryr.cz\/n\/wp-json\/wp\/v2\/tags?post=89697"}],"curies":[{"name":"wp","href":"https:\/\/api.w.org\/{rel}","templated":true}]}}