{"id":89695,"date":"2025-10-12T00:16:04","date_gmt":"2025-10-11T22:16:04","guid":{"rendered":"https:\/\/www.infokuryr.cz\/n\/?p=89695"},"modified":"2025-10-11T10:06:01","modified_gmt":"2025-10-11T08:06:01","slug":"trumpiku-ty-jeden-pupiku-komentar-stepana-chaba","status":"publish","type":"post","link":"https:\/\/www.infokuryr.cz\/n\/2025\/10\/12\/trumpiku-ty-jeden-pupiku-komentar-stepana-chaba\/","title":{"rendered":"Trump\u00edku, ty jeden pup\u00edku. Koment\u00e1\u0159 \u0160t\u011bp\u00e1na Ch\u00e1ba"},"content":{"rendered":"<div id=\"fb-root\"><\/div>\n<div id=\"article-top\">\n<div class=\"article-image\">\n<div class=\"foto-info\">\n<p class=\"foto-info-itm\"><span style=\"color: #0000ff;\">Dovol\u00edm si utrousit jeden \u010dist\u011b oslavn\u00fd koment\u00e1\u0159 s p\u0159\u00edkladn\u011b infantiln\u00edm titulkem. Proto\u017ee jsou chv\u00edle, kdy je n\u011bco takov\u00e9ho zcela na m\u00edst\u011b.<\/span><\/p>\n<\/div>\n<\/div>\n<\/div>\n<p>Americk\u00fd prezident Donald Trump za\u0159\u00eddil svou politikou\u00a0<a href=\"https:\/\/www.idnes.cz\/zpravy\/zahranicni\/izrael-a-hamas-souhlasily-s-prvni-fazi-miroveho-planu-uvedl-trump.A251009_011311_zahranicni_vank\" target=\"_blank\" rel=\"noopener\"><strong>p\u0159\u00edm\u011b\u0159\u00ed<\/strong><\/a>\u00a0mezi Izraelem a Ham\u00e1sem. Do ned\u011ble by m\u011bl Ham\u00e1s vr\u00e1tit v\u0161echna dosud dr\u017een\u00e1 rukojm\u00ed, izraelsk\u00e1 arm\u00e1da by se m\u011bla st\u00e1hnout na domluven\u00e9 linie. P\u0159estane se vra\u017edit, za\u010dne se jednat. Zbran\u011b se daj\u00ed do skladi\u0161\u0165, do Gazy za\u010dne proudit j\u00eddlo a nad\u011bje, lid\u00e9 budou zase na chv\u00edli trochu voln\u011bj\u0161\u00ed a budou se moci rozhl\u00e9dnout po t\u00e9 zk\u00e1ze, kterou p\u0159ed t\u0159emi roky zapnul Ham\u00e1s t\u00edm, \u017ee brut\u00e1ln\u011b a nelidsky zabil 1200 lid\u00ed a n\u011bkolik stovek jich zat\u00e1hl do Gazy jako rukojm\u00ed.<\/p>\n<p>Izrael za ty t\u0159i roky \u010d\u00e1st Gazy srovnal prakticky se zem\u00ed. Vyvra\u017edil velkou \u010d\u00e1st veden\u00ed i p\u011bchoty Ham\u00e1su. U toho jist\u011b i mnoho civilist\u016f. V\u0161echno to bylo nesmysln\u00e9, ohavn\u00e9, k pl\u00e1\u010di. Lidsk\u00e9 \u017eivoty nah\u00e1zen\u00e9 do stoupa\u010dek pro nesmysln\u011b ne\u00fastupnou politiku dvou nesmysln\u011b ne\u00fastupn\u00fdch n\u00e1rod\u016f. P\u0159i\u010dem\u017e jsem si jist, \u017ee Izrael by byl schopen jedn\u00e1n\u00ed, kdyby proti sob\u011b m\u011bl civilizovan\u00e9 politiky, kte\u0159\u00ed se domluvit cht\u011bj\u00ed, ne hordu ham\u00e1sovk\u00fdch \u0161\u00edlenc\u016f, kte\u0159\u00ed celou dobu m\u011bli jedin\u00fd politick\u00fd c\u00edl \u2013 zlikvidovat Izrael.<\/p>\n<p>Donald Trump to vra\u017eedn\u00e9 \u0161\u00edlenstv\u00ed na chv\u00edli zastavil.<\/p>\n<p>Te\u010f teprve mu za\u010d\u00edn\u00e1 pr\u00e1ce. Stejn\u011b tak za\u010d\u00edn\u00e1 pr\u00e1ce Izraeli a Palestinc\u016fm.<\/p>\n<p>Mus\u00ed zbavit Ham\u00e1s moci, mus\u00ed za\u010d\u00edt budovat palestinsk\u00fd n\u00e1rod, postavit mu podm\u00ednky pro to, aby mohl \u017e\u00edt v bezpe\u010d\u00ed a rozkv\u011btu, mus\u00ed vybudovat palestinsk\u00fd st\u00e1t se spolehliv\u00fdm syst\u00e9mem, kde u\u017e nebude prostor pro bujen\u00ed idiotsky militantn\u00ed politiky vyb\u00edjen\u00ed. Ze strany Izraele to bude znamenat p\u0159ijmout \u00fastupky a sv\u00e9ho rozbombardovan\u00e9ho souseda horem dolem podporovat v\u0161\u00edm dostupn\u00fdm. Spoluprac\u00ed na oprav\u011b zem\u011b a podporou si v Palestin\u011b vychovat p\u0159\u00e1telsk\u00fd st\u00e1t. Jinak ta v\u00e1lka za p\u00e1r let propukne zase. Z\u00e1rove\u0148 to v\u0161echno mus\u00ed ud\u011blat tak, aby to Palestinci nech\u00e1pali jako vm\u011b\u0161ov\u00e1n\u00ed a instalov\u00e1n\u00ed loutkov\u00fdch vl\u00e1d. V Gaze nesm\u00ed vzniknout odboj. U\u017e jen pro to, \u017ee tam nesm\u00ed vzniknout d\u016fvody pro odboj.<\/p>\n<p>Donald Trump by m\u011bl dostat za p\u0159\u00edm\u011b\u0159\u00ed v Gaze Nobelovu cenu m\u00edru.<\/p>\n<p>A nejen za n\u011bj. Zastavil tak\u00e9 horkou\u00a0<a href=\"https:\/\/en.wikipedia.org\/wiki\/2025_Democratic_Republic_of_the_Congo%E2%80%93Rwanda_peace_agreement\" target=\"_blank\" rel=\"noopener\"><strong>f\u00e1zi boj\u016f<\/strong><\/a>\u00a0mezi Kongem a Rwandou (a\u010d n\u011bkter\u00e9 povstaleck\u00e9 skupiny st\u00e1le p\u0159\u00edm\u011b\u0159\u00ed naru\u0161uj\u00ed sv\u00fdmi rozbroji). Zpacifikoval do klidu zbran\u00ed\u00a0<a href=\"https:\/\/en.wikipedia.org\/wiki\/2025_United_States%E2%80%93Houthi_ceasefire\" target=\"_blank\" rel=\"noopener\"><strong>jemensk\u00e9 povstalce<\/strong><\/a>\u00a0H\u00fat\u00ede, tak\u017ee obchodn\u00ed cesty p\u0159es Rud\u00e9 mo\u0159e jsou op\u011bt bezpe\u010dn\u00e9. A\u00a0<a href=\"https:\/\/en.wikipedia.org\/wiki\/Iran%E2%80%93Israel_war_ceasefire\" target=\"_blank\" rel=\"noopener\"><strong>deeskaloval<\/strong><\/a>\u00a0vzr\u016fstaj\u00edc\u00ed konflikt mezi st\u00e1ty Izraelem a \u00cdr\u00e1nem, kter\u00e9 u\u017e na sebe \u00fato\u010dily. Te\u010f dotla\u010dil k p\u0159\u00edm\u011b\u0159\u00ed Izrael a Ham\u00e1s. Co v\u00edc si p\u0159\u00e1t? Snad jen klid zbran\u00ed na Ukrajin\u011b.<\/p>\n<p>Ale tam jsou dva Vladim\u00edrov\u00e9. Jeden v Moskv\u011b, jeden v Kyjev\u011b a ani jeden nen\u00ed ochoten k \u00fastupk\u016fm.<\/p>\n<p>P\u0159itom sta\u010d\u00ed tak m\u00e1lo k tomu, aby se i Vladimir Vladimirovi\u010d Putin ocitl v klubu pup\u00edk\u016f, kte\u0159\u00ed m\u00edsto vra\u017ed\u011bn\u00ed rad\u0161i jednaj\u00ed.<\/p>\n<p>Nobelovu cenu za m\u00edr za ukon\u010den\u00ed v\u00e1lky na Ukrajin\u011b Putin nedostane, ale zah\u00e1jil by t\u00edm n\u00e1vrat Rus\u016f mezi lidskou rasu. Jak je patrn\u00e9, sna\u017eil se Donald Trump dost a dost, aby konflikt skon\u010dil. Jednal se v\u0161emi, na v\u0161echny tla\u010dil, vyhro\u017eoval, \u017e\u00e1dal, prosil, nab\u00edzel. Ale oba Vladim\u00ed\u0159i jako by byli k jeho tlaku hlu\u0161\u00ed.<\/p>\n<p>A tak, Vladimire Vladimirovi\u010di, pros\u00edm, u\u017e to taky ukon\u010di. Um\u00edraj\u00ed tam lid\u00e9, v\u0161ichni trp\u00ed, Rusko je na tom ekonomicky bit\u00e9, pro Ukrajinu je to nejen ekonomick\u00e1, ale i demografick\u00e1 katastrofa, v\u0161echny zem\u011b Evropy u\u017e jsou z t\u00e9 v\u00e1lky vy\u017ed\u00edman\u00e9 jako citron. M\u00e1 tohle je\u0161t\u011b smysl? J\u00e1 v\u00edm, chce\u0161 vr\u00e1tit Rusko na mapy sv\u011bta jako velmoc. Zkus to zase politicky. Vojensky je to takov\u00e9 barbarsk\u00e9 a hloup\u00e9, a\u010d jist\u011b kr\u00e1tkodob\u011b efektivn\u00ed.<\/p>\n<p>Pro\u010d vy dva Vladim\u00ed\u0159i u\u017e zase nejedn\u00e1te? Zavolejte si do B\u00edl\u00e9ho domu prost\u0159edn\u00edkovi. Chce, abyste nev\u00e1l\u010dili, jist\u011b v\u00e1m s tou bezradnost\u00ed pom\u016f\u017ee. A \u017ee nechcete ztratit tv\u00e1\u0159? Ztr\u00e1c\u00edte po tis\u00edc\u00edch lidi, proboha, tv\u00e1\u0159 u\u017e d\u00e1vno nem\u00e1te.<\/p>\n<p><img decoding=\"async\" loading=\"lazy\" class=\"\" src=\"https:\/\/www.krajskelisty.cz\/images\/textiky\/chab_zeleny_20230515.jpg\" width=\"548\" height=\"235\" \/><\/p>\n<p class=\"foto-info-itm\"><span style=\"font-size: 10pt;\"><em>Foto: Pixabay Popisek:\u00a0Donald Trump<\/em><\/span><\/p>\n<p><span style=\"font-size: 10pt;\"><a href=\"https:\/\/www.krajskelisty.cz\/stredocesky-kraj\/33984-trumpiku-ty-jeden-pupiku-komentar-stepana-chaba.htm\">ZDROJ<\/a><\/span><\/p>\n<p>&nbsp;<\/p>\n","protected":false},"excerpt":{"rendered":"<p>Dovol\u00edm si utrousit jeden \u010dist\u011b oslavn\u00fd koment\u00e1\u0159 s p\u0159\u00edkladn\u011b infantiln\u00edm titulkem. Proto\u017ee jsou chv\u00edle, kdy&#8230;<\/p>\n","protected":false},"author":2,"featured_media":89696,"comment_status":"closed","ping_status":"closed","sticky":false,"template":"","format":"standard","meta":[],"categories":[6],"tags":[348,1503,1132,452],"_links":{"self":[{"href":"https:\/\/www.infokuryr.cz\/n\/wp-json\/wp\/v2\/posts\/89695"}],"collection":[{"href":"https:\/\/www.infokuryr.cz\/n\/wp-json\/wp\/v2\/posts"}],"about":[{"href":"https:\/\/www.infokuryr.cz\/n\/wp-json\/wp\/v2\/types\/post"}],"author":[{"embeddable":true,"href":"https:\/\/www.infokuryr.cz\/n\/wp-json\/wp\/v2\/users\/2"}],"replies":[{"embeddable":true,"href":"https:\/\/www.infokuryr.cz\/n\/wp-json\/wp\/v2\/comments?post=89695"}],"version-history":[{"count":0,"href":"https:\/\/www.infokuryr.cz\/n\/wp-json\/wp\/v2\/posts\/89695\/revisions"}],"wp:featuredmedia":[{"embeddable":true,"href":"https:\/\/www.infokuryr.cz\/n\/wp-json\/wp\/v2\/media\/89696"}],"wp:attachment":[{"href":"https:\/\/www.infokuryr.cz\/n\/wp-json\/wp\/v2\/media?parent=89695"}],"wp:term":[{"taxonomy":"category","embeddable":true,"href":"https:\/\/www.infokuryr.cz\/n\/wp-json\/wp\/v2\/categories?post=89695"},{"taxonomy":"post_tag","embeddable":true,"href":"https:\/\/www.infokuryr.cz\/n\/wp-json\/wp\/v2\/tags?post=89695"}],"curies":[{"name":"wp","href":"https:\/\/api.w.org\/{rel}","templated":true}]}}