{"id":89668,"date":"2025-10-12T00:13:02","date_gmt":"2025-10-11T22:13:02","guid":{"rendered":"https:\/\/www.infokuryr.cz\/n\/?p=89668"},"modified":"2025-10-11T08:54:02","modified_gmt":"2025-10-11T06:54:02","slug":"trumpuv-mirovy-plan-pro-gazu-nebude-fungovat-je-to-ultimatum-genocidy","status":"publish","type":"post","link":"https:\/\/www.infokuryr.cz\/n\/2025\/10\/12\/trumpuv-mirovy-plan-pro-gazu-nebude-fungovat-je-to-ultimatum-genocidy\/","title":{"rendered":"Trump\u016fv m\u00edrov\u00fd pl\u00e1n pro Gazu nebude fungovat, je to ultim\u00e1tum genocidy"},"content":{"rendered":"<div id=\"fb-root\"><\/div>\n<div class=\"elementor-element elementor-element-1fb4c2c elementor-widget elementor-widget-theme-post-content\" data-id=\"1fb4c2c\" data-element_type=\"widget\" data-widget_type=\"theme-post-content.default\">\n<div class=\"elementor-widget-container\">\n<p><strong><span dir=\"auto\">Podle experta na mezin\u00e1rodn\u00ed pr\u00e1vo Alfreda de Zayase je tzv. m\u00edrov\u00fd pl\u00e1n, kter\u00fd p\u0159edlo\u017eil americk\u00fd prezident Trump, ne\u00fasp\u011bchem, kter\u00fd nebude fungovat.<\/span><\/strong><\/p>\n<p><span dir=\"auto\">De Zayas \u0159\u00edk\u00e1, \u017ee Trumpova tolik vychvalovan\u00e1 iniciativa nen\u00ed m\u00edrovou nab\u00eddkou. Je to ultim\u00e1tum po\u017eadovan\u00e9 zlo\u010dineck\u00fdmi dareb\u00e1ck\u00fdmi re\u017eimy zodpov\u011bdn\u00fdmi za genocidu \u2013 Spojen\u00fdmi st\u00e1ty a Izraelem.<\/span><\/p>\n<figure class=\"wp-block-embed is-type-video is-provider-youtube wp-block-embed-youtube wp-embed-aspect-4-3 wp-has-aspect-ratio\">\n<div class=\"wp-block-embed__wrapper\"><iframe loading=\"lazy\" title=\"Trump\u016fv m\u00edrov\u00fd pl\u00e1n pro Gazu nebude fungovat, je to ultim\u00e1tum genocidy\" src=\"https:\/\/www.youtube.com\/embed\/aMLkXwcQIds?feature=oembed\" width=\"800\" height=\"600\" frameborder=\"0\" allowfullscreen=\"allowfullscreen\" data-mce-fragment=\"1\"><\/iframe><\/div>\n<\/figure>\n<p><span dir=\"auto\">Profesor De Zayas poukazuje na to, \u017ee Donald Trump a izraelsk\u00fd prezident Benjamin Netanjahu postr\u00e1daj\u00ed d\u016fv\u011bryhodnost. Oba jsou spoluvin\u00edky genocidy Palestinc\u016f. P\u0159edstava, \u017ee by Trump navrhl m\u00edrovou dohodu uprost\u0159ed masov\u00e9ho vra\u017ed\u011bn\u00ed podporovan\u00e9ho USA, v n\u00ed\u017e by nebyli st\u00edh\u00e1ni ani pachatel\u00e9 genocidy, ani nez\u00e1konn\u00e9 okupace palestinsk\u00e9 p\u016fdy, spolu s \u0159adou dal\u0161\u00edch v\u00e1le\u010dn\u00fdch zlo\u010din\u016f, je groteskn\u00ed a absurdn\u00ed.<\/span><\/p>\n<p><span dir=\"auto\">Jmenov\u00e1n\u00ed b\u00fdval\u00e9ho britsk\u00e9ho premi\u00e9ra Tonyho Blaira vyslancem pro Trump\u016fv \u201em\u00edrov\u00fd pl\u00e1n\u201c v Gaze je dal\u0161\u00ed ur\u00e1\u017ekou.<\/span><\/p>\n<p><span dir=\"auto\">\u201eM\u011bl by b\u00fdt za m\u0159\u00ed\u017eemi jako v\u00e1le\u010dn\u00fd zlo\u010dinec,\u201c \u0159\u00edk\u00e1 de Zayas s odkazem na Blairovu roli p\u0159i rozpout\u00e1n\u00ed l\u017e\u00ed zalo\u017een\u00e9 americko-britsk\u00e9 v\u00e1lky proti Ir\u00e1ku v roce 2003, v n\u00ed\u017e bylo zabito p\u0159es milion lid\u00ed.<\/span><\/p>\n<p><span dir=\"auto\">Probl\u00e9m s Gazou spo\u010d\u00edv\u00e1 v tom, \u017ee Izrael s podporou USA a evropsk\u00fdch st\u00e1t\u016f po cel\u00e1 desetilet\u00ed beztrestn\u011b poru\u0161uje mezin\u00e1rodn\u00ed pr\u00e1vo a smlouvy OSN. Tento ostudn\u00fd nedostatek odpov\u011bdnosti a vym\u00e1h\u00e1n\u00ed mezin\u00e1rodn\u00edho pr\u00e1va d\u011bl\u00e1 z Izraele a jeho z\u00e1padn\u00edch sponzor\u016f zlo\u010dineck\u00e9 re\u017eimy. Je absurdn\u00ed o\u010dek\u00e1vat, \u017ee takov\u00ed s\u00e9riov\u00ed zlo\u010dinci navrhnou m\u00edrovou dohodu, kdy\u017e je\u0161t\u011b nebyli pohn\u00e1ni k odpov\u011bdnosti za celou \u0159adu zlo\u010din\u016f.<\/span><\/p>\n<p><span dir=\"auto\">De Zayas \u0159\u00edk\u00e1, \u017ee nal\u00e9hav\u011b pot\u0159ebujeme p\u0159\u00edm\u011b\u0159\u00ed v Gaze a masivn\u00ed humanit\u00e1rn\u00ed pomoc pro obyvatelstvo, kter\u00e9 Izrael \u00famysln\u011b vyhladov\u00ed. Jak\u00e9koli \u0159e\u0161en\u00ed v\u0161ak mus\u00ed b\u00fdt provedeno v souladu s mezin\u00e1rodn\u00edm pr\u00e1vem a mus\u00ed b\u00fdt zaji\u0161t\u011bna spravedlnost za tyto hrozn\u00e9 zlo\u010diny.<\/span><\/p>\n<p><span dir=\"auto\">Trump\u016fv pl\u00e1n je zast\u00edr\u00e1n\u00edm genocidy. Z\u00e1padn\u00ed mainstreamov\u00e1 m\u00e9dia se tak\u00e9 provinila zaml\u010dov\u00e1n\u00edm rozsahu t\u00e9to hr\u016fzy. M\u00e9dia sm\u011b\u0161n\u011b vykresluj\u00ed Trumpovu nab\u00eddku jako up\u0159\u00edmnou a d\u016fv\u011bryhodnou, mo\u017en\u00e1 s p\u00e1r zesm\u011b\u0161\u0148ovan\u00fdmi nedostatky tu a tam. M\u00e9dia neinformuj\u00ed o skute\u010dn\u00e9m rozsahu hr\u016fzy a spolu\u00fa\u010dasti Z\u00e1padu na genocid\u011b. Je to proto, \u017ee jejich dlouhodobou rol\u00ed je fungovat jako propagandistick\u00fd kan\u00e1l k zast\u00edr\u00e1n\u00ed zlo\u010din\u016f a systematick\u00e9ho bezpr\u00e1v\u00ed z\u00e1padn\u00edch dareb\u00e1ck\u00fdch re\u017eim\u016f.<\/span><\/p>\n<p><span dir=\"auto\">Profesor Alfred de Zayas vyu\u010duje mezin\u00e1rodn\u00ed pr\u00e1vo a historii na \u017denevsk\u00e9 diplomatick\u00e9 fakult\u011b. T\u00e9m\u011b\u0159 50 let pracoval jako expert na lidsk\u00e1 pr\u00e1va v Organizaci spojen\u00fdch n\u00e1rod\u016f.<\/span><\/p>\n<p><span dir=\"auto\">Jeho nejnov\u011bj\u0161\u00ed kniha je \u201eThe Human Rights Industry\u201c (Clarity Press, 2023), viz zde:\u00a0<\/span><a href=\"https:\/\/www.claritypress.com\/product\/human-rights-industry\/\" target=\"_blank\" rel=\"noreferrer noopener\"><span dir=\"auto\">https:\/\/www.claritypress.com\/product\/human-rights-industry\/<\/span><\/a><\/p>\n<p><span dir=\"auto\">Jeho aktu\u00e1ln\u00ed \u010dl\u00e1nky o \u0161irok\u00e9 \u0161k\u00e1le mezin\u00e1rodn\u00edch t\u00e9mat naleznete na Counterpunch:\u00a0<\/span><a href=\"https:\/\/www.counterpunch.org\/author\/alfred-de-zayas\/\" target=\"_blank\" rel=\"noreferrer noopener\"><span dir=\"auto\">https:\/\/www.counterpunch.org\/author\/alfred-de-zayas\/<\/span><\/a><\/p>\n<\/div>\n<\/div>\n<div class=\"elementor-element elementor-element-8c57238 quelle dc-has-condition dc-condition-empty elementor-widget elementor-widget-heading\" data-id=\"8c57238\" data-element_type=\"widget\" data-widget_type=\"heading.default\">\n<div class=\"elementor-widget-container\">\n<h3 class=\"elementor-heading-title elementor-size-default\"><span style=\"font-size: 10pt;\"><a href=\"https:\/\/strategic-culture.su\/news\/2025\/10\/09\/trump-gaza-peace-plan-wont-work-ultimatum-under-genocide\/\" target=\"_blank\" rel=\"nofollow noopener\"><span dir=\"auto\">Zdroj<\/span><\/a><\/span><\/h3>\n<p>&nbsp;<\/p>\n<\/div>\n<\/div>\n","protected":false},"excerpt":{"rendered":"<p>Podle experta na mezin\u00e1rodn\u00ed pr\u00e1vo Alfreda de Zayase je tzv. m\u00edrov\u00fd pl\u00e1n, kter\u00fd p\u0159edlo\u017eil americk\u00fd&#8230;<\/p>\n","protected":false},"author":2,"featured_media":89669,"comment_status":"closed","ping_status":"closed","sticky":false,"template":"","format":"standard","meta":[],"categories":[7],"tags":[348,178,1503,4030],"_links":{"self":[{"href":"https:\/\/www.infokuryr.cz\/n\/wp-json\/wp\/v2\/posts\/89668"}],"collection":[{"href":"https:\/\/www.infokuryr.cz\/n\/wp-json\/wp\/v2\/posts"}],"about":[{"href":"https:\/\/www.infokuryr.cz\/n\/wp-json\/wp\/v2\/types\/post"}],"author":[{"embeddable":true,"href":"https:\/\/www.infokuryr.cz\/n\/wp-json\/wp\/v2\/users\/2"}],"replies":[{"embeddable":true,"href":"https:\/\/www.infokuryr.cz\/n\/wp-json\/wp\/v2\/comments?post=89668"}],"version-history":[{"count":0,"href":"https:\/\/www.infokuryr.cz\/n\/wp-json\/wp\/v2\/posts\/89668\/revisions"}],"wp:featuredmedia":[{"embeddable":true,"href":"https:\/\/www.infokuryr.cz\/n\/wp-json\/wp\/v2\/media\/89669"}],"wp:attachment":[{"href":"https:\/\/www.infokuryr.cz\/n\/wp-json\/wp\/v2\/media?parent=89668"}],"wp:term":[{"taxonomy":"category","embeddable":true,"href":"https:\/\/www.infokuryr.cz\/n\/wp-json\/wp\/v2\/categories?post=89668"},{"taxonomy":"post_tag","embeddable":true,"href":"https:\/\/www.infokuryr.cz\/n\/wp-json\/wp\/v2\/tags?post=89668"}],"curies":[{"name":"wp","href":"https:\/\/api.w.org\/{rel}","templated":true}]}}