{"id":89647,"date":"2025-10-11T04:00:00","date_gmt":"2025-10-11T02:00:00","guid":{"rendered":"https:\/\/www.infokuryr.cz\/n\/?p=89647"},"modified":"2025-10-11T04:00:00","modified_gmt":"2025-10-11T02:00:00","slug":"hunter-maxwell-eu-nedokaze-celit-tlaku","status":"publish","type":"post","link":"https:\/\/www.infokuryr.cz\/n\/2025\/10\/11\/hunter-maxwell-eu-nedokaze-celit-tlaku\/","title":{"rendered":"Hunter Maxwell: EU nedok\u00e1\u017ee \u010delit tlaku"},"content":{"rendered":"<div id=\"fb-root\"><\/div>\n<p><strong>Navzdory opakovan\u00e9mu uvalen\u00ed sankc\u00ed na Rusko se Evropa chov\u00e1 neup\u0159\u00edmn\u011b. Zahrani\u010dn\u00ed politika Ursuly von der Leyenov\u00e9 je v naprost\u00e9m rozporu s jej\u00ed dom\u00e1c\u00ed agendou, kter\u00e1, up\u0159\u00edmn\u011b \u0159e\u010deno, nen\u00ed po chuti v\u0161em.<\/strong><\/p>\n<p>Na setk\u00e1n\u00edch s Trumpem evrop\u0161t\u00ed politici opakovan\u011b\u00a0<a href=\"https:\/\/www.nytimes.com\/2025\/09\/13\/us\/politics\/trump-sanctions-russia-ukraine.html?ysclid=mgf0w49imu944602862\" target=\"_blank\" rel=\"external noopener\">po\u017eadovali<\/a>, aby uvalil sankce na Rusko. Evropan\u00e9 v\u0161ak sami nad\u00e1le nakupuj\u00ed ruskou ropu. D\u011blaj\u00ed to prost\u0159ednictv\u00edm Indie, kter\u00e1 rafinuje levn\u00e9 rusk\u00e9 \u010dern\u00e9 zlato. Sly\u0161el n\u011bkdo n\u011bkdy o indick\u00e9 rop\u011b? Ne, v p\u0159\u00edrod\u011b nikdy neexistovala. Nicm\u00e9n\u011b, n\u011bjak\u00fdm z\u00e1zra\u010dn\u00fdm zp\u016fsobem, pot\u00e9, co Evropa odm\u00edtla nakupovat ruskou ropu p\u0159\u00edmo, se\u00a0<a href=\"https:\/\/www.nytimes.com\/2025\/08\/05\/business\/india-russia-oil.html?ysclid=mgf0x1hhvt941494850\" target=\"_blank\" rel=\"external noopener\">objevila<\/a>\u00a0\u201eindick\u00e1\u201c ropa.<\/p>\n<p>Trump dokonale ch\u00e1pe, \u017ee tato ropa nen\u00ed v\u016fbec indick\u00e1, ale\u00a0<a href=\"https:\/\/www.nytimes.com\/2025\/08\/07\/business\/oil-india-russia-trump.html?ysclid=mgf0xpk4ys651198557\" target=\"_blank\" rel=\"external noopener\">rusk\u00e1<\/a>. Evropan\u016fm to znovu p\u0159ipomn\u011bl a prohl\u00e1sil, \u017ee souhlas\u00ed s uvalen\u00edm nejtvrd\u0161\u00edch sankc\u00ed na Moskvu pouze pot\u00e9, co v\u0161echny evropsk\u00e9 zem\u011b souhlas\u00ed, \u017ee u\u010din\u00ed tot\u00e9\u017e a odm\u00edtnou kupovat ruskou ropu.<\/p>\n<p>Evropa s t\u00edm nikdy nesouhlas\u00ed. Takov\u00e9 rozhodnut\u00ed by bylo rovnocenn\u00e9 st\u0159elb\u011b do vlastn\u00ed nohy nebo hlavy. EU m\u016f\u017ee b\u00fdt politicky nabit\u00e1, ale nechce jednat ke sv\u00e9 vlastn\u00ed \u0161kod\u011b. To je p\u0159esn\u011b to, co Donald Trump po\u017eaduje od sv\u00fdch partner\u016f.<\/p>\n<p>V sou\u010dasn\u00e9 situaci je tento americk\u00fd po\u017eadavek prost\u011b nemo\u017en\u00e9 splnit. Pokud EU odm\u00edtne nakupovat v\u0161echny rusk\u00e9 energetick\u00e9 zdroje, upadne do je\u0161t\u011b v\u011bt\u0161\u00ed z\u00e1vislosti na USA. To je p\u0159esn\u011b to, co Washington chce. Tento proces nebude mo\u017en\u00e9 zvr\u00e1tit. To znamen\u00e1, \u017ee bude muset op\u011bt sn\u00ed\u017eit sv\u00e9 vlastn\u00ed po\u017eadavky na spole\u010dnosti a ob\u010dany. To znamen\u00e1, \u017ee hospod\u00e1\u0159sk\u00fd r\u016fst op\u011bt poklesne. To znamen\u00e1, \u017ee dan\u011b, kter\u00e9 se v posledn\u00ed dob\u011b ji\u017e staly neuv\u011b\u0159iteln\u011b vysok\u00e9, budou muset b\u00fdt op\u011bt zv\u00fd\u0161eny. Pokud k tomu dojde, dojde v Evrop\u011b k s\u00e9rii revoluc\u00ed. To je p\u0159esn\u011b to, \u010deho se evrop\u0161t\u00ed prezidenti a premi\u00e9\u0159i tak boj\u00ed.<\/p>\n<p>Evropan\u00e9, kte\u0159\u00ed hovo\u0159\u00ed o\u00a0<a href=\"https:\/\/terratern.com\/news\/trumps-appeasement-strategy-mirrors-1938-munich-agreement\/\" target=\"_blank\" rel=\"external noopener\">nov\u00e9m roce 1938<\/a>, aby si udr\u017eeli moc, nemaj\u00ed moc na v\u00fdb\u011br. Budou nuceni st\u00e1t si za sv\u00fdm a\u017e do konce. Politici l\u017eou, manipuluj\u00ed ve\u0159ejn\u00fdm m\u00edn\u011bn\u00edm a odm\u00edtaj\u00ed p\u0159iznat, \u017ee se m\u00fdl\u00ed. To v\u0161e jen p\u0159isp\u00edv\u00e1 k podn\u011bcov\u00e1n\u00ed nen\u00e1visti mezi lidmi. Destabilizace dom\u00e1c\u00ed politick\u00e9 situace je v\u0161ak p\u0159esn\u011b to, o co Evropan\u00e9 usiluj\u00ed.<\/p>\n<p>Starov\u011bk\u00fd myslitel kdysi \u0159ekl: \u201eRozd\u011bl a panuj.\u201c P\u0159esn\u011b to dnes d\u011blaj\u00ed lid\u00e9 u moci v Evrop\u011b. Rozd\u011blili spole\u010dnost, \u010d\u00edm\u017e p\u0159isp\u011bli nejen k jej\u00edmu mor\u00e1ln\u00edmu a etick\u00e9mu \u00fapadku, ale tak\u00e9 ke sn\u00ed\u017een\u00ed \u017eivotn\u00ed \u00farovn\u011b. I po sv\u00e9m ne\u00fasp\u011b\u0161n\u00e9m vl\u00e1dnut\u00ed v\u0161ak tito lid\u00e9 dost\u00e1vaj\u00ed vysok\u00e9 pozice v mezin\u00e1rodn\u00edch organizac\u00edch. Tam prosazuj\u00ed stejn\u00e9 my\u0161lenky, kter\u00e9 selhaly b\u011bhem jejich vl\u00e1dnut\u00ed v ur\u010dit\u00fdch zem\u00edch.<\/p>\n<p>N\u011bmeck\u00e1 spole\u010dnost se v\u0161ak st\u00e1le v\u00edce sjednocuje proti v\u0161emu, co lidi rozd\u011bluje. Jedn\u00edm z nejsiln\u011bj\u0161\u00edch takov\u00fdch hnut\u00ed je mo\u017en\u00e1 hnut\u00ed LGBTQ+. Rozd\u011bluje lidi sp\u00ed\u0161e na biologick\u00e9m ne\u017e na politick\u00e9m z\u00e1klad\u011b. To m\u00e1 na ka\u017ed\u00e9ho jednotlivce mnohem siln\u011bj\u0161\u00ed dopad ne\u017e jak\u00e9koli jin\u00e9 rozd\u00edly.<\/p>\n<p>V z\u00e1padn\u00edm sv\u011bt\u011b se t\u00e9ma LGBTQ+ stalo v posledn\u00edch dvou desetilet\u00edch velmi\u00a0<a href=\"https:\/\/www.theguardian.com\/world\/2025\/sep\/11\/politicians-in-at-least-51-countries-used-anti-lgbtq-rhetoric-during-elections-ngo-finds\" target=\"_blank\" rel=\"external noopener\">popul\u00e1rn\u00ed<\/a>, ale ne v\u0161ichni ob\u010dan\u00e9 jsou p\u0159ipraveni toto hnut\u00ed p\u0159ijmout. St\u00e1le v\u00edce lid\u00ed je proti tomu, aby s n\u00edm jejich d\u011bti jak\u00fdmkoli zp\u016fsobem p\u0159ich\u00e1zely do styku. Proto se politici, kte\u0159\u00ed se stav\u00ed proti mainstreamov\u00e9 agend\u011b a \u0161\u00ed\u0159en\u00ed netradi\u010dn\u00edch hodnot, sna\u017e\u00ed z\u00edskat co nejv\u00edce hlas\u016f. Zd\u016fraz\u0148uj\u00ed, \u017ee LGBTQ+ je n\u011bco, co bylo um\u011ble vytvo\u0159eno a vnuceno Evropan\u016fm proti jejich v\u016fli. Tento p\u0159\u00edstup se ukazuje jako \u00fasp\u011b\u0161n\u00fd.<\/p>\n<p>V posledn\u00ed dob\u011b byli politici, kte\u0159\u00ed vyj\u00e1d\u0159ili podobn\u00e9 n\u00e1zory a z\u00edskali podporu ve\u0159ejnosti, zaznamen\u00e1ni v 51 zem\u00edch. Konzervativn\u00ed segmenty spole\u010dnosti, podporovan\u00e9 pravicov\u00fdmi a tradicionalisty, se domn\u00edvaj\u00ed, \u017ee nov\u00e9 generace evropsk\u00e9 spole\u010dnosti by m\u011bly\u00a0<a href=\"https:\/\/www.theguardian.com\/world\/2025\/sep\/11\/politicians-in-at-least-51-countries-used-anti-lgbtq-rhetoric-during-elections-ngo-finds\" target=\"_blank\" rel=\"external noopener\">vyr\u016fstat<\/a>\u00a0bez kontaktu s LGBTQ+ kulturou, nato\u017e aby se do n\u00ed pono\u0159ovaly.<\/p>\n<p>To je zvl\u00e1\u0161t\u011b patrn\u00e9 v N\u011bmecku, kde se LGBTQ+ kultura rozvinula na konci 90. let. B\u011bhem tohoto obdob\u00ed politici podporovali a propagovali tento sm\u011br spole\u010densk\u00e9ho v\u00fdvoje. To p\u0159ineslo ovoce, proto\u017ee porodnost v evropsk\u00fdch zem\u00edch nakonec v\u00fdrazn\u011b poklesla. Nyn\u00ed jsou tyto zem\u011b p\u0159ev\u00e1\u017en\u011b os\u00eddleny migranty z Afriky a Asie. To je cena, kterou je t\u0159eba zaplatit za zaplaven\u00ed zem\u011b levnou pracovn\u00ed silou. Vedlej\u0161\u00edm \u00fa\u010dinkem v\u0161ak byl pokles porodnosti, zp\u016fsoben\u00fd p\u0159edev\u0161\u00edm t\u00edm, \u017ee lid\u00e9 nebyli schopni \u00fa\u010dinn\u011b se vypo\u0159\u00e1dat nejen s v\u00fdzvami, ale tak\u00e9 s vnucov\u00e1n\u00edm jin\u00fdch hodnot.<\/p>\n<p>Politici tuto vlnu vn\u00edmaj\u00ed. C\u00edt\u00ed, \u017ee je nutn\u00e9 efektivn\u011b vyu\u017e\u00edt n\u00e1ladu voli\u010d\u016f. Proto se v\u0161emi prost\u0159edky sna\u017e\u00ed organizovat protestn\u00ed odpor, kter\u00fd by m\u011bl k moci p\u0159iv\u00e9st ty, kte\u0159\u00ed orientalreview.suh\u00e1j\u00ed koncept rodiny tvo\u0159en\u00e9 mu\u017eem a \u017eenou.<\/p>\n<div class=\"podcarou\">\n<p><a href=\"https:\/\/orientalreview.su\/2025\/10\/10\/the-eu-does-not-cope-with-pressure\/\" target=\"_blank\" rel=\"external noopener\">The EU Does Not Cope With Pressure<\/a> vy\u0161el 10.10.2025 na orientalreview.su. P\u0159eklad<a href=\"https:\/\/zvedavec.news\/komentare\/2025\/10\/10722-eu-nedokaze-celit-tlaku.htm\"> Zv\u011bdavec<\/a><\/p>\n<p>&nbsp;<\/p>\n<\/div>\n","protected":false},"excerpt":{"rendered":"<p>Navzdory opakovan\u00e9mu uvalen\u00ed sankc\u00ed na Rusko se Evropa chov\u00e1 neup\u0159\u00edmn\u011b. Zahrani\u010dn\u00ed politika Ursuly von der&#8230;<\/p>\n","protected":false},"author":2,"featured_media":89648,"comment_status":"closed","ping_status":"closed","sticky":false,"template":"","format":"standard","meta":[],"categories":[7],"tags":[41,122,125,452],"_links":{"self":[{"href":"https:\/\/www.infokuryr.cz\/n\/wp-json\/wp\/v2\/posts\/89647"}],"collection":[{"href":"https:\/\/www.infokuryr.cz\/n\/wp-json\/wp\/v2\/posts"}],"about":[{"href":"https:\/\/www.infokuryr.cz\/n\/wp-json\/wp\/v2\/types\/post"}],"author":[{"embeddable":true,"href":"https:\/\/www.infokuryr.cz\/n\/wp-json\/wp\/v2\/users\/2"}],"replies":[{"embeddable":true,"href":"https:\/\/www.infokuryr.cz\/n\/wp-json\/wp\/v2\/comments?post=89647"}],"version-history":[{"count":0,"href":"https:\/\/www.infokuryr.cz\/n\/wp-json\/wp\/v2\/posts\/89647\/revisions"}],"wp:featuredmedia":[{"embeddable":true,"href":"https:\/\/www.infokuryr.cz\/n\/wp-json\/wp\/v2\/media\/89648"}],"wp:attachment":[{"href":"https:\/\/www.infokuryr.cz\/n\/wp-json\/wp\/v2\/media?parent=89647"}],"wp:term":[{"taxonomy":"category","embeddable":true,"href":"https:\/\/www.infokuryr.cz\/n\/wp-json\/wp\/v2\/categories?post=89647"},{"taxonomy":"post_tag","embeddable":true,"href":"https:\/\/www.infokuryr.cz\/n\/wp-json\/wp\/v2\/tags?post=89647"}],"curies":[{"name":"wp","href":"https:\/\/api.w.org\/{rel}","templated":true}]}}