{"id":89645,"date":"2025-10-11T00:35:14","date_gmt":"2025-10-10T22:35:14","guid":{"rendered":"https:\/\/www.infokuryr.cz\/n\/?p=89645"},"modified":"2025-10-10T12:57:37","modified_gmt":"2025-10-10T10:57:37","slug":"v-antverpach-zatceni-tri-lide-kvuli-podezreni-z-dzihadistickeho-planu-atentatu-na-belgickeho-premiera-pomoci-vybusneho-dronu","status":"publish","type":"post","link":"https:\/\/www.infokuryr.cz\/n\/2025\/10\/11\/v-antverpach-zatceni-tri-lide-kvuli-podezreni-z-dzihadistickeho-planu-atentatu-na-belgickeho-premiera-pomoci-vybusneho-dronu\/","title":{"rendered":"V Antverp\u00e1ch zat\u010deni t\u0159i lid\u00e9 kv\u016fli podez\u0159en\u00ed z d\u017eih\u00e1distick\u00e9ho pl\u00e1nu atent\u00e1tu na belgick\u00e9ho premi\u00e9ra pomoc\u00ed v\u00fdbu\u0161n\u00e9ho dronu"},"content":{"rendered":"<div id=\"fb-root\"><\/div>\n<h3 class=\"s-tagline fw-tagline\"><span dir=\"auto\">\u00da\u0159ady ve \u010dtvrtek p\u0159i prohl\u00eddk\u00e1ch n\u011bkolika nemovitost\u00ed v Antverp\u00e1ch nalezly improvizovan\u00e9 v\u00fdbu\u0161n\u00e9 za\u0159\u00edzen\u00ed a pytel kovov\u00fdch kuli\u010dek<\/span><\/h3>\n<p><span dir=\"auto\">V Antverp\u00e1ch byli ve \u010dtvrtek zat\u010deni t\u0159i mu\u017ei podez\u0159el\u00ed z pl\u00e1nov\u00e1n\u00ed teroristick\u00e9ho \u00fatoku proti belgick\u00fdm politik\u016fm. N\u011bkolik m\u00e9di\u00ed uvedlo, \u017ee zam\u00fd\u0161len\u00fdm c\u00edlem byl premi\u00e9r Bart De Wever.<\/span><\/p>\n<p><span dir=\"auto\">Feder\u00e1ln\u00ed prokuratura ozn\u00e1mila zat\u010den\u00ed, kter\u00e1 byla sou\u010d\u00e1st\u00ed vy\u0161et\u0159ov\u00e1n\u00ed \u201epokusu o teroristickou vra\u017edu a \u00fa\u010dasti na aktivit\u00e1ch teroristick\u00e9 skupiny\u201c.<\/span><\/p>\n<p><span dir=\"auto\">\u201eN\u011bkter\u00e9 prvky nazna\u010duj\u00ed, \u017ee z\u00e1m\u011brem bylo prov\u00e9st d\u017eih\u00e1distick\u00fdm zp\u016fsobem inspirovan\u00fd teroristick\u00fd \u00fatok proti politick\u00fdm v\u016fdc\u016fm,\u201c uvedla feder\u00e1ln\u00ed prokur\u00e1torka Ann Fransenov\u00e1 na tiskov\u00e9 konferenci v Bruselu. \u201eExistuj\u00ed tak\u00e9 n\u00e1znaky, \u017ee c\u00edlem podez\u0159el\u00fdch bylo vyrobit dron, ke kter\u00e9mu by byla p\u0159ipevn\u011bna v\u00fdbu\u0161nina.\u201c<\/span><\/p>\n<p><span dir=\"auto\">Podez\u0159el\u00ed, narozen\u00ed v letech 2001, 2002 a 2007, byli zadr\u017eeni po \u010dty\u0159ech prohl\u00eddk\u00e1ch proveden\u00fdch Feder\u00e1ln\u00ed justi\u010dn\u00ed polici\u00ed v Antverp\u00e1ch. Dva z nich jsou vysl\u00fdch\u00e1ni vy\u0161et\u0159ovateli a o\u010dek\u00e1v\u00e1 se, \u017ee se v p\u00e1tek dostav\u00ed p\u0159ed vy\u0161et\u0159uj\u00edc\u00edho soudce, zat\u00edmco t\u0159et\u00ed byl propu\u0161t\u011bn.<\/span><\/p>\n<p><span dir=\"auto\">B\u011bhem domovn\u00ed prohl\u00eddky jednoho z podez\u0159el\u00fdch policie objevila improvizovan\u00e9 v\u00fdbu\u0161n\u00e9 za\u0159\u00edzen\u00ed, kter\u00e9 dosud nebylo v provozu, a pytel s kovov\u00fdmi kuli\u010dkami. Na jin\u00e9m m\u00edst\u011b policist\u00e9 na\u0161li 3D tisk\u00e1rnu, o kter\u00e9 se p\u0159edpokl\u00e1d\u00e1, \u017ee byla pou\u017eita k v\u00fdrob\u011b sou\u010d\u00e1stek pro \u00fatok. St\u00e1tn\u00ed z\u00e1stupci uvedli, \u017ee d\u016fkazy nazna\u010duj\u00ed pl\u00e1n nasazen\u00ed dronu nalo\u017een\u00e9ho v\u00fdbu\u0161ninami proti politick\u00fdm c\u00edl\u016fm.<\/span><\/p>\n<p><span dir=\"auto\">Policie ve sv\u00e9m prohl\u00e1\u0161en\u00ed potvrdila, \u017ee antverpsk\u00e1 feder\u00e1ln\u00ed justi\u010dn\u00ed policie provedla n\u011bkolik prohl\u00eddek, v\u010detn\u011b prohl\u00eddek s vyu\u017eit\u00edm protiteroristick\u00fdch ps\u016f a ps\u016f pro vyhled\u00e1v\u00e1n\u00ed v\u00fdbu\u0161nin.<\/span><\/p>\n<p><a href=\"https:\/\/www.hln.be\/binnenland\/dit-weten-we-al-over-de-verijdelde-aanslag-op-premier-bart-de-wever~a5a76752\/\"><span dir=\"auto\">HLN<\/span><\/a><span dir=\"auto\">\u00a0informovala, \u017ee v jednom z objekt\u016f \u017eije rodina se \u010dty\u0159mi d\u011btmi, p\u0159i\u010dem\u017e otec uvedl, \u017ee je do \u010dinu zapleten jeho sedmn\u00e1ctilet\u00fd syn a \u017ee v jeho dom\u011b byl nalezen podez\u0159el\u00fd bal\u00ed\u010dek.<\/span><\/p>\n<p><span dir=\"auto\">Belgick\u00fd soudn\u00ed syst\u00e9m ofici\u00e1ln\u011b nepotvrdil toto\u017enost zam\u00fd\u0161len\u00e9ho c\u00edle, ale n\u011bkolik vl\u00e1msk\u00fdch m\u00e9di\u00ed, v\u010detn\u011b\u00a0<\/span><a href=\"https:\/\/www.rtl.be\/actu\/belgique\/faits-divers\/une-cellule-terroriste-presumee-demantelee-elle-visait-bart-de-wever-et\/2025-10-09\/article\/766408\"><span dir=\"auto\">RTL<\/span><\/a><span dir=\"auto\">\u00a0, jmenovalo De Wevera. Jeho doprovod pozd\u011bji agentu\u0159e AFP potvrdil, \u017ee premi\u00e9r byl skute\u010dn\u011b st\u0159edem \u00fadajn\u00e9ho spiknut\u00ed. Belgick\u00fd ministr obrany Th\u00e9o Francken vyj\u00e1d\u0159il na soci\u00e1ln\u00edch s\u00edt\u00edch \u201eplnou podporu\u201c De Weverovi a jeho rodin\u011b, zat\u00edmco policie \u00fadajn\u011b prohledala d\u016fm jen n\u011bkolik set metr\u016f od jeho antverpsk\u00e9ho bydli\u0161t\u011b.<\/span><\/p>\n<p><span dir=\"auto\">\u201ePane premi\u00e9re, Barte, ve\u0161ker\u00e1 na\u0161e podpora pro v\u00e1s a va\u0161i rodinu. D\u00edky bezpe\u010dnostn\u00edm slo\u017ek\u00e1m. Nikdy se nevzd\u00e1vejte,\u201c napsal Francken.<\/span><\/p>\n<p><span dir=\"auto\">Ministryn\u011b spravedlnosti Annelies Verlindenov\u00e1 uvedla, \u017ee rychl\u00e1 policejn\u00ed operace mohla zabr\u00e1nit velk\u00e9mu \u00fatoku. \u201eDnes mohl b\u00fdt \u00fatok zma\u0159en. D\u00edky rychl\u00e9mu a \u00fa\u010dinn\u00e9mu z\u00e1sahu feder\u00e1ln\u00ed prokuratury a r\u016fzn\u00fdch feder\u00e1ln\u00edch policejn\u00edch odd\u011blen\u00ed,\u201c \u0159ekla. \u201eV\u00fdhr\u016f\u017eky mohly b\u00fdt nam\u00ed\u0159eny proti lidem zast\u00e1vaj\u00edc\u00edm ve\u0159ejn\u00e9 funkce. To ovliv\u0148uje samotn\u00e9 z\u00e1klady na\u0161\u00ed demokracie. V na\u0161\u00ed spole\u010dnosti nen\u00ed m\u00edsto pro zastra\u0161ov\u00e1n\u00ed a n\u00e1sil\u00ed.\u201c<\/span><\/p>\n<p><span dir=\"auto\">Ministr zahrani\u010d\u00ed Maxime Pr\u00e9vot ozna\u010dil odhalen\u00ed za \u201ehluboce \u0161okuj\u00edc\u00ed\u201c a \u0159ekl, \u017ee \u201ezd\u016fraz\u0148uj\u00ed, \u017ee \u010del\u00edme velmi re\u00e1ln\u00e9 teroristick\u00e9 hrozb\u011b a \u017ee mus\u00edme z\u016fstat ostra\u017eit\u00ed\u201c.<\/span><\/p>\n<p><span dir=\"auto\">\u00da\u0159ady upozornily na rostouc\u00ed hrozbu pro ve\u0159ejn\u00e9 \u010dinitele v Belgii. V roce 2024 bylo 101 osob \u2013 v\u010detn\u011b politik\u016f, soudc\u016f, policist\u016f a v\u011bze\u0148sk\u00e9ho person\u00e1lu \u2013 um\u00edst\u011bno do ochrann\u00e9 vazby pot\u00e9, co obdr\u017eely v\u00fdhr\u016f\u017eky souvisej\u00edc\u00ed s jejich povinnostmi. \u201eSt\u00e1le \u010dast\u011bji se st\u00e1vaj\u00ed ter\u010dem \u00fatok\u016f,\u201c uvedl Verlinden a dodal, \u017ee bezpe\u010dnostn\u00ed slo\u017eky \u201esituaci bedliv\u011b sleduj\u00ed\u201c.<\/span><\/p>\n<p><span dir=\"auto\">Belgick\u00e9 \u00fa\u0159ady zat\u00edm s odvol\u00e1n\u00edm na prob\u00edhaj\u00edc\u00ed vy\u0161et\u0159ov\u00e1n\u00ed nezve\u0159ejnily \u017e\u00e1dn\u00e9 dal\u0161\u00ed informace o toto\u017enosti podez\u0159el\u00fdch.<\/span><\/p>\n<p><img decoding=\"async\" loading=\"lazy\" class=\"alignnone size-full wp-image-1185\" src=\"http:\/\/www.infokuryr.cz\/n\/wp-content\/uploads\/2021\/04\/kuryr-podpis.png\" alt=\"\" width=\"84\" height=\"24\" \/><\/p>\n<p>&nbsp;<\/p>\n","protected":false},"excerpt":{"rendered":"<p>\u00da\u0159ady ve \u010dtvrtek p\u0159i prohl\u00eddk\u00e1ch n\u011bkolika nemovitost\u00ed v Antverp\u00e1ch nalezly improvizovan\u00e9 v\u00fdbu\u0161n\u00e9 za\u0159\u00edzen\u00ed a pytel&#8230;<\/p>\n","protected":false},"author":2,"featured_media":89646,"comment_status":"closed","ping_status":"closed","sticky":false,"template":"","format":"standard","meta":[],"categories":[7],"tags":[468,261,2935,621],"_links":{"self":[{"href":"https:\/\/www.infokuryr.cz\/n\/wp-json\/wp\/v2\/posts\/89645"}],"collection":[{"href":"https:\/\/www.infokuryr.cz\/n\/wp-json\/wp\/v2\/posts"}],"about":[{"href":"https:\/\/www.infokuryr.cz\/n\/wp-json\/wp\/v2\/types\/post"}],"author":[{"embeddable":true,"href":"https:\/\/www.infokuryr.cz\/n\/wp-json\/wp\/v2\/users\/2"}],"replies":[{"embeddable":true,"href":"https:\/\/www.infokuryr.cz\/n\/wp-json\/wp\/v2\/comments?post=89645"}],"version-history":[{"count":0,"href":"https:\/\/www.infokuryr.cz\/n\/wp-json\/wp\/v2\/posts\/89645\/revisions"}],"wp:featuredmedia":[{"embeddable":true,"href":"https:\/\/www.infokuryr.cz\/n\/wp-json\/wp\/v2\/media\/89646"}],"wp:attachment":[{"href":"https:\/\/www.infokuryr.cz\/n\/wp-json\/wp\/v2\/media?parent=89645"}],"wp:term":[{"taxonomy":"category","embeddable":true,"href":"https:\/\/www.infokuryr.cz\/n\/wp-json\/wp\/v2\/categories?post=89645"},{"taxonomy":"post_tag","embeddable":true,"href":"https:\/\/www.infokuryr.cz\/n\/wp-json\/wp\/v2\/tags?post=89645"}],"curies":[{"name":"wp","href":"https:\/\/api.w.org\/{rel}","templated":true}]}}