{"id":89585,"date":"2025-10-11T00:12:19","date_gmt":"2025-10-10T22:12:19","guid":{"rendered":"https:\/\/www.infokuryr.cz\/n\/?p=89585"},"modified":"2025-10-10T09:56:28","modified_gmt":"2025-10-10T07:56:28","slug":"andrew-korybko-proc-polsko-odmita-predat-nemecku-podezreleho-z-bombardovani-nord-streamu","status":"publish","type":"post","link":"https:\/\/www.infokuryr.cz\/n\/2025\/10\/11\/andrew-korybko-proc-polsko-odmita-predat-nemecku-podezreleho-z-bombardovani-nord-streamu\/","title":{"rendered":"Andrew Korybko: Pro\u010d Polsko odm\u00edt\u00e1 p\u0159edat N\u011bmecku podez\u0159el\u00e9ho z bombardov\u00e1n\u00ed Nord Streamu?"},"content":{"rendered":"<div id=\"fb-root\"><\/div>\n<p><strong><span dir=\"auto\">Tusk by se vzep\u0159el ve\u0159ejn\u00e9mu m\u00edn\u011bn\u00ed, zni\u010dil by u\u017e tak mizern\u00e9 vyhl\u00eddky vl\u00e1dnouc\u00ed liber\u00e1ln\u011b-globalistick\u00e9 koalice na setrv\u00e1n\u00ed u moci po p\u0159\u00ed\u0161t\u00edch parlamentn\u00edch volb\u00e1ch na podzim roku 2027 a riskoval by usnadn\u011bn\u00ed n\u011bmeck\u00e9ho monstrprocesu, kter\u00fd by mohl Polsko do tohoto \u00fatoku zapl\u00e9st za zatajov\u00e1n\u00ed skute\u010dn\u00e9ho zapojen\u00ed USA.<\/span><\/strong><\/p>\n<p><img decoding=\"async\" class=\"aligncenter\" src=\"https:\/\/substackcdn.com\/image\/fetch\/$s_!tBMJ!,w_1456,c_limit,f_auto,q_auto:good,fl_progressive:steep\/https%3A%2F%2Fsubstack-post-media.s3.amazonaws.com%2Fpublic%2Fimages%2F363db2b3-55fc-4474-a134-e5285c2548b7_800x600.jpeg\" \/><\/p>\n<p><span dir=\"auto\">N\u011bmecko bude pravd\u011bpodobn\u011b nespokojeno s odm\u00edtnut\u00edm polsk\u00e9ho premi\u00e9ra Donalda Tuska vydat podez\u0159el\u00e9ho z bombov\u00e9ho \u00fatoku na Nord Stream. Tato osoba byla\u00a0<\/span><a href=\"https:\/\/www.bbc.com\/news\/articles\/cwywdmz7xpgo\" rel=\"\"><span dir=\"auto\">ned\u00e1vno zadr\u017eena\u00a0<\/span><\/a><span dir=\"auto\">pobl\u00ed\u017e Var\u0161avy na z\u00e1klad\u011b evropsk\u00e9ho zatyka\u010de, ale Tusk\u00a0<\/span><a href=\"https:\/\/rmx.news\/poland\/you-are-a-german-agent-after-tusk-wins-pm-vote-kaczynski-slams-polands-new-liberal-leader\/\" rel=\"\"><span dir=\"auto\">pouze prohl\u00e1sil\u00a0<\/span><\/a><span dir=\"auto\">: \u201eByl zadr\u017een, proto\u017ee to je postup, ale postoj polsk\u00e9 vl\u00e1dy se nezm\u011bnil. Obvi\u0148ovat nebo p\u0159ed\u00e1vat tohoto ob\u010dana jin\u00e9mu st\u00e1tu rozhodn\u011b nen\u00ed v z\u00e1jmu Polska ani v z\u00e1jmu prost\u00e9ho smyslu pro slu\u0161nost a spravedlnost.\u201c<\/span><\/p>\n<p><span dir=\"auto\">N\u011bmeck\u00e1 vl\u00e1da se nechala p\u0159esv\u011bd\u010dit zpr\u00e1vami americk\u00fdch m\u00e9di\u00ed o \u00fadajn\u00e9m zapojen\u00ed t\u00fdmu ukrajinsk\u00fdch pot\u00e1p\u011b\u010d\u016f do tohoto\u00a0<\/span><a href=\"https:\/\/korybko.substack.com\/p\/the-anglo-american-axis-benefits\" rel=\"\"><span dir=\"auto\">teroristick\u00e9ho \u00fatoku\u00a0<\/span><\/a><span dir=\"auto\">a obvinila je, m\u00edsto aby obvinila americkou vl\u00e1du, jak\u00a0<\/span><a href=\"https:\/\/www.rt.com\/shows\/going-underground\/572019-seymour-hersh-nordstream-pipelines\/\" rel=\"\"><span dir=\"auto\">poprv\u00e9\u00a0<\/span><\/a><span dir=\"auto\">v \u00fanoru 2023 odhalil Seymour Hersh, kterou Rusko\u00a0<\/span><a href=\"https:\/\/www.newsweek.com\/russia-joe-biden-nord-stream-ukraine-sabotage-10788216\" rel=\"\"><span dir=\"auto\">v\u017edy podez\u0159\u00edvalo\u00a0<\/span><\/a><span dir=\"auto\">z viny.\u00a0<\/span><a href=\"https:\/\/www.rt.com\/news\/573428-nord-stream-us-coverup\/\" rel=\"\"><span dir=\"auto\">Podle n\u011bj je\u00a0<\/span><\/a><span dir=\"auto\">v\u00fd\u0161e zm\u00edn\u011bn\u00fd narativ obvi\u0148uj\u00edc\u00ed\u00a0<\/span><a href=\"https:\/\/thealtworld.com\/andrew_korybko\/heres-what-i-learned-from-analyzing-the-new-cold-war-every-day-for-three-years-straight\" rel=\"\"><span dir=\"auto\">Ukrajinu\u00a0<\/span><\/a><span dir=\"auto\">a v men\u0161\u00ed m\u00ed\u0159e Polsko, z jeho\u017e pob\u0159e\u017e\u00ed byla jejich lo\u010f \u00fadajn\u011b vypu\u0161t\u011bna, sou\u010d\u00e1st\u00ed spiknut\u00ed CIA s c\u00edlem zakr\u00fdt, co se skute\u010dn\u011b stalo.<\/span><\/p>\n<p><span dir=\"auto\">Jeho podez\u0159en\u00ed potvrdil \u00fa\u0159aduj\u00edc\u00ed polsk\u00fd ministr zahrani\u010d\u00ed Radek Sikorski, kter\u00fd v t\u00e9 dob\u011b nebyl ve vl\u00e1d\u011b, ale v t\u00e9to roli p\u016fsobil i za Tuskovy p\u0159edchoz\u00ed vl\u00e1dy, pot\u00e9, co hned po teroristick\u00e9m \u00fatoku zve\u0159ejnil\u00a0<\/span><a href=\"https:\/\/www.rt.com\/news\/563632-sikorski-usa-nordstream-poland\/\" rel=\"\"><span dir=\"auto\">tweet \u201eD\u011bkuji, USA\u201c, kter\u00fd byl nyn\u00ed smaz\u00e1n\u00a0<\/span><\/a><span dir=\"auto\">. Polsko se postavilo proti plynovod\u016fm Nord Stream z obavy, \u017ee p\u0159edstavuj\u00ed nov\u00fd\u00a0<\/span><a href=\"https:\/\/korybko.substack.com\/p\/the-molotov-ribbentrop-pact-was-a\" rel=\"\"><span dir=\"auto\">pakt Molotov-Ribbentrop\u00a0<\/span><\/a><span dir=\"auto\">o spole\u010dn\u00e9 vl\u00e1d\u011b ve st\u0159edn\u00ed Evrop\u011b, tak\u017ee je p\u0159irozen\u00e9, \u017ee oslavoval jejich zni\u010den\u00ed. Zde je n\u011bkolik stru\u010dn\u00fdch informac\u00ed o pozad\u00ed:<\/span><\/p>\n<p><span dir=\"auto\">* 9. b\u0159ezna 2023: \u201e\u00a0<\/span><a href=\"https:\/\/korybko.substack.com\/p\/the-us-latest-disinfo-campaign-about\" rel=\"\"><span dir=\"auto\">Nejnov\u011bj\u0161\u00ed americk\u00e1 dezinforma\u010dn\u00ed kampa\u0148 o teroristick\u00fdch \u00fatoc\u00edch na Nord Stream byla p\u0159edem napl\u00e1novan\u00e1\u00a0<\/span><\/a><span dir=\"auto\">.\u201c<\/span><\/p>\n<p><span dir=\"auto\">* 11. \u010dervna 2023: \u201e\u00a0<\/span><a href=\"https:\/\/korybko.substack.com\/p\/the-latest-twist-in-germanys-nord\" rel=\"\"><span dir=\"auto\">Nejnov\u011bj\u0161\u00ed zvrat v n\u011bmeck\u00e9m vy\u0161et\u0159ov\u00e1n\u00ed Nord Stream II vyv\u00edj\u00ed na Polsko v\u011bt\u0161\u00ed tlak\u00a0<\/span><\/a><span dir=\"auto\">\u201c<\/span><\/p>\n<p><span dir=\"auto\">* 9. ledna 2024: \u201e\u00a0<\/span><a href=\"https:\/\/korybko.substack.com\/p\/contextualizing-the-medias-claim\" rel=\"\"><span dir=\"auto\">Kontextualizace tvrzen\u00ed m\u00e9di\u00ed o mo\u017en\u00e9 polsk\u00e9 spolu\u00fa\u010dasti na \u00fatoc\u00edch na Nord Stream\u00a0<\/span><\/a><span dir=\"auto\">\u201c<\/span><\/p>\n<p><span dir=\"auto\">Kdy\u017e se vr\u00e1t\u00edme zp\u011bt do sou\u010dasnosti, je nyn\u00ed mnohem snaz\u0161\u00ed pochopit, pro\u010d Polsko odm\u00edt\u00e1 vydat N\u011bmecku podez\u0159el\u00e9ho z bombov\u00e9ho \u00fatoku na Nord Stream. V\u011bt\u0161ina Pol\u00e1k\u016f teroristick\u00fd \u00fatok, kter\u00fd po\u0161kodil t\u0159i z t\u011bchto \u010dty\u0159 plynovod\u016f, podporuje, tak\u017ee by bylo velmi nepopul\u00e1rn\u00ed d\u011blat cokoli, co by mohlo v\u00e9st k potrest\u00e1n\u00ed kohokoli, kdo se na tom pod\u00edlel (by\u0165 jen nepravd\u011bpodobn\u011b). To by mohlo tak\u00e9 zni\u010dit u\u017e tak mizern\u00e9 vyhl\u00eddky vl\u00e1dnouc\u00ed liber\u00e1ln\u011b-globalistick\u00e9 koalice na setrv\u00e1n\u00ed u moci po p\u0159\u00ed\u0161t\u00edch parlamentn\u00edch volb\u00e1ch na podzim roku 2027.<\/span><\/p>\n<p><span dir=\"auto\">Nav\u00edc \u201e\u0161ed\u00fd kardin\u00e1l\u201c konzervativn\u011b-nacionalistick\u00e9 opozice Jaroslaw Kaczy\u0144ski p\u0159ed t\u00e9m\u011b\u0159 dv\u011bma lety b\u011bhem sv\u00fdch parlamentn\u00edch koment\u00e1\u0159\u016f obvinil Tuska z toho, \u017ee je \u201e\u00a0<\/span><a href=\"https:\/\/rmx.news\/poland\/you-are-a-german-agent-after-tusk-wins-pm-vote-kaczynski-slams-polands-new-liberal-leader\/\" rel=\"\"><span dir=\"auto\">n\u011bmeck\u00fd agent\u00a0<\/span><\/a><span dir=\"auto\">\u201c, co\u017e by se Pol\u00e1k\u016fm zd\u00e1lo v\u011brohodn\u011bj\u0161\u00ed ne\u017e kdy jindy, kdyby se vzep\u0159el ve\u0159ejn\u00e9mu m\u00edn\u011bn\u00ed a vydal podez\u0159el\u00e9ho N\u011bmecku. V takov\u00e9m p\u0159\u00edpad\u011b by N\u011bmecko mohlo zinscenovat monstr\u00f3zn\u00ed proces za \u010d\u00e1ste\u010dn\u00e9 obvin\u011bn\u00ed Polska z utajov\u00e1n\u00ed CIA, co\u017e by po\u0161kodilo jeho pov\u011bst, jeliko\u017e si kone\u010dn\u011b\u00a0<\/span><a href=\"https:\/\/korybko.substack.com\/p\/september-2025-was-the-most-eventful\" rel=\"\"><span dir=\"auto\">obnovuje d\u00e1vno ztracen\u00fd status velmoci\u00a0<\/span><\/a><span dir=\"auto\">.<\/span><\/p>\n<p><a href=\"https:\/\/www.rt.com\/news\/625236-poland-asylum-nord-stream-suspect\/\" rel=\"\"><span dir=\"auto\">Zpr\u00e1vy\u00a0<\/span><\/a><span dir=\"auto\">o tom, \u017ee Sikorski zva\u017euje ud\u011blen\u00ed azylu podez\u0159el\u00e9mu, a Tusk\u016fv\u00a0<\/span><a href=\"https:\/\/x.com\/donaldtusk\/status\/1975570626682495482\" rel=\"\"><span dir=\"auto\">ned\u00e1vn\u00fd tweet\u00a0<\/span><\/a><span dir=\"auto\">\u201eProbl\u00e9m se Severn\u00edm proudem 2 nen\u00ed v tom, \u017ee byl vyhozen do pov\u011bt\u0159\u00ed. Probl\u00e9m je v tom, \u017ee byl postaven\u201c, sice v o\u010d\u00edch n\u011bkter\u00fdch Polsko zkresluj\u00ed, ale pravd\u011bpodobn\u011b maj\u00ed za c\u00edl trollovat N\u011bmecko. Polsko a Rusko se v dne\u0161n\u00ed dob\u011b jen z\u0159\u00eddka na n\u011b\u010dem shodnou, ale zaj\u00edmav\u00e9 je, \u017ee na\u0161ly spole\u010dnou \u0159e\u010d v opozici proti n\u011bmeck\u00e9mu p\u0159esv\u011bd\u010den\u00ed ovlivn\u011bn\u00e9mu CIA, \u017ee tento \u00fatok provedli ukrajin\u0161t\u00ed pot\u00e1p\u011b\u010di, ka\u017ed\u00fd samoz\u0159ejm\u011b ze sv\u00fdch vlastn\u00edch d\u016fvod\u016f.<\/span><\/p>\n<div class=\"subscribe-widget\" data-component-name=\"SubscribeWidget\">\n<div class=\"pencraft pc-display-flex pc-justifyContent-center pc-reset\">\n<div class=\"container-IpPqBD\">\n<form class=\"form form-M5sC90\" action=\"https:\/\/korybko.substack.com\/api\/v1\/free?nojs=true\" method=\"post\" novalidate=\"\">\n<div class=\"sideBySideWrap-vGXrwP\"><a href=\"https:\/\/korybko.substack.com\/p\/why-does-poland-refuse-to-hand-over?utm_source=post-email-title&amp;publication_id=835783&amp;post_id=175684395&amp;utm_campaign=email-post-title&amp;isFreemail=true&amp;r=pf6gr&amp;triedRedirect=true&amp;utm_medium=email\">Andrew Korybko, PhD<\/a><\/div>\n<div>\n<img decoding=\"async\" loading=\"lazy\" class=\"alignnone  wp-image-22017\" src=\"http:\/\/www.infokuryr.cz\/n\/wp-content\/uploads\/2023\/01\/andrew-korybko-300x300.jpg\" alt=\"\" width=\"181\" height=\"181\" srcset=\"https:\/\/www.infokuryr.cz\/n\/wp-content\/uploads\/2023\/01\/andrew-korybko-300x300.jpg 300w, https:\/\/www.infokuryr.cz\/n\/wp-content\/uploads\/2023\/01\/andrew-korybko-150x150.jpg 150w, https:\/\/www.infokuryr.cz\/n\/wp-content\/uploads\/2023\/01\/andrew-korybko.jpg 400w\" sizes=\"(max-width: 181px) 100vw, 181px\" \/><\/div>\n<div><\/div>\n<\/form>\n<\/div>\n<\/div>\n<\/div>\n","protected":false},"excerpt":{"rendered":"<p>Tusk by se vzep\u0159el ve\u0159ejn\u00e9mu m\u00edn\u011bn\u00ed, zni\u010dil by u\u017e tak mizern\u00e9 vyhl\u00eddky vl\u00e1dnouc\u00ed liber\u00e1ln\u011b-globalistick\u00e9 koalice&#8230;<\/p>\n","protected":false},"author":2,"featured_media":81047,"comment_status":"closed","ping_status":"closed","sticky":false,"template":"","format":"standard","meta":[],"categories":[7],"tags":[1042,415,7835,31,300],"_links":{"self":[{"href":"https:\/\/www.infokuryr.cz\/n\/wp-json\/wp\/v2\/posts\/89585"}],"collection":[{"href":"https:\/\/www.infokuryr.cz\/n\/wp-json\/wp\/v2\/posts"}],"about":[{"href":"https:\/\/www.infokuryr.cz\/n\/wp-json\/wp\/v2\/types\/post"}],"author":[{"embeddable":true,"href":"https:\/\/www.infokuryr.cz\/n\/wp-json\/wp\/v2\/users\/2"}],"replies":[{"embeddable":true,"href":"https:\/\/www.infokuryr.cz\/n\/wp-json\/wp\/v2\/comments?post=89585"}],"version-history":[{"count":1,"href":"https:\/\/www.infokuryr.cz\/n\/wp-json\/wp\/v2\/posts\/89585\/revisions"}],"predecessor-version":[{"id":89586,"href":"https:\/\/www.infokuryr.cz\/n\/wp-json\/wp\/v2\/posts\/89585\/revisions\/89586"}],"wp:featuredmedia":[{"embeddable":true,"href":"https:\/\/www.infokuryr.cz\/n\/wp-json\/wp\/v2\/media\/81047"}],"wp:attachment":[{"href":"https:\/\/www.infokuryr.cz\/n\/wp-json\/wp\/v2\/media?parent=89585"}],"wp:term":[{"taxonomy":"category","embeddable":true,"href":"https:\/\/www.infokuryr.cz\/n\/wp-json\/wp\/v2\/categories?post=89585"},{"taxonomy":"post_tag","embeddable":true,"href":"https:\/\/www.infokuryr.cz\/n\/wp-json\/wp\/v2\/tags?post=89585"}],"curies":[{"name":"wp","href":"https:\/\/api.w.org\/{rel}","templated":true}]}}