{"id":89532,"date":"2025-10-10T00:24:59","date_gmt":"2025-10-09T22:24:59","guid":{"rendered":"https:\/\/www.infokuryr.cz\/n\/?p=89532"},"modified":"2025-10-09T13:09:49","modified_gmt":"2025-10-09T11:09:49","slug":"peter-haisenko-drony-merz-a-zarucena-nevedomost","status":"publish","type":"post","link":"https:\/\/www.infokuryr.cz\/n\/2025\/10\/10\/peter-haisenko-drony-merz-a-zarucena-nevedomost\/","title":{"rendered":"Peter Haisenko: Drony, Merz a zaru\u010den\u00e1 nev\u011bdomost"},"content":{"rendered":"<div id=\"fb-root\"><\/div>\n<p class=\"bodytext\"><span dir=\"auto\">N\u011bmeck\u00fd kancl\u00e9\u0159 Friedrich Merz v ned\u011bli hovo\u0159il s Caren Miosga o ned\u00e1vn\u00fdch \u201eincidentech s drony\u201c. Merz vysv\u011btlil, \u017ee a\u010dkoliv neexistuj\u00ed \u017e\u00e1dn\u00e9 d\u016fkazy, Rusko za nimi rozhodn\u011b stoj\u00ed a Putin n\u00e1s cht\u011bl \u201eotestovat\u201c. Pokud to Merz \u0159\u00edk\u00e1, pak je v\u0161echno jasn\u00e9. Nebo ne?<\/span><\/p>\n<p class=\"bodytext\"><span dir=\"auto\">Te\u010f mus\u00edm b\u00fdt opatrn\u00fd, proto\u017ee existuj\u00ed ur\u010dit\u00e9 atributy, kter\u00e9 nelze politikovi \u201ena\u0161\u00ed demokracie\u201c beztrestn\u011b p\u0159ipisovat. I kdy\u017e jsou p\u0159esn\u00e9, nebo proto, \u017ee jsou p\u0159esn\u00e9. Ale jak byste nazvali n\u011bkoho, kdo \u0159\u00edk\u00e1: \u201eNic nev\u00edme, ale byl to Putin?\u201c Z jak\u00e9ho nadpozemsk\u00e9ho zdroje n\u011bkdo takov\u00fd \u010derp\u00e1 sv\u00e9 jist\u00e9 znalosti? Ale \u017eerty stranou, v dob\u011b satelitn\u00edho sledov\u00e1n\u00ed nepot\u0159ebujete k \u0161pion\u00e1\u017ei drony. Ano, pro pr\u016fzkum v re\u00e1ln\u00e9m \u010dase na boji\u0161ti je to jin\u00e1 v\u011bc. Ale u\u017e v roce 1970 USA ozn\u00e1mily, \u017ee mohou z satelitn\u00edch sn\u00edmk\u016f ur\u010dit mor\u00e1lku sv\u00fdch voj\u00e1k\u016f ve Vietnamu. Neoholen\u00fd obli\u010dej odr\u00e1\u017e\u00ed jinak ne\u017e oholen\u00fd a pokud se nehol\u00edte spr\u00e1vn\u011b, nebojujete s pln\u00fdm nasazen\u00edm. V\u00edme, jak moc se kvalita satelitn\u00edch sn\u00edmk\u016f za posledn\u00edch n\u011bkolik desetilet\u00ed zlep\u0161ila.<\/span><\/p>\n<p class=\"bodytext\"><span dir=\"auto\">Tak\u017ee nad evropsk\u00fdmi leti\u0161ti byly spat\u0159eny drony. To m\u011b vede k ot\u00e1zce, jak je bylo mo\u017en\u00e9 vid\u011bt, pokud se sna\u017eily \u0161pehovat. Ve tm\u011b, v noci. Vid\u011bli jste tak\u00e9 videa t\u011bchto dron\u016f? Ano, mohli jste je vid\u011bt. Nebo ne? Dali jste je vid\u011bt, proto\u017ee m\u011bly sv\u011btla, z nich\u017e n\u011bkter\u00e1 blikala jako pozi\u010dn\u00ed sv\u011btla letadla nebo vrtuln\u00edku. Jak hloup\u00ed mus\u00edte b\u00fdt, abyste v noci sv\u00edtili na \u0161pion\u00e1\u017en\u00ed dron? Putin, Rusov\u00e9, nejsou hloup\u00ed. Kdokoli s t\u011bmito drony \u0159\u00eddil, cht\u011bl, aby byly vid\u011bny. To vylu\u010duje \u0161pion\u00e1\u017en\u00ed misi. Ale jak\u00fd to m\u00e1 pak smysl? Lidem na Z\u00e1pad\u011b se mus\u00ed \u0159\u00edkat, \u017ee si bezpodm\u00edne\u010dn\u011b mus\u00ed budovat zbrojen\u00ed. Kv\u016fli vymy\u0161len\u00e9mu nep\u0159\u00edteli, kter\u00fd ani nechce \u00fato\u010dit. Proto\u017ee v\u011bt\u0161ina nechce budovat zbrojen\u00ed. Mus\u00edte lidi pova\u017eovat za bl\u00e1zny.<\/span><\/p>\n<h3 class=\"bodytext\"><strong><span dir=\"auto\">Uzav\u00edr\u00e1n\u00ed leti\u0161\u0165 m\u00e1 dopad na ve\u0159ejnost<\/span><\/strong><\/h3>\n<p class=\"bodytext\"><span dir=\"auto\">Tak\u017ee se leti\u0161t\u011b zav\u00edraj\u00ed, proto\u017ee byly spat\u0159eny drony. Ale takov\u00fd dron nem\u00e1 v\u011bt\u0161\u00ed hmotnost ne\u017e husa \u0161ed\u00e1. Zav\u00edraj\u00ed se leti\u0161t\u011b proto, \u017ee v oblasti byly spat\u0159eny husy \u0161ed\u00e9 nebo \u010d\u00e1pi? Samoz\u0159ejm\u011b \u017ee ne, proto\u017ee by nikdo nev\u011b\u0159il, \u017ee husy byly vysl\u00e1ny a \u0159\u00edzeny Putinem. Ale takhle se poh\u00e1dky \u0161iroce \u0161\u00ed\u0159ily. A samoz\u0159ejm\u011b byla podez\u0159el\u00e1, zabavena a \u00fadajn\u011b zodpov\u011bdn\u00e1 i lo\u010f. Samoz\u0159ejm\u011b jedna z rusk\u00e9 takzvan\u00e9 st\u00ednov\u00e9 flotily. Skute\u010dnost, \u017ee j\u00ed bylo dovoleno plout d\u00e1l, u\u017e nen\u00ed velk\u00fd probl\u00e9m. Stejn\u011b tak nen\u00ed d\u016fle\u017eit\u00e9, \u017ee v Oslu byli zat\u010deni t\u0159i N\u011bmci, kte\u0159\u00ed \u00fadajn\u011b drony provozovali. Ve Finsku byli t\u0159i obvin\u011bn\u00ed \u010dlenov\u00e9 pos\u00e1dky lodi, kter\u00e1 \u00fadajn\u011b p\u0159eru\u0161ila podmo\u0159sk\u00e9 kabely v Baltsk\u00e9m mo\u0159i, osvobozeni, propu\u0161t\u011bni a od\u0161kodn\u011bni. Nesly\u0161eli jste to? To m\u011b nep\u0159ekvapuje.<\/span><\/p>\n<p class=\"bodytext\"><span dir=\"auto\">Kr\u00e1tk\u00e1 pozn\u00e1mka k nebezpe\u010d\u00ed, kter\u00e9 p\u0159edstavuj\u00ed mal\u00e9 drony pro velk\u00e1 letadla. Znal jsem kapit\u00e1na Condoru, kter\u00fd vypr\u00e1v\u011bl, jak mu do p\u0159ist\u00e1vac\u00edho letadla narazila Cessna s jeho Boeingem 737 a pak se mu \u201eomotala\u201c kolem k\u0159\u00eddla. N\u00e1sledn\u00e9 p\u0159ist\u00e1n\u00ed bylo bezprobl\u00e9mov\u00e9 \u2013 ale ne pro Cessnu. Pokud se dron zachyt\u00ed o motor, pravd\u011bpodobn\u011b se po\u0161kod\u00ed. Ale co z toho? To nezni\u010d\u00ed komer\u010dn\u00ed letadlo. Jednou se mi v Nairobi poda\u0159ilo za\u017e\u00edt, \u017ee dron z Mil\u00e1na narazil do motoru. Chv\u00edli to p\u00e1chlo sp\u00e1len\u00fdm pe\u0159\u00edm, ale motor d\u00e1l b\u011b\u017eel perfektn\u011b. Komer\u010dn\u00ed letadlo se tak snadno nehavaruje.<\/span><\/p>\n<h3 class=\"bodytext\"><strong><span dir=\"auto\">Co by se m\u011blo testovat?<\/span><\/strong><\/h3>\n<p class=\"bodytext\"><span dir=\"auto\">Kancl\u00e9\u0159 Merz \u0159\u00edk\u00e1, \u017ee n\u00e1s Putin chce testovat. Co za nesmysl, co\u017e samoz\u0159ejm\u011b ani s\u00e1m nevysv\u011btluje. Co se testuje? Dok\u00e1\u017ee NATO detekovat jasn\u011b osv\u011btlen\u00e9 drony, kdy\u017e let\u00ed no\u010dn\u00ed oblohou? Vzhledem k stavu Bundeswehru by to bylo zaj\u00edmav\u00e9 zjistit. Ale i tento test selhal. Nebyl to Bundeswehr, ale civiln\u00ed agentury, kdo tyto drony spat\u0159il. Pokud n\u011bkdo n\u011bco testuje, je to Z\u00e1pad. Konkr\u00e9tn\u011b aby se zjistilo, jak dalece budou ob\u010dan\u00e9 v\u011b\u0159it ka\u017ed\u00e9mu nesmyslu. V\u0161echny tyto drony mohly b\u00fdt vypu\u0161t\u011bny pouze ze zem\u011b, vzhledem k jejich velmi omezen\u00e9mu doletu a rychlosti. Tak\u017ee v\u011b\u0159\u00ed s\u00e1m Merz tomu, co chrl\u00ed? Mysl\u00ed si, \u017ee tu u\u017e sed\u00ed ru\u0161t\u00ed agenti a hraj\u00ed si, promi\u0148te, \u0161pehuj\u00ed s drony? Op\u011bt si netrouf\u00e1m na tyto ot\u00e1zky odpov\u011bd\u011bt vhodn\u00fdm zp\u016fsobem, proto\u017ee by to mohlo naru\u0161it mou pohodu.<\/span><\/p>\n<h3 class=\"bodytext\"><strong><span dir=\"auto\">Vojensk\u00e9 drony existuj\u00ed ji\u017e des\u00edtky let<\/span><\/strong><\/h3>\n<p class=\"bodytext\"><span dir=\"auto\">V\u0161echny \u0159\u00edzen\u00e9 st\u0159ely jsou drony. V\u0161echny vzdu\u0161n\u00e9 zbran\u011b, kter\u00e9 nenesou \u010dlov\u011bka, jsou drony. Americk\u00e9 drony \u201eReaper\u201c od roku 2006 zavra\u017edily tis\u00edce lid\u00ed, civilist\u016f, po cel\u00e9m sv\u011bt\u011b. V\u0161echny tyto drony jsou v\u0161ak \u0159\u00edzeny, nebo alespo\u0148 programov\u00e1ny, lidmi. U americk\u00fdch dron\u016f jejich \u201epiloti\u201c bezpe\u010dn\u011b sed\u00ed v klimatizovan\u00fdch m\u00edstnostech v americk\u00e9 domovin\u011b a \u0159\u00eddic\u00ed sign\u00e1ly jsou p\u0159en\u00e1\u0161eny do c\u00edlov\u00fdch oblast\u00ed p\u0159es Ramstein. Mal\u00e9 bojov\u00e9 a pr\u016fzkumn\u00e9 drony, nasazen\u00e9 p\u0159\u00edmo na frontov\u00e9 linii, jsou spot\u0159ebn\u00ed materi\u00e1l s doletem asi 25 kilometr\u016f. B\u00e1t se jich mus\u00edte, pouze pokud stoj\u00edte proti sob\u011b na frontov\u00e9 linii.<\/span><\/p>\n<p class=\"bodytext\"><span dir=\"auto\">Jak\u00fd m\u00e1 tedy smysl po\u017eadovat pro N\u011bmecko nebo NATO syst\u00e9m obrany proti dron\u016fm? Pokud by skute\u010dn\u011b do\u0161lo k v\u00e1lce proti Rusku, tyto mal\u00e9 drony budou t\u00edm nejmen\u0161\u00edm probl\u00e9mem, proto\u017ee s Ruskem nebude p\u0159\u00edm\u00e1 fronta. Rusk\u00e9 rakety, na druhou stranu, zejm\u00e9na \u201eOre\u0161nik\u201c, nelze zachytit. Cel\u00fd ten cirkus s drony je nesmysl; je to jen dal\u0161\u00ed propagandistick\u00fd trik, kter\u00fd m\u00e1 uvolnit je\u0161t\u011b v\u00edce pen\u011bz na zbrojen\u00ed a samoz\u0159ejm\u011b udr\u017eovat lidi v iracion\u00e1ln\u00edm strachu. Teprve a\u017e prvn\u00ed Ore\u0161nik zas\u00e1hne N\u011bmecko, bude moci pan Merz s jistotou \u0159\u00edct, \u017ee to byl pozdrav od Putina. Do t\u00e9 doby plat\u00ed pro v\u0161echny drony spat\u0159en\u00e9 nad z\u00e1padn\u00ed Evropou n\u00e1sleduj\u00edc\u00ed: i kdy\u017e neexistuj\u00ed \u017e\u00e1dn\u00e9 d\u016fkazy, Rusko za t\u00edm rozhodn\u011b stoj\u00ed a Putin n\u00e1s chce \u201eotestovat\u201c. Jen obvykl\u00e1 propagandistick\u00e1 obvin\u011bn\u00ed, kter\u00e1 nevy\u017eaduj\u00ed \u017e\u00e1dn\u00e9 d\u016fkazy, proto\u017ee obvin\u011bn\u00ed proti Rusku \u017e\u00e1dn\u00e9 d\u016fkazy nevy\u017eaduj\u00ed. Hlavn\u00ed je, \u017ee n\u00e1\u0161 kancl\u00e9\u0159 v\u00ed, kdo za t\u00edm \u201erozhodn\u011b\u201c stoj\u00ed.<\/span><\/p>\n<p><a href=\"https:\/\/www.anderweltonline.com\/klartext\/klartext-20252\/drohnen-merz-und-das-gesicherte-nichtwissen\/\">Peter Haisenko<\/a><\/p>\n<p>&nbsp;<\/p>\n","protected":false},"excerpt":{"rendered":"<p>N\u011bmeck\u00fd kancl\u00e9\u0159 Friedrich Merz v ned\u011bli hovo\u0159il s Caren Miosga o ned\u00e1vn\u00fdch \u201eincidentech s drony\u201c&#8230;.<\/p>\n","protected":false},"author":2,"featured_media":88698,"comment_status":"closed","ping_status":"closed","sticky":false,"template":"","format":"standard","meta":[],"categories":[7],"tags":[2856,806,8211,84],"_links":{"self":[{"href":"https:\/\/www.infokuryr.cz\/n\/wp-json\/wp\/v2\/posts\/89532"}],"collection":[{"href":"https:\/\/www.infokuryr.cz\/n\/wp-json\/wp\/v2\/posts"}],"about":[{"href":"https:\/\/www.infokuryr.cz\/n\/wp-json\/wp\/v2\/types\/post"}],"author":[{"embeddable":true,"href":"https:\/\/www.infokuryr.cz\/n\/wp-json\/wp\/v2\/users\/2"}],"replies":[{"embeddable":true,"href":"https:\/\/www.infokuryr.cz\/n\/wp-json\/wp\/v2\/comments?post=89532"}],"version-history":[{"count":0,"href":"https:\/\/www.infokuryr.cz\/n\/wp-json\/wp\/v2\/posts\/89532\/revisions"}],"wp:featuredmedia":[{"embeddable":true,"href":"https:\/\/www.infokuryr.cz\/n\/wp-json\/wp\/v2\/media\/88698"}],"wp:attachment":[{"href":"https:\/\/www.infokuryr.cz\/n\/wp-json\/wp\/v2\/media?parent=89532"}],"wp:term":[{"taxonomy":"category","embeddable":true,"href":"https:\/\/www.infokuryr.cz\/n\/wp-json\/wp\/v2\/categories?post=89532"},{"taxonomy":"post_tag","embeddable":true,"href":"https:\/\/www.infokuryr.cz\/n\/wp-json\/wp\/v2\/tags?post=89532"}],"curies":[{"name":"wp","href":"https:\/\/api.w.org\/{rel}","templated":true}]}}